{"id":46370,"date":"2024-11-07T12:20:57","date_gmt":"2024-11-07T15:20:57","guid":{"rendered":"https:\/\/atecordoba.org\/?p=46370"},"modified":"2024-11-07T12:59:05","modified_gmt":"2024-11-07T15:59:05","slug":"caso-arali-infancias-juventudes-y-familias-vulneradas","status":"publish","type":"post","link":"https:\/\/atecordoba.org\/?p=46370","title":{"rendered":"Caso Aral\u00ed: infancias, juventudes y familias vulneradas"},"content":{"rendered":"<p><img loading=\"lazy\" decoding=\"async\" class=\"aligncenter wp-image-46371 \" src=\"https:\/\/atecordoba.org\/wp-content\/uploads\/2024\/11\/arali.avif\" alt=\"\" width=\"621\" height=\"406\" srcset=\"https:\/\/atecordoba.org\/wp-content\/uploads\/2024\/11\/arali.avif 980w, https:\/\/atecordoba.org\/wp-content\/uploads\/2024\/11\/arali-300x196.avif 300w, https:\/\/atecordoba.org\/wp-content\/uploads\/2024\/11\/arali-768x502.avif 768w, https:\/\/atecordoba.org\/wp-content\/uploads\/2024\/11\/arali-750x490.avif 750w\" sizes=\"auto, (max-width: 621px) 100vw, 621px\" \/><\/p>\n<p><strong>Por Irina Silberman, dirigente de ATE y CTAA, ex trabajadora de la SENAF.<\/strong><\/p>\n<p>El horror vivido en la localidad cordobesa de Brinkmann, Departamento San Justo, es un hecho que se suma a la gran cadena de sucesos grav\u00edsimos que venimos denunciando desde hace a\u00f1os diferentes organizaciones sociales, pol\u00edticas y trabajadores del \u00e1rea de ni\u00f1ez, juventud y familia nucleados en ATE y CTAA C\u00f3rdoba.<\/p>\n<p>El caso de Aral\u00ed, no est\u00e1 aislado del contexto social, pol\u00edtico y econ\u00f3mico en el que estamos insertos, donde prima la falta de pol\u00edticas tendientes, no s\u00f3lo a atender estos casos, sino centrados en la prevenci\u00f3n.<\/p>\n<p><strong>SENAF<\/strong><\/p>\n<p>La SENAF es noticia hace a\u00f1os por fallas en los dispositivos e intervenciones, por reiteradas denuncias de abusos sexuales en las residencias que deber\u00edan contener a estos ni\u00f1os y ni\u00f1as, por edificios que se caen a pedazos, por el poco personal disponible y la mayor\u00eda en condiciones de precarizaci\u00f3n laboral y con sueldos de pobreza y hasta indigencia, porque los pibes y las pibas asistidos por la Secretar\u00eda siguen siendo v\u00edctima de la vulneraci\u00f3n de derechos. Esto se convierte en una cadena que parece no tener final.<\/p>\n<p>En C\u00f3rdoba, ni\u00f1os, ni\u00f1as y j\u00f3venes que no tienen acceso a pol\u00edticas tendientes a la garant\u00eda de derechos tales como salud, educaci\u00f3n o cultura de calidad, en alg\u00fan momento ser\u00e1n adultos, padres que s\u00f3lo han vivido en contextos de extrema violencia, consumo problem\u00e1tico de sustancias y no acceso a derechos b\u00e1sicos, lo que abre la posibilidad de que reproduzcan los delitos que sufrieron.<\/p>\n<p>En ese marco, es imposible que los profesionales, trabajadores y trabajadoras de SENAF, puedan atender la gran cantidad de casos ya que el personal es poco, precarizado y sumidos en la pobreza. Se le suma la escasez de recursos que hay para desarrollar las tareas, como no contar con veh\u00edculos que los traslade a los lugares donde habitan las familias y a su vez, la carencia de ofertas que le permitan la inclusi\u00f3n en programas de formaci\u00f3n laboral, de salud, de prevenci\u00f3n de consumo de sustancias, de atenci\u00f3n a las violencias de g\u00e9nero, escuelas.<\/p>\n<p>Por m\u00e1s buena voluntad de los trabajadores, no alcanza. Debe ir acompa\u00f1ada de pol\u00edticas reales y globales tendiente a la prevenci\u00f3n y la transformaci\u00f3n de las realidades de los miles de pibas y pibes de nuestra provincia y nuestro pa\u00eds.<\/p>\n<p><strong>Poder Judicial<\/strong><\/p>\n<p>Otra arista, no menos importante, es la mirada desde el Poder Judicial y el poder pol\u00edtico respecto a las infancias y juventudes populares, que pone el foco en que la responsabilidad de los hechos de violencias e inseguridad se origina en la vulneraci\u00f3n extrema que viven desde hace varias generaciones.<\/p>\n<p>Esto deriva en el foco actual que realiza la agenda oficial sobre las infancias y las juventudes en la idea de bajar la edad de punibilidad. Pero es el Estado quien debe garantizar la seguridad, de garantizar vidas saludables, inclusivas y amorosas. Los ni\u00f1os y ni\u00f1as no son responsables de vivir con hambre, sin acceso a la salud, vincul\u00e1ndose a trav\u00e9s de la violencia desde la panza.<\/p>\n<p>Esta mirada criminalizadora de los sectores populares, instalada desde los medios hegem\u00f3nicos de comunicaci\u00f3n con una intencionalidad pol\u00edtica clara, consecuente con la pol\u00edtica implementada por el presidente Milei y su aliado, el gobernador Llaryora, vino a profundizar a\u00fan m\u00e1s el vaciamiento de las instituciones p\u00fablicas que atienden a estas poblaciones y al corrimiento del estado en los territorios, situaci\u00f3n que a su vez profundiza la vulneraci\u00f3n y desprotecci\u00f3n de las infancias y juventudes.<\/p>\n<p><strong>Vaciamiento del Estado y abandono de infancias y juventudes<\/strong><\/p>\n<p>La pol\u00edtica de Milei ha venido atacando a diario a los sectores m\u00e1s empobrecidos y vulnerables, y se expresa en el cierre de instituciones que velan por garantizar derechos a estas poblaciones como la Secretar\u00eda de G\u00e9neros y Diversidades, el INADI, etc.<\/p>\n<p>En el caso particular de las infancias degrad\u00f3 a Secretar\u00eda el ex Ministerio de Desarrollo Social de la Naci\u00f3n, al tiempo que hizo desaparecer los Centros de Referencia del ministerio en las provincias, donde -no por casualidad- desarrollaba sus funciones la SENNAF nacional.<\/p>\n<p>En C\u00f3rdoba, sufrieron el despido m\u00e1s de 30 compa\u00f1eras y compa\u00f1eros cuyo trabajo consist\u00eda en garantizar derechos en cada rinc\u00f3n del territorio provincial.<\/p>\n<p>Es por eso que decimos, que mientras no haya pol\u00edticas que garanticen el acceso a derechos b\u00e1sicos, mientras el Estado sea cada vez m\u00e1s chico y alejado de las m\u00faltiples realidades que vivimos las y los ciudadanos, mientras se sigan fogoneando discursos de odio y violencias, estos hechos no ser\u00e1n aislados.<\/p>\n<p>El Estado es responsable de Aral\u00ed y de todos y todas las ni\u00f1as y j\u00f3venes violentados por la ausencia, por el odio y por pol\u00edticas que no garantizan la construcci\u00f3n de una patria justa, libre y soberana.<\/p>\n","protected":false},"excerpt":{"rendered":"<p>Por Irina Silberman, dirigente de ATE y CTAA, ex trabajadora de la SENAF. El horror vivido en la localidad cordobesa de Brinkmann, Departamento San Justo, es un hecho que se suma a la gran cadena de sucesos grav\u00edsimos que venimos denunciando desde hace a\u00f1os diferentes organizaciones sociales, pol\u00edticas y trabajadores del \u00e1rea de ni\u00f1ez, juventud [&hellip;]<\/p>\n","protected":false},"author":7,"featured_media":46372,"comment_status":"open","ping_status":"open","sticky":false,"template":"","format":"standard","meta":{"_exactmetrics_skip_tracking":false,"_exactmetrics_sitenote_active":false,"_exactmetrics_sitenote_note":"","_exactmetrics_sitenote_category":0,"jnews-multi-image_gallery":[],"jnews_single_post":{"format":"standard","override":[{"template":"1","parallax":"1","fullscreen":"1","layout":"no-sidebar-narrow","sidebar":"default-sidebar","second_sidebar":"default-sidebar","sticky_sidebar":"1","share_position":"bottom","share_float_style":"share-monocrhome","show_share_counter":"1","show_view_counter":"1","show_post_meta":"1","show_post_author_image":"1","show_post_date":"1","post_date_format":"default","post_date_format_custom":"Y\/m\/d","show_post_category":"1","show_post_reading_time":"0","post_reading_time_wpm":"300","post_calculate_word_method":"str_word_count","show_zoom_button":"0","zoom_button_out_step":"2","zoom_button_in_step":"3","show_post_tag":"1","number_popup_post":"1","show_post_related":"1","show_inline_post_related":"0"}],"image_override":[{"single_post_thumbnail_size":"crop-500","single_post_gallery_size":"crop-500"}],"trending_post_position":"meta","trending_post_label":"Trending","sponsored_post_label":"Sponsored by","disable_ad":"0"},"jnews_primary_category":[],"jnews_social_meta":[],"jnews_review":[],"enable_review":"","type":"percentage","name":"","summary":"","brand":"","sku":"","good":[],"bad":[],"score_override":"","override_value":"","rating":[],"price":[],"jnews_override_counter":{"view_counter_number":"0","share_counter_number":"0","like_counter_number":"0","dislike_counter_number":"0"},"jnews_post_split":{"post_split":[{"template":"1","tag":"h2","numbering":"asc","mode":"normal","first":"0","enable_toc":"0","toc_type":"normal"}]},"footnotes":""},"categories":[350],"tags":[1408,1160,1407,1383,1246,457],"class_list":["post-46370","post","type-post","status-publish","format-standard","has-post-thumbnail","hentry","category-opinion","tag-brinkmann","tag-cordoba-2","tag-crimen-arali","tag-infancias","tag-juventudes","tag-senaf"],"jetpack_featured_media_url":"https:\/\/atecordoba.org\/wp-content\/uploads\/2024\/11\/brinkmann-e1730992847783.png","_links":{"self":[{"href":"https:\/\/atecordoba.org\/index.php?rest_route=\/wp\/v2\/posts\/46370","targetHints":{"allow":["GET"]}}],"collection":[{"href":"https:\/\/atecordoba.org\/index.php?rest_route=\/wp\/v2\/posts"}],"about":[{"href":"https:\/\/atecordoba.org\/index.php?rest_route=\/wp\/v2\/types\/post"}],"author":[{"embeddable":true,"href":"https:\/\/atecordoba.org\/index.php?rest_route=\/wp\/v2\/users\/7"}],"replies":[{"embeddable":true,"href":"https:\/\/atecordoba.org\/index.php?rest_route=%2Fwp%2Fv2%2Fcomments&post=46370"}],"version-history":[{"count":2,"href":"https:\/\/atecordoba.org\/index.php?rest_route=\/wp\/v2\/posts\/46370\/revisions"}],"predecessor-version":[{"id":46374,"href":"https:\/\/atecordoba.org\/index.php?rest_route=\/wp\/v2\/posts\/46370\/revisions\/46374"}],"wp:featuredmedia":[{"embeddable":true,"href":"https:\/\/atecordoba.org\/index.php?rest_route=\/wp\/v2\/media\/46372"}],"wp:attachment":[{"href":"https:\/\/atecordoba.org\/index.php?rest_route=%2Fwp%2Fv2%2Fmedia&parent=46370"}],"wp:term":[{"taxonomy":"category","embeddable":true,"href":"https:\/\/atecordoba.org\/index.php?rest_route=%2Fwp%2Fv2%2Fcategories&post=46370"},{"taxonomy":"post_tag","embeddable":true,"href":"https:\/\/atecordoba.org\/index.php?rest_route=%2Fwp%2Fv2%2Ftags&post=46370"}],"curies":[{"name":"wp","href":"https:\/\/api.w.org\/{rel}","templated":true}]}}