{"id":4636,"date":"2014-10-22T17:57:36","date_gmt":"2014-10-22T20:57:36","guid":{"rendered":"http:\/\/www.atecordoba.org\/?p=4636"},"modified":"2014-10-22T17:57:36","modified_gmt":"2014-10-22T20:57:36","slug":"por-asamblea-el-viernes-el-hospital-neonatal-resentira-la-atencion","status":"publish","type":"post","link":"https:\/\/atecordoba.org\/?p=4636","title":{"rendered":"Por asamblea, el viernes el Hospital Neonatal resentir\u00e1 la atenci\u00f3n"},"content":{"rendered":"<div><em>En el marco del plan de lucha que ATE viene desarrollando en los hospitales provinciales, el pr\u00f3ximo viernes <span id=\"OBJ_PREFIX_DWT218_com_zimbra_date\" class=\"Object\">24 de octubre<\/span> los trabajadores del Hospital Neonatal realizar\u00e1n una asamblea en el centro de salud que resentir\u00e1 la atenci\u00f3n de los pacientes a partir de las 7 horas y hasta las 13. <\/em><\/div>\n<div><a href=\"http:\/\/www.atecordoba.org\/wp-content\/uploads\/2014\/10\/IMG-20140918-WA0005-e1414011379758.jpg\"><img loading=\"lazy\" decoding=\"async\" class=\"aligncenter  wp-image-4637\" src=\"http:\/\/www.atecordoba.org\/wp-content\/uploads\/2014\/10\/IMG-20140918-WA0005-e1414011379758.jpg\" alt=\"IMG-20140918-WA0005\" width=\"446\" height=\"335\" \/><\/a><\/div>\n<div>De esta forma, no funcionar\u00e1 el turnero, ni los servicios de archivo, laboratorio, hemoterapia, rayos, ecograf\u00eda y laboratorios externos. S\u00f3lo estar\u00e1 garantizada la atenci\u00f3n de urgencias que ingresen por guardia, tal como lo establece la ley y se suspenden las cirug\u00edas programadas.<\/div>\n<div>El Neonatal se encuentra en estado de asamblea permanente en reclamo de reapertura de paritarias con el objetivo de lograr una recomposici\u00f3n salarial, dada la p\u00e9rdida de poder adquisitivo de los salarios, producto de la escalada inflacionario que supera largamente la pauta salarial que otorg\u00f3 la provincia. Los trabajadores rechazan el bono de fin de a\u00f1o que distintas versiones period\u00edsticas vienen difundiendo los \u00faltimos d\u00edas, ya que solicitan que la recomposici\u00f3n salarial se incluya en el salario b\u00e1sico, dados la cantidad de adicionales se cobran actualmente.<\/div>\n<div>En ese marco, le plenario de delegados provinciales reunido <span id=\"OBJ_PREFIX_DWT219_com_zimbra_date\" class=\"Object\">hoy<\/span> en ATE resolvi\u00f3 expresarse por:<\/div>\n<div>1)Reapertura de paritarias.<\/div>\n<div>2) rechazo al al bono.<\/div>\n<div>3)salario inicial igual a la canasta familiar.<\/div>\n<div>4)todos los adicionales al salario b\u00e1sico.<\/div>\n<div>5)pase a planta permanente de trabajadores precarizados.<\/div>\n<div>A su vez, el plenario program\u00f3 para el pr\u00f3ximo martes <span id=\"OBJ_PREFIX_DWT220_com_zimbra_date\" class=\"Object\">28 de octubre<\/span> una jornada de protesta de todos los sectores con concentraci\u00f3n a las 10.30 en el Polo Sanitario.<\/div>\n<p>&nbsp;<\/p>\n","protected":false},"excerpt":{"rendered":"<p>En el marco del plan de lucha que ATE viene desarrollando en los hospitales provinciales, el pr\u00f3ximo viernes 24 de octubre los trabajadores del Hospital Neonatal realizar\u00e1n una asamblea en el centro de salud que resentir\u00e1 la atenci\u00f3n de los pacientes a partir de las 7 horas y hasta las 13. De esta forma, no [&hellip;]<\/p>\n","protected":false},"author":1,"featured_media":19220,"comment_status":"open","ping_status":"open","sticky":false,"template":"","format":"standard","meta":{"_exactmetrics_skip_tracking":false,"_exactmetrics_sitenote_active":false,"_exactmetrics_sitenote_note":"","_exactmetrics_sitenote_category":0,"jnews-multi-image_gallery":[],"jnews_single_post":[],"jnews_primary_category":[],"jnews_social_meta":[],"jnews_review":[],"enable_review":"","type":"","name":"","summary":"","brand":"","sku":"","good":[],"bad":[],"score_override":"","override_value":"","rating":[],"price":[],"jnews_override_counter":[],"jnews_post_split":[],"footnotes":""},"categories":[53,7,8,102],"tags":[],"class_list":["post-4636","post","type-post","status-publish","format-standard","has-post-thumbnail","hentry","category-comunicados-de-prensa","category-hospitales","category-provinciales","category-salud-2"],"jetpack_featured_media_url":"https:\/\/atecordoba.org\/wp-content\/uploads\/2020\/05\/logo-nuevochico-e1561581322808.png","_links":{"self":[{"href":"https:\/\/atecordoba.org\/index.php?rest_route=\/wp\/v2\/posts\/4636","targetHints":{"allow":["GET"]}}],"collection":[{"href":"https:\/\/atecordoba.org\/index.php?rest_route=\/wp\/v2\/posts"}],"about":[{"href":"https:\/\/atecordoba.org\/index.php?rest_route=\/wp\/v2\/types\/post"}],"author":[{"embeddable":true,"href":"https:\/\/atecordoba.org\/index.php?rest_route=\/wp\/v2\/users\/1"}],"replies":[{"embeddable":true,"href":"https:\/\/atecordoba.org\/index.php?rest_route=%2Fwp%2Fv2%2Fcomments&post=4636"}],"version-history":[{"count":0,"href":"https:\/\/atecordoba.org\/index.php?rest_route=\/wp\/v2\/posts\/4636\/revisions"}],"wp:featuredmedia":[{"embeddable":true,"href":"https:\/\/atecordoba.org\/index.php?rest_route=\/wp\/v2\/media\/19220"}],"wp:attachment":[{"href":"https:\/\/atecordoba.org\/index.php?rest_route=%2Fwp%2Fv2%2Fmedia&parent=4636"}],"wp:term":[{"taxonomy":"category","embeddable":true,"href":"https:\/\/atecordoba.org\/index.php?rest_route=%2Fwp%2Fv2%2Fcategories&post=4636"},{"taxonomy":"post_tag","embeddable":true,"href":"https:\/\/atecordoba.org\/index.php?rest_route=%2Fwp%2Fv2%2Ftags&post=4636"}],"curies":[{"name":"wp","href":"https:\/\/api.w.org\/{rel}","templated":true}]}}