{"id":46357,"date":"2024-11-07T10:15:23","date_gmt":"2024-11-07T13:15:23","guid":{"rendered":"https:\/\/atecordoba.org\/?p=46357"},"modified":"2024-11-07T10:16:03","modified_gmt":"2024-11-07T13:16:03","slug":"comuna-san-lorenzo-40-de-recomposicion-y-fuertes-mejoras-en-los-items-insalubridad-y-presentismo","status":"publish","type":"post","link":"https:\/\/atecordoba.org\/?p=46357","title":{"rendered":"Comuna San Lorenzo: 40% de recomposici\u00f3n y fuertes mejoras en los items insalubridad y presentismo"},"content":{"rendered":"<p><img loading=\"lazy\" decoding=\"async\" class=\"aligncenter wp-image-46358 \" src=\"https:\/\/atecordoba.org\/wp-content\/uploads\/2024\/11\/comuna-san-lorenzo.jpg\" alt=\"\" width=\"612\" height=\"340\" \/><\/p>\n<p>ATE logr\u00f3 esta semana una importante recomposici\u00f3n salarial en la Comuna San Lorenzo, del Valle de Traslasierra, reafirmando la potencia de la representaci\u00f3n de ATE entre las y los municipales de la regi\u00f3n.<\/p>\n<p>De esta forma, el \u00faltimo acuerdo paritario alcanzado\u00a0para el cuarto trimestre de 2024 implica un aumento de los haberes del 40%, que se suma al 10% por el \u00edtem insalubridad sobre el b\u00e1sico reemplazando el monto fijo, y el 400% en el presentismo, suplantando un monto dijo que apenas alcanzaba el 1%.<\/p>\n<p>Esto expresa un crecimiento significativo en porcentajes de los ingresos de los municipales, partiendo de la base de salarios con pisos muy bajos pero que poco a poco se van recomponiendo.<\/p>\n<p>As\u00ed, desde diciembre de 2023 ATE logr\u00f3 aumentos del 5% para los meses diciembre-enero, 15% en febrero, 45%, en el segundo trimestre y otro 45% para el tercer trimestre.<\/p>\n<div id='gallery_1' class='gallery galleryid-46357 gallery-columns-2 gallery-size-thumbnail'><figure class='gallery-item'>\n                <div class='gallery-icon portrait'>\n                    <a href='https:\/\/atecordoba.org\/wp-content\/uploads\/2024\/11\/pablo-neira.jpg'><img loading=\"lazy\" decoding=\"async\" width=\"150\" height=\"150\" src=\"\" class=\"attachment-thumbnail size-thumbnail lazyload\" alt=\"\" aria-describedby=\"gallery_1-46359\" data-src=\"https:\/\/atecordoba.org\/wp-content\/uploads\/2024\/11\/pablo-neira-150x150.jpg\" data-sizes=\"auto\" data-srcset=\"https:\/\/atecordoba.org\/wp-content\/uploads\/2024\/11\/pablo-neira-150x150.jpg 150w, https:\/\/atecordoba.org\/wp-content\/uploads\/2024\/11\/pablo-neira-560x560.jpg 560w, https:\/\/atecordoba.org\/wp-content\/uploads\/2024\/11\/pablo-neira-75x75.jpg 75w, https:\/\/atecordoba.org\/wp-content\/uploads\/2024\/11\/pablo-neira-350x350.jpg 350w\" data-expand=\"700\" \/><\/a>\n                <\/div>\n                    <figcaption class='wp-caption-text gallery-caption' id='gallery_1-46359'>\n                    Delegado Pablo Neira\n                    <\/figcaption><\/figure><figure class='gallery-item'>\n                <div class='gallery-icon portrait'>\n                    <a href='https:\/\/atecordoba.org\/wp-content\/uploads\/2024\/11\/marcelo-lujan.jpg'><img loading=\"lazy\" decoding=\"async\" width=\"150\" height=\"150\" src=\"\" class=\"attachment-thumbnail size-thumbnail lazyload\" alt=\"\" aria-describedby=\"gallery_1-46360\" data-src=\"https:\/\/atecordoba.org\/wp-content\/uploads\/2024\/11\/marcelo-lujan-150x150.jpg\" data-sizes=\"auto\" data-srcset=\"https:\/\/atecordoba.org\/wp-content\/uploads\/2024\/11\/marcelo-lujan-150x150.jpg 150w, https:\/\/atecordoba.org\/wp-content\/uploads\/2024\/11\/marcelo-lujan-560x560.jpg 560w, https:\/\/atecordoba.org\/wp-content\/uploads\/2024\/11\/marcelo-lujan-75x75.jpg 75w, https:\/\/atecordoba.org\/wp-content\/uploads\/2024\/11\/marcelo-lujan-350x350.jpg 350w\" data-expand=\"700\" \/><\/a>\n                <\/div>\n                    <figcaption class='wp-caption-text gallery-caption' id='gallery_1-46360'>\n                    Delegado Marcelo Luj\u00e1n.\n                    <\/figcaption><\/figure><br style=\"clear: both\" \/>\n            <\/div>\n\n<p>El delegado de ATE Pablo Neira, que junto a su par Marcelo Luj\u00e1n ejercen la representaci\u00f3n sindical en la Comuna, destac\u00f3 el buen di\u00e1logo con el Departamento Ejecutivo y la firmeza de los planteos gremiales como parte del camino para continuar mejorando la calidad de las condiciones de trabajo en San Lorenzo.<\/p>\n<p>&nbsp;<\/p>\n","protected":false},"excerpt":{"rendered":"<p>ATE logr\u00f3 esta semana una importante recomposici\u00f3n salarial en la Comuna San Lorenzo, del Valle de Traslasierra, reafirmando la potencia de la representaci\u00f3n de ATE entre las y los municipales de la regi\u00f3n. De esta forma, el \u00faltimo acuerdo paritario alcanzado\u00a0para el cuarto trimestre de 2024 implica un aumento de los haberes del 40%, que [&hellip;]<\/p>\n","protected":false},"author":7,"featured_media":46358,"comment_status":"open","ping_status":"open","sticky":false,"template":"","format":"standard","meta":{"_exactmetrics_skip_tracking":false,"_exactmetrics_sitenote_active":false,"_exactmetrics_sitenote_note":"","_exactmetrics_sitenote_category":0,"jnews-multi-image_gallery":[],"jnews_single_post":{"format":"standard","override":[{"template":"1","parallax":"1","fullscreen":"1","layout":"no-sidebar-narrow","sidebar":"default-sidebar","second_sidebar":"default-sidebar","sticky_sidebar":"1","share_position":"bottom","share_float_style":"share-monocrhome","show_share_counter":"1","show_view_counter":"1","show_post_meta":"1","show_post_author_image":"1","show_post_date":"1","post_date_format":"default","post_date_format_custom":"Y\/m\/d","show_post_category":"1","show_post_reading_time":"0","post_reading_time_wpm":"300","post_calculate_word_method":"str_word_count","show_zoom_button":"0","zoom_button_out_step":"2","zoom_button_in_step":"3","show_post_tag":"1","number_popup_post":"1","show_post_related":"1","show_inline_post_related":"0"}],"image_override":[{"single_post_thumbnail_size":"crop-500","single_post_gallery_size":"crop-500"}],"trending_post_position":"meta","trending_post_label":"Trending","sponsored_post_label":"Sponsored by","disable_ad":"0"},"jnews_primary_category":[],"jnews_social_meta":[],"jnews_review":[],"enable_review":"","type":"percentage","name":"","summary":"","brand":"","sku":"","good":[],"bad":[],"score_override":"","override_value":"","rating":[],"price":[],"jnews_override_counter":{"view_counter_number":"0","share_counter_number":"0","like_counter_number":"0","dislike_counter_number":"0"},"jnews_post_split":{"post_split":[{"template":"1","tag":"h2","numbering":"asc","mode":"normal","first":"0","enable_toc":"0","toc_type":"normal"}]},"footnotes":""},"categories":[20],"tags":[929,385,1406],"class_list":["post-46357","post","type-post","status-publish","format-standard","has-post-thumbnail","hentry","category-municipales","tag-ate-traslasierra","tag-aumento-salarial","tag-comuna-san-lorenzo"],"jetpack_featured_media_url":"https:\/\/atecordoba.org\/wp-content\/uploads\/2024\/11\/comuna-san-lorenzo-e1730985285934.jpg","_links":{"self":[{"href":"https:\/\/atecordoba.org\/index.php?rest_route=\/wp\/v2\/posts\/46357","targetHints":{"allow":["GET"]}}],"collection":[{"href":"https:\/\/atecordoba.org\/index.php?rest_route=\/wp\/v2\/posts"}],"about":[{"href":"https:\/\/atecordoba.org\/index.php?rest_route=\/wp\/v2\/types\/post"}],"author":[{"embeddable":true,"href":"https:\/\/atecordoba.org\/index.php?rest_route=\/wp\/v2\/users\/7"}],"replies":[{"embeddable":true,"href":"https:\/\/atecordoba.org\/index.php?rest_route=%2Fwp%2Fv2%2Fcomments&post=46357"}],"version-history":[{"count":2,"href":"https:\/\/atecordoba.org\/index.php?rest_route=\/wp\/v2\/posts\/46357\/revisions"}],"predecessor-version":[{"id":46363,"href":"https:\/\/atecordoba.org\/index.php?rest_route=\/wp\/v2\/posts\/46357\/revisions\/46363"}],"wp:featuredmedia":[{"embeddable":true,"href":"https:\/\/atecordoba.org\/index.php?rest_route=\/wp\/v2\/media\/46358"}],"wp:attachment":[{"href":"https:\/\/atecordoba.org\/index.php?rest_route=%2Fwp%2Fv2%2Fmedia&parent=46357"}],"wp:term":[{"taxonomy":"category","embeddable":true,"href":"https:\/\/atecordoba.org\/index.php?rest_route=%2Fwp%2Fv2%2Fcategories&post=46357"},{"taxonomy":"post_tag","embeddable":true,"href":"https:\/\/atecordoba.org\/index.php?rest_route=%2Fwp%2Fv2%2Ftags&post=46357"}],"curies":[{"name":"wp","href":"https:\/\/api.w.org\/{rel}","templated":true}]}}