{"id":46339,"date":"2024-11-06T14:06:33","date_gmt":"2024-11-06T17:06:33","guid":{"rendered":"https:\/\/atecordoba.org\/?p=46339"},"modified":"2024-11-06T14:08:45","modified_gmt":"2024-11-06T17:08:45","slug":"ate-llevo-el-reclamo-de-las-y-los-provinciales-y-municipales-al-apross-para-terminar-los-descuentos-confiscatorios-y-presento-un-petitorio-con-5-mil-firmas","status":"publish","type":"post","link":"https:\/\/atecordoba.org\/?p=46339","title":{"rendered":"ATE llev\u00f3 el reclamo de provinciales y municipales al APROSS y present\u00f3 un petitorio con 5 mil firmas"},"content":{"rendered":"<p><img loading=\"lazy\" decoding=\"async\" class=\"aligncenter wp-image-46341 \" src=\"https:\/\/atecordoba.org\/wp-content\/uploads\/2024\/11\/IMG-20241106-WA0063-1024x769.jpg\" alt=\"\" width=\"621\" height=\"466\" \/>En conjunto con compa\u00f1eras y compa\u00f1eros de la UEPC Capital y profesionales prestadores, ATE C\u00f3rdoba realiz\u00f3 hoy una radio abierta y abrazo a la obra social provincial APROSS. La actividad estuvo programada a partir de las 10 horas, ocasi\u00f3n en que las organizaciones presentes entregaron al directorio un petitorio con 5 mil firmas, donde exigen el fin de los descuentos por el Fondo de Enfermedades Catastr\u00f3ficas y el FOSAET, que aumentaron los del 4.5% al 5.5%, confiscando los salarios de las y los trabajadores estatales.<\/p>\n<p><img loading=\"lazy\" decoding=\"async\" class=\"aligncenter wp-image-46342 \" src=\"https:\/\/atecordoba.org\/wp-content\/uploads\/2024\/11\/IMG-20241106-WA0067-1024x769.jpg\" alt=\"\" width=\"627\" height=\"471\" srcset=\"https:\/\/atecordoba.org\/wp-content\/uploads\/2024\/11\/IMG-20241106-WA0067-1024x769.jpg 1024w, https:\/\/atecordoba.org\/wp-content\/uploads\/2024\/11\/IMG-20241106-WA0067-300x225.jpg 300w, https:\/\/atecordoba.org\/wp-content\/uploads\/2024\/11\/IMG-20241106-WA0067-768x577.jpg 768w, https:\/\/atecordoba.org\/wp-content\/uploads\/2024\/11\/IMG-20241106-WA0067-1536x1153.jpg 1536w, https:\/\/atecordoba.org\/wp-content\/uploads\/2024\/11\/IMG-20241106-WA0067-2048x1537.jpg 2048w, https:\/\/atecordoba.org\/wp-content\/uploads\/2024\/11\/IMG-20241106-WA0067-750x563.jpg 750w, https:\/\/atecordoba.org\/wp-content\/uploads\/2024\/11\/IMG-20241106-WA0067-1140x856.jpg 1140w\" sizes=\"auto, (max-width: 627px) 100vw, 627px\" \/><\/p>\n<p>Este aumento de los aportes significan entre las y los trabajadores provinciales alrededor del 17% del salario promedio pero en los municipales ese impacto llega al 25%. &#8220;Es una caja confiscatoria&#8221;, denunci\u00f3 el secretario General de ATE C\u00f3rdoba, Federico Giuliani, en las puertas de APROSS.<\/p>\n<p>El dirigente explic\u00f3 la convocatoria porque &#8220;desde hace meses venimos denunciando un verdadero robo que lleva adelante esta obra social. La APROSS deber\u00eda tener un esp\u00edritu equitativo, justo y solidario, pero en realidad es una caja negra al servicio de las corporaciones m\u00e9dicas privadas de C\u00f3rdoba&#8221;.<\/p>\n<p>&nbsp;<\/p>\n<div id='gallery_1' class='gallery galleryid-46339 gallery-columns-2 gallery-size-medium'><figure class='gallery-item'>\n                <div class='gallery-icon portrait'>\n                    <a href='https:\/\/atecordoba.org\/wp-content\/uploads\/2024\/11\/IMG-20241106-WA0074-scaled.jpg'><img loading=\"lazy\" decoding=\"async\" width=\"225\" height=\"300\" src=\"\" class=\"attachment-medium size-medium lazyload\" alt=\"\" data-src=\"https:\/\/atecordoba.org\/wp-content\/uploads\/2024\/11\/IMG-20241106-WA0074-225x300.jpg\" data-sizes=\"auto\" data-srcset=\"https:\/\/atecordoba.org\/wp-content\/uploads\/2024\/11\/IMG-20241106-WA0074-225x300.jpg 225w, https:\/\/atecordoba.org\/wp-content\/uploads\/2024\/11\/IMG-20241106-WA0074-769x1024.jpg 769w, https:\/\/atecordoba.org\/wp-content\/uploads\/2024\/11\/IMG-20241106-WA0074-768x1023.jpg 768w, https:\/\/atecordoba.org\/wp-content\/uploads\/2024\/11\/IMG-20241106-WA0074-1153x1536.jpg 1153w, https:\/\/atecordoba.org\/wp-content\/uploads\/2024\/11\/IMG-20241106-WA0074-1537x2048.jpg 1537w, https:\/\/atecordoba.org\/wp-content\/uploads\/2024\/11\/IMG-20241106-WA0074-750x999.jpg 750w, https:\/\/atecordoba.org\/wp-content\/uploads\/2024\/11\/IMG-20241106-WA0074-1140x1519.jpg 1140w, https:\/\/atecordoba.org\/wp-content\/uploads\/2024\/11\/IMG-20241106-WA0074-scaled.jpg 1922w\" data-expand=\"700\" \/><\/a>\n                <\/div><\/figure><figure class='gallery-item'>\n                <div class='gallery-icon landscape'>\n                    <a href='https:\/\/atecordoba.org\/wp-content\/uploads\/2024\/11\/IMG-20241106-WA0070-scaled.jpg'><img loading=\"lazy\" decoding=\"async\" width=\"300\" height=\"225\" src=\"\" class=\"attachment-medium size-medium lazyload\" alt=\"\" data-src=\"https:\/\/atecordoba.org\/wp-content\/uploads\/2024\/11\/IMG-20241106-WA0070-300x225.jpg\" data-sizes=\"auto\" data-srcset=\"https:\/\/atecordoba.org\/wp-content\/uploads\/2024\/11\/IMG-20241106-WA0070-300x225.jpg 300w, https:\/\/atecordoba.org\/wp-content\/uploads\/2024\/11\/IMG-20241106-WA0070-1024x769.jpg 1024w, https:\/\/atecordoba.org\/wp-content\/uploads\/2024\/11\/IMG-20241106-WA0070-768x577.jpg 768w, https:\/\/atecordoba.org\/wp-content\/uploads\/2024\/11\/IMG-20241106-WA0070-1536x1153.jpg 1536w, https:\/\/atecordoba.org\/wp-content\/uploads\/2024\/11\/IMG-20241106-WA0070-2048x1537.jpg 2048w, https:\/\/atecordoba.org\/wp-content\/uploads\/2024\/11\/IMG-20241106-WA0070-750x563.jpg 750w, https:\/\/atecordoba.org\/wp-content\/uploads\/2024\/11\/IMG-20241106-WA0070-1140x856.jpg 1140w\" data-expand=\"700\" \/><\/a>\n                <\/div><\/figure><br style=\"clear: both\" \/>\n            <\/div>\n\n<p>Y fundament\u00f3 las movilizaci\u00f3n debido a que &#8220;esto es un acuerdo que tiene el cordobesismo, que gobierna la provincia hace m\u00e1s de 20 a\u00f1os, con los grupos que facturan a costa de la salud de las y los cordobeses. Hoy decimos \u2018basta de confiscaci\u00f3n a los salarios de los trabajadores\u2019, que ya est\u00e1n alica\u00eddos en la provincia y los municipios, as\u00ed como de nuestros jubilados y jubiladas&#8221;.<\/p>\n<p>&#8220;Adem\u00e1s denunciamos las pr\u00e1cticas nefastas como servicios que tiene esta obra social&#8221;, agreg\u00f3.<\/p>\n<p>ATE denuncia que en el interior provincial la APROSS la atenci\u00f3n no existe en la pr\u00e1ctica. &#8220;Para una atenci\u00f3n hay que trasladarse largas distancias, gastando plata en movilidad y poner en riesgo la vida ante una enfermedad grave&#8221;, revel\u00f3 el dirigente.<\/p>\n<p><img loading=\"lazy\" decoding=\"async\" class=\"aligncenter wp-image-46345 \" src=\"https:\/\/atecordoba.org\/wp-content\/uploads\/2024\/11\/IMG-20241106-WA0078-1024x769.jpg\" alt=\"\" width=\"611\" height=\"459\" srcset=\"https:\/\/atecordoba.org\/wp-content\/uploads\/2024\/11\/IMG-20241106-WA0078-1024x769.jpg 1024w, https:\/\/atecordoba.org\/wp-content\/uploads\/2024\/11\/IMG-20241106-WA0078-300x225.jpg 300w, https:\/\/atecordoba.org\/wp-content\/uploads\/2024\/11\/IMG-20241106-WA0078-768x577.jpg 768w, https:\/\/atecordoba.org\/wp-content\/uploads\/2024\/11\/IMG-20241106-WA0078-1536x1153.jpg 1536w, https:\/\/atecordoba.org\/wp-content\/uploads\/2024\/11\/IMG-20241106-WA0078-2048x1537.jpg 2048w, https:\/\/atecordoba.org\/wp-content\/uploads\/2024\/11\/IMG-20241106-WA0078-750x563.jpg 750w, https:\/\/atecordoba.org\/wp-content\/uploads\/2024\/11\/IMG-20241106-WA0078-1140x856.jpg 1140w\" sizes=\"auto, (max-width: 611px) 100vw, 611px\" \/><\/p>\n<p>&nbsp;<\/p>\n<p>Giuliani afirm\u00f3 que &#8220;es urgente que cesen los descuentos arbitrarios pero tambi\u00e9n que se presten servicios de calidad. A diferencia de los grupos privados que manejan esta obra social p\u00fablica y que usan la salud como un negocio, desde ATE creemos que la salud es una inversi\u00f3n y un derecho&#8221;.<\/p>\n<p>&#8220;Por eso seguimos exigiendo que la clase pol\u00edtica, este caso la Unicameral de C\u00f3rdoba, tire una a favor y apruebe el proyecto de ley que presentamos ATE, UEPC Capital y UTS para que la clase obrera organizada, la que no es servil y act\u00faa con autonom\u00eda de verdad, tengamos voz y voto en el directorio de la APROSS\u00a0 para que funcione al servicio de las y los trabajadores provinciales, municipales y jubilados de C\u00f3rdoba. Hay que terminar con esta verdadera estafa que se lleva adelante desde hace muchos a\u00f1os en adelante&#8221;, asegur\u00f3.<\/p>\n<p>En el acto estuvieron compa\u00f1eros y compa\u00f1eros municipales del interior provincial, provinciales del sector salud y la Administraci\u00f3n P\u00fablica. Se destac\u00f3 la presencia del secretario General de ATE Cruz del Eje, Beto Pozzi.<\/p>\n<div id='gallery_2' class='gallery galleryid-46339 gallery-columns-3 gallery-size-medium'><figure class='gallery-item'>\n                <div class='gallery-icon landscape'>\n                    <a href='https:\/\/atecordoba.org\/wp-content\/uploads\/2024\/11\/IMG-20241106-WA0066-scaled.jpg'><img loading=\"lazy\" decoding=\"async\" width=\"300\" height=\"225\" src=\"\" class=\"attachment-medium size-medium lazyload\" alt=\"\" data-src=\"https:\/\/atecordoba.org\/wp-content\/uploads\/2024\/11\/IMG-20241106-WA0066-300x225.jpg\" data-sizes=\"auto\" data-srcset=\"https:\/\/atecordoba.org\/wp-content\/uploads\/2024\/11\/IMG-20241106-WA0066-300x225.jpg 300w, https:\/\/atecordoba.org\/wp-content\/uploads\/2024\/11\/IMG-20241106-WA0066-1024x769.jpg 1024w, https:\/\/atecordoba.org\/wp-content\/uploads\/2024\/11\/IMG-20241106-WA0066-768x577.jpg 768w, https:\/\/atecordoba.org\/wp-content\/uploads\/2024\/11\/IMG-20241106-WA0066-1536x1153.jpg 1536w, https:\/\/atecordoba.org\/wp-content\/uploads\/2024\/11\/IMG-20241106-WA0066-2048x1537.jpg 2048w, https:\/\/atecordoba.org\/wp-content\/uploads\/2024\/11\/IMG-20241106-WA0066-750x563.jpg 750w, https:\/\/atecordoba.org\/wp-content\/uploads\/2024\/11\/IMG-20241106-WA0066-1140x856.jpg 1140w\" data-expand=\"700\" \/><\/a>\n                <\/div><\/figure><figure class='gallery-item'>\n                <div class='gallery-icon landscape'>\n                    <a href='https:\/\/atecordoba.org\/wp-content\/uploads\/2024\/11\/IMG-20241106-WA0069-scaled.jpg'><img loading=\"lazy\" decoding=\"async\" width=\"300\" height=\"225\" src=\"\" class=\"attachment-medium size-medium lazyload\" alt=\"\" data-src=\"https:\/\/atecordoba.org\/wp-content\/uploads\/2024\/11\/IMG-20241106-WA0069-300x225.jpg\" data-sizes=\"auto\" data-srcset=\"https:\/\/atecordoba.org\/wp-content\/uploads\/2024\/11\/IMG-20241106-WA0069-300x225.jpg 300w, https:\/\/atecordoba.org\/wp-content\/uploads\/2024\/11\/IMG-20241106-WA0069-1024x769.jpg 1024w, https:\/\/atecordoba.org\/wp-content\/uploads\/2024\/11\/IMG-20241106-WA0069-768x577.jpg 768w, https:\/\/atecordoba.org\/wp-content\/uploads\/2024\/11\/IMG-20241106-WA0069-1536x1153.jpg 1536w, https:\/\/atecordoba.org\/wp-content\/uploads\/2024\/11\/IMG-20241106-WA0069-2048x1537.jpg 2048w, https:\/\/atecordoba.org\/wp-content\/uploads\/2024\/11\/IMG-20241106-WA0069-750x563.jpg 750w, https:\/\/atecordoba.org\/wp-content\/uploads\/2024\/11\/IMG-20241106-WA0069-1140x856.jpg 1140w\" data-expand=\"700\" \/><\/a>\n                <\/div><\/figure><figure class='gallery-item'>\n                <div class='gallery-icon portrait'>\n                    <a href='https:\/\/atecordoba.org\/wp-content\/uploads\/2024\/11\/IMG-20241106-WA0075-scaled.jpg'><img loading=\"lazy\" decoding=\"async\" width=\"225\" height=\"300\" src=\"\" class=\"attachment-medium size-medium lazyload\" alt=\"\" data-src=\"https:\/\/atecordoba.org\/wp-content\/uploads\/2024\/11\/IMG-20241106-WA0075-225x300.jpg\" data-sizes=\"auto\" data-srcset=\"https:\/\/atecordoba.org\/wp-content\/uploads\/2024\/11\/IMG-20241106-WA0075-225x300.jpg 225w, https:\/\/atecordoba.org\/wp-content\/uploads\/2024\/11\/IMG-20241106-WA0075-769x1024.jpg 769w, https:\/\/atecordoba.org\/wp-content\/uploads\/2024\/11\/IMG-20241106-WA0075-768x1023.jpg 768w, https:\/\/atecordoba.org\/wp-content\/uploads\/2024\/11\/IMG-20241106-WA0075-1153x1536.jpg 1153w, https:\/\/atecordoba.org\/wp-content\/uploads\/2024\/11\/IMG-20241106-WA0075-1537x2048.jpg 1537w, https:\/\/atecordoba.org\/wp-content\/uploads\/2024\/11\/IMG-20241106-WA0075-750x999.jpg 750w, https:\/\/atecordoba.org\/wp-content\/uploads\/2024\/11\/IMG-20241106-WA0075-1140x1519.jpg 1140w, https:\/\/atecordoba.org\/wp-content\/uploads\/2024\/11\/IMG-20241106-WA0075-scaled.jpg 1922w\" data-expand=\"700\" \/><\/a>\n                <\/div><\/figure><br style=\"clear: both\" \/><figure class='gallery-item'>\n                <div class='gallery-icon landscape'>\n                    <a href='https:\/\/atecordoba.org\/wp-content\/uploads\/2024\/11\/IMG-20241106-WA0076-scaled.jpg'><img loading=\"lazy\" decoding=\"async\" width=\"300\" height=\"225\" src=\"\" class=\"attachment-medium size-medium lazyload\" alt=\"\" data-src=\"https:\/\/atecordoba.org\/wp-content\/uploads\/2024\/11\/IMG-20241106-WA0076-300x225.jpg\" data-sizes=\"auto\" data-srcset=\"https:\/\/atecordoba.org\/wp-content\/uploads\/2024\/11\/IMG-20241106-WA0076-300x225.jpg 300w, https:\/\/atecordoba.org\/wp-content\/uploads\/2024\/11\/IMG-20241106-WA0076-1024x768.jpg 1024w, https:\/\/atecordoba.org\/wp-content\/uploads\/2024\/11\/IMG-20241106-WA0076-768x576.jpg 768w, https:\/\/atecordoba.org\/wp-content\/uploads\/2024\/11\/IMG-20241106-WA0076-1536x1152.jpg 1536w, https:\/\/atecordoba.org\/wp-content\/uploads\/2024\/11\/IMG-20241106-WA0076-2048x1536.jpg 2048w, https:\/\/atecordoba.org\/wp-content\/uploads\/2024\/11\/IMG-20241106-WA0076-750x563.jpg 750w, https:\/\/atecordoba.org\/wp-content\/uploads\/2024\/11\/IMG-20241106-WA0076-1140x855.jpg 1140w\" data-expand=\"700\" \/><\/a>\n                <\/div><\/figure><figure class='gallery-item'>\n                <div class='gallery-icon landscape'>\n                    <a href='https:\/\/atecordoba.org\/wp-content\/uploads\/2024\/11\/IMG-20241106-WA0079-scaled.jpg'><img loading=\"lazy\" decoding=\"async\" width=\"300\" height=\"225\" src=\"\" class=\"attachment-medium size-medium lazyload\" alt=\"\" data-src=\"https:\/\/atecordoba.org\/wp-content\/uploads\/2024\/11\/IMG-20241106-WA0079-300x225.jpg\" data-sizes=\"auto\" data-srcset=\"https:\/\/atecordoba.org\/wp-content\/uploads\/2024\/11\/IMG-20241106-WA0079-300x225.jpg 300w, https:\/\/atecordoba.org\/wp-content\/uploads\/2024\/11\/IMG-20241106-WA0079-1024x769.jpg 1024w, https:\/\/atecordoba.org\/wp-content\/uploads\/2024\/11\/IMG-20241106-WA0079-768x577.jpg 768w, https:\/\/atecordoba.org\/wp-content\/uploads\/2024\/11\/IMG-20241106-WA0079-1536x1153.jpg 1536w, https:\/\/atecordoba.org\/wp-content\/uploads\/2024\/11\/IMG-20241106-WA0079-2048x1537.jpg 2048w, https:\/\/atecordoba.org\/wp-content\/uploads\/2024\/11\/IMG-20241106-WA0079-750x563.jpg 750w, https:\/\/atecordoba.org\/wp-content\/uploads\/2024\/11\/IMG-20241106-WA0079-1140x856.jpg 1140w\" data-expand=\"700\" \/><\/a>\n                <\/div><\/figure><figure class='gallery-item'>\n                <div class='gallery-icon landscape'>\n                    <a href='https:\/\/atecordoba.org\/wp-content\/uploads\/2024\/11\/IMG-20241106-WA0064-scaled.jpg'><img loading=\"lazy\" decoding=\"async\" width=\"300\" height=\"225\" src=\"\" class=\"attachment-medium size-medium lazyload\" alt=\"\" data-src=\"https:\/\/atecordoba.org\/wp-content\/uploads\/2024\/11\/IMG-20241106-WA0064-300x225.jpg\" data-sizes=\"auto\" data-srcset=\"https:\/\/atecordoba.org\/wp-content\/uploads\/2024\/11\/IMG-20241106-WA0064-300x225.jpg 300w, https:\/\/atecordoba.org\/wp-content\/uploads\/2024\/11\/IMG-20241106-WA0064-1024x768.jpg 1024w, https:\/\/atecordoba.org\/wp-content\/uploads\/2024\/11\/IMG-20241106-WA0064-768x576.jpg 768w, https:\/\/atecordoba.org\/wp-content\/uploads\/2024\/11\/IMG-20241106-WA0064-1536x1152.jpg 1536w, https:\/\/atecordoba.org\/wp-content\/uploads\/2024\/11\/IMG-20241106-WA0064-2048x1536.jpg 2048w, https:\/\/atecordoba.org\/wp-content\/uploads\/2024\/11\/IMG-20241106-WA0064-750x563.jpg 750w, https:\/\/atecordoba.org\/wp-content\/uploads\/2024\/11\/IMG-20241106-WA0064-1140x855.jpg 1140w\" data-expand=\"700\" \/><\/a>\n                <\/div><\/figure><br style=\"clear: both\" \/>\n            <\/div>\n\n","protected":false},"excerpt":{"rendered":"<p>En conjunto con compa\u00f1eras y compa\u00f1eros de la UEPC Capital y profesionales prestadores, ATE C\u00f3rdoba realiz\u00f3 hoy una radio abierta y abrazo a la obra social provincial APROSS. La actividad estuvo programada a partir de las 10 horas, ocasi\u00f3n en que las organizaciones presentes entregaron al directorio un petitorio con 5 mil firmas, donde exigen [&hellip;]<\/p>\n","protected":false},"author":7,"featured_media":46341,"comment_status":"open","ping_status":"open","sticky":false,"template":"","format":"standard","meta":{"_exactmetrics_skip_tracking":false,"_exactmetrics_sitenote_active":false,"_exactmetrics_sitenote_note":"","_exactmetrics_sitenote_category":0,"jnews-multi-image_gallery":[],"jnews_single_post":{"format":"standard","override":[{"template":"1","parallax":"1","fullscreen":"1","layout":"no-sidebar-narrow","sidebar":"default-sidebar","second_sidebar":"default-sidebar","sticky_sidebar":"1","share_position":"bottom","share_float_style":"share-monocrhome","show_share_counter":"1","show_view_counter":"1","show_post_meta":"1","show_post_author_image":"1","show_post_date":"1","post_date_format":"default","post_date_format_custom":"Y\/m\/d","show_post_category":"1","show_post_reading_time":"0","post_reading_time_wpm":"300","post_calculate_word_method":"str_word_count","show_zoom_button":"0","zoom_button_out_step":"2","zoom_button_in_step":"3","show_post_tag":"1","number_popup_post":"1","show_post_related":"1","show_inline_post_related":"0"}],"image_override":[{"single_post_thumbnail_size":"crop-500","single_post_gallery_size":"crop-500"}],"trending_post_position":"meta","trending_post_label":"Trending","sponsored_post_label":"Sponsored by","disable_ad":"0"},"jnews_primary_category":[],"jnews_social_meta":[],"jnews_review":[],"enable_review":"","type":"percentage","name":"","summary":"","brand":"","sku":"","good":[],"bad":[],"score_override":"","override_value":"","rating":[],"price":[],"jnews_override_counter":{"view_counter_number":"0","share_counter_number":"0","like_counter_number":"0","dislike_counter_number":"0"},"jnews_post_split":{"post_split":[{"template":"1","tag":"h2","numbering":"asc","mode":"normal","first":"0","enable_toc":"0","toc_type":"normal"}]},"footnotes":""},"categories":[341],"tags":[1377,1405,1190],"class_list":["post-46339","post","type-post","status-publish","format-standard","has-post-thumbnail","hentry","category-cdp","tag-apross","tag-descuentos-confiscatorios","tag-estafa"],"jetpack_featured_media_url":"https:\/\/atecordoba.org\/wp-content\/uploads\/2024\/11\/IMG-20241106-WA0063-scaled-e1730912918231.jpg","_links":{"self":[{"href":"https:\/\/atecordoba.org\/index.php?rest_route=\/wp\/v2\/posts\/46339","targetHints":{"allow":["GET"]}}],"collection":[{"href":"https:\/\/atecordoba.org\/index.php?rest_route=\/wp\/v2\/posts"}],"about":[{"href":"https:\/\/atecordoba.org\/index.php?rest_route=\/wp\/v2\/types\/post"}],"author":[{"embeddable":true,"href":"https:\/\/atecordoba.org\/index.php?rest_route=\/wp\/v2\/users\/7"}],"replies":[{"embeddable":true,"href":"https:\/\/atecordoba.org\/index.php?rest_route=%2Fwp%2Fv2%2Fcomments&post=46339"}],"version-history":[{"count":3,"href":"https:\/\/atecordoba.org\/index.php?rest_route=\/wp\/v2\/posts\/46339\/revisions"}],"predecessor-version":[{"id":46356,"href":"https:\/\/atecordoba.org\/index.php?rest_route=\/wp\/v2\/posts\/46339\/revisions\/46356"}],"wp:featuredmedia":[{"embeddable":true,"href":"https:\/\/atecordoba.org\/index.php?rest_route=\/wp\/v2\/media\/46341"}],"wp:attachment":[{"href":"https:\/\/atecordoba.org\/index.php?rest_route=%2Fwp%2Fv2%2Fmedia&parent=46339"}],"wp:term":[{"taxonomy":"category","embeddable":true,"href":"https:\/\/atecordoba.org\/index.php?rest_route=%2Fwp%2Fv2%2Fcategories&post=46339"},{"taxonomy":"post_tag","embeddable":true,"href":"https:\/\/atecordoba.org\/index.php?rest_route=%2Fwp%2Fv2%2Ftags&post=46339"}],"curies":[{"name":"wp","href":"https:\/\/api.w.org\/{rel}","templated":true}]}}