{"id":46332,"date":"2024-11-06T10:33:50","date_gmt":"2024-11-06T13:33:50","guid":{"rendered":"https:\/\/atecordoba.org\/?p=46332"},"modified":"2024-11-06T10:35:37","modified_gmt":"2024-11-06T13:35:37","slug":"se-profundiza-el-conflicto-salarial-la-provincia-y-suspenden-las-cirugias-programadas-en-el-hospital-misericordia","status":"publish","type":"post","link":"https:\/\/atecordoba.org\/?p=46332","title":{"rendered":"Se profundiza el conflicto salarial la Provincia y suspenden las cirug\u00edas programadas en el Hospital Misericordia"},"content":{"rendered":"<p><img loading=\"lazy\" decoding=\"async\" class=\"aligncenter wp-image-46333 \" src=\"https:\/\/atecordoba.org\/wp-content\/uploads\/2024\/11\/misericordia-1024x576.jpg\" alt=\"\" width=\"620\" height=\"349\" \/>Frente a la falta de respuestas del gobierno de Llaryora a los reclamos por recomposici\u00f3n salarial en el sector salud, al igual que en el resto de la Administraci\u00f3n P\u00fablica, las y los trabajadores del Hospital Misericordia resolvieron restringir la atenci\u00f3n y suspender las cirug\u00edas programadas.<\/p>\n<p>En tal sentido, el delegado de ATE, Roberto Ramos, explic\u00f3 que \u201cest\u00e1 restringida la atenci\u00f3n a ra\u00edz de diversas cuestiones que da\u00f1an al salario. Las cirug\u00edas programadas se cancelan hasta nuevo aviso, mientras que la atenci\u00f3n ambulatoria tambi\u00e9n se ve afectada\u201d.<\/p>\n<p>En ese marco, est\u00e1 garantizada la atenci\u00f3n de las emergencias y guardias m\u00ednimas.<\/p>\n<p><img loading=\"lazy\" decoding=\"async\" class=\"aligncenter wp-image-46334 \" src=\"https:\/\/atecordoba.org\/wp-content\/uploads\/2024\/11\/roberto-ramos-1024x594.jpg\" alt=\"\" width=\"605\" height=\"351\" srcset=\"https:\/\/atecordoba.org\/wp-content\/uploads\/2024\/11\/roberto-ramos-1024x594.jpg 1024w, https:\/\/atecordoba.org\/wp-content\/uploads\/2024\/11\/roberto-ramos-300x174.jpg 300w, https:\/\/atecordoba.org\/wp-content\/uploads\/2024\/11\/roberto-ramos-768x445.jpg 768w, https:\/\/atecordoba.org\/wp-content\/uploads\/2024\/11\/roberto-ramos-750x435.jpg 750w, https:\/\/atecordoba.org\/wp-content\/uploads\/2024\/11\/roberto-ramos-1140x661.jpg 1140w, https:\/\/atecordoba.org\/wp-content\/uploads\/2024\/11\/roberto-ramos.jpg 1200w\" sizes=\"auto, (max-width: 605px) 100vw, 605px\" \/><\/p>\n<p>Las y los provinciales reclaman una recuperaci\u00f3n de los ingresos, as\u00ed como dar de baja a los descuentos compulsivos y arbitrarios de APROSS.<\/p>\n<p>\u201cEstamos firmes ac\u00e1 para reclamar una recomposici\u00f3n salarial\u201d, remarc\u00f3 el delegado y apunt\u00f3 contra el gobierno provincial ante la falta de respuesta que contemple las necesidades de los trabajadores. \u201cEl gobierno no responde porque no tiene una oferta para hacer\u201d, se\u00f1al\u00f3 a medios de C\u00f3rdoba, que se\u00f1alaron como evidente la falta de di\u00e1logo con el gobierno. \u201cJam\u00e1s el gobierno se ha acercado a ninguno de los gremios estatales haciendo una oferta oficial\u201d, enfatiz\u00f3 Ramos.<\/p>\n","protected":false},"excerpt":{"rendered":"<p>Frente a la falta de respuestas del gobierno de Llaryora a los reclamos por recomposici\u00f3n salarial en el sector salud, al igual que en el resto de la Administraci\u00f3n P\u00fablica, las y los trabajadores del Hospital Misericordia resolvieron restringir la atenci\u00f3n y suspender las cirug\u00edas programadas. En tal sentido, el delegado de ATE, Roberto Ramos, [&hellip;]<\/p>\n","protected":false},"author":7,"featured_media":46333,"comment_status":"open","ping_status":"open","sticky":false,"template":"","format":"standard","meta":{"_exactmetrics_skip_tracking":false,"_exactmetrics_sitenote_active":false,"_exactmetrics_sitenote_note":"","_exactmetrics_sitenote_category":0,"jnews-multi-image_gallery":[],"jnews_single_post":{"format":"standard","override":[{"template":"1","parallax":"1","fullscreen":"1","layout":"no-sidebar-narrow","sidebar":"default-sidebar","second_sidebar":"default-sidebar","sticky_sidebar":"1","share_position":"bottom","share_float_style":"share-monocrhome","show_share_counter":"1","show_view_counter":"1","show_post_meta":"1","show_post_author_image":"1","show_post_date":"1","post_date_format":"default","post_date_format_custom":"Y\/m\/d","show_post_category":"1","show_post_reading_time":"0","post_reading_time_wpm":"300","post_calculate_word_method":"str_word_count","show_zoom_button":"0","zoom_button_out_step":"2","zoom_button_in_step":"3","show_post_tag":"1","number_popup_post":"1","show_post_related":"1","show_inline_post_related":"0"}],"image_override":[{"single_post_thumbnail_size":"crop-500","single_post_gallery_size":"crop-500"}],"trending_post_position":"meta","trending_post_label":"Trending","sponsored_post_label":"Sponsored by","disable_ad":"0"},"jnews_primary_category":[],"jnews_social_meta":[],"jnews_review":[],"enable_review":"","type":"percentage","name":"","summary":"","brand":"","sku":"","good":[],"bad":[],"score_override":"","override_value":"","rating":[],"price":[],"jnews_override_counter":{"view_counter_number":"0","share_counter_number":"0","like_counter_number":"0","dislike_counter_number":"0"},"jnews_post_split":{"post_split":[{"template":"1","tag":"h2","numbering":"asc","mode":"normal","first":"0","enable_toc":"0","toc_type":"normal"}]},"footnotes":""},"categories":[8],"tags":[26,1160,1404,1403],"class_list":["post-46332","post","type-post","status-publish","format-standard","has-post-thumbnail","hentry","category-provinciales","tag-ate","tag-cordoba-2","tag-reclamo-salarial","tag-retencion-de-servicios"],"jetpack_featured_media_url":"https:\/\/atecordoba.org\/wp-content\/uploads\/2024\/11\/misericordia-scaled-e1730900020430.jpg","_links":{"self":[{"href":"https:\/\/atecordoba.org\/index.php?rest_route=\/wp\/v2\/posts\/46332","targetHints":{"allow":["GET"]}}],"collection":[{"href":"https:\/\/atecordoba.org\/index.php?rest_route=\/wp\/v2\/posts"}],"about":[{"href":"https:\/\/atecordoba.org\/index.php?rest_route=\/wp\/v2\/types\/post"}],"author":[{"embeddable":true,"href":"https:\/\/atecordoba.org\/index.php?rest_route=\/wp\/v2\/users\/7"}],"replies":[{"embeddable":true,"href":"https:\/\/atecordoba.org\/index.php?rest_route=%2Fwp%2Fv2%2Fcomments&post=46332"}],"version-history":[{"count":3,"href":"https:\/\/atecordoba.org\/index.php?rest_route=\/wp\/v2\/posts\/46332\/revisions"}],"predecessor-version":[{"id":46337,"href":"https:\/\/atecordoba.org\/index.php?rest_route=\/wp\/v2\/posts\/46332\/revisions\/46337"}],"wp:featuredmedia":[{"embeddable":true,"href":"https:\/\/atecordoba.org\/index.php?rest_route=\/wp\/v2\/media\/46333"}],"wp:attachment":[{"href":"https:\/\/atecordoba.org\/index.php?rest_route=%2Fwp%2Fv2%2Fmedia&parent=46332"}],"wp:term":[{"taxonomy":"category","embeddable":true,"href":"https:\/\/atecordoba.org\/index.php?rest_route=%2Fwp%2Fv2%2Fcategories&post=46332"},{"taxonomy":"post_tag","embeddable":true,"href":"https:\/\/atecordoba.org\/index.php?rest_route=%2Fwp%2Fv2%2Ftags&post=46332"}],"curies":[{"name":"wp","href":"https:\/\/api.w.org\/{rel}","templated":true}]}}