{"id":46314,"date":"2024-11-05T14:10:35","date_gmt":"2024-11-05T17:10:35","guid":{"rendered":"https:\/\/atecordoba.org\/?p=46314"},"modified":"2024-11-05T14:16:32","modified_gmt":"2024-11-05T17:16:32","slug":"personal-civil-plenario-resolvio-estado-de-asamblea-permanente-y-proyecta-paro-general-en-el-sectorial","status":"publish","type":"post","link":"https:\/\/atecordoba.org\/?p=46314","title":{"rendered":"Personal Civil: plenario resolvi\u00f3 estado de asamblea permanente y proyecta paro general en el sectorial"},"content":{"rendered":"<p><img loading=\"lazy\" decoding=\"async\" class=\"aligncenter wp-image-46315 \" src=\"https:\/\/atecordoba.org\/wp-content\/uploads\/2024\/11\/IMG-20241105-WA0169-1024x576.jpg\" alt=\"\" width=\"627\" height=\"353\" \/>Hoy se llev\u00f3 adelante un Plenario de Trabajadoras y Trabajadores del Personal Civil de las FFAA en C\u00f3rdoba, que estuvo coordinado por el secretario de Organizaci\u00f3n del Consejo Directivo Provincial (CDP) y trabajador del sector, Javier Bracamonte.<\/p>\n<p>Con la agenda encabezada por los reclamos salariales, debido a que el personal civil sufre los haberes m\u00e1s bajos de la Administraci\u00f3n P\u00fablica Nacional, el Plenario se desarroll\u00f3 con masiva presencia de delegados\/as de las distintas \u00e1reas e instituciones que integran el sectorial.<\/p>\n<p>&#8220;Nos convocamos para organizar el plan de lucha, ya que el sector civil est\u00e1 en la base de la pir\u00e1mide de la Administraci\u00f3n P\u00fablica Nacional. Los salarios est\u00e1n muy por debajo de la l\u00ednea de la pobreza e inclusive en algunos casos rozan la indigencia. Estamos organiz\u00e1ndonos para tratar de llegar con la fuerza correspondiente para un paro general en el sectorial. El martes que viene vamos a realizar una nueva asamblea en la guarnici\u00f3n para establecer cuestiones operativas, pero definimos intensificar el plan de lucha, en base a una grilla de reclamos que se suman a lo salarial&#8221;, explic\u00f3 Bracamonte.<img loading=\"lazy\" decoding=\"async\" class=\"aligncenter wp-image-46316 \" src=\"https:\/\/atecordoba.org\/wp-content\/uploads\/2024\/11\/IMG-20241105-WA0171-1024x576.jpg\" alt=\"\" width=\"634\" height=\"357\" srcset=\"https:\/\/atecordoba.org\/wp-content\/uploads\/2024\/11\/IMG-20241105-WA0171-1024x576.jpg 1024w, https:\/\/atecordoba.org\/wp-content\/uploads\/2024\/11\/IMG-20241105-WA0171-300x169.jpg 300w, https:\/\/atecordoba.org\/wp-content\/uploads\/2024\/11\/IMG-20241105-WA0171-768x432.jpg 768w, https:\/\/atecordoba.org\/wp-content\/uploads\/2024\/11\/IMG-20241105-WA0171-1536x864.jpg 1536w, https:\/\/atecordoba.org\/wp-content\/uploads\/2024\/11\/IMG-20241105-WA0171-750x422.jpg 750w, https:\/\/atecordoba.org\/wp-content\/uploads\/2024\/11\/IMG-20241105-WA0171-1140x641.jpg 1140w, https:\/\/atecordoba.org\/wp-content\/uploads\/2024\/11\/IMG-20241105-WA0171.jpg 1600w\" sizes=\"auto, (max-width: 634px) 100vw, 634px\" \/><\/p>\n<p>De esta forma, el dirigente anticip\u00f3 una medida de fuerza, ante al falta de respuestas del Gobierno Nacional a los justos reclamos del personal civil de las Fuerzas Armadas.<\/p>\n<p><strong>Grilla General de Reclamos<\/strong><\/p>\n<p>1- Urgente recomposici\u00f3n salarial.<\/p>\n<p>2- Apertura de la Comisi\u00f3n Permanente de Interpretaci\u00f3n y Carrera del Personal Civil y Docente Civil de las Fuerzas Armadas y de Seguridad (COPICPECIFASE) para tratar:<\/p>\n<p>2-a) Implementaci\u00f3n del Plan de Capacitaci\u00f3n requerido para adquirir Cr\u00e9ditos para Promoci\u00f3n de Grado, Nivel y Tramo.<\/p>\n<p>2-b) Discusi\u00f3n y puesta en vigencia de los suplementos por Enfermer\u00eda, Zona, Jefatura, etc.<\/p>\n<p>3- Urgente mejora en las condiciones de trabajo y provisi\u00f3n de los insumos e infraestructura necesarios para la realizaci\u00f3n de nuestras tareas.<\/p>\n<p>4- Re funcionalizaci\u00f3n de los Hospitales y Centros de Salud Propios de las Fuerzas.<\/p>\n<p>5- Inmediato informe del Estado de Situaci\u00f3n del IOSFA.<\/p>\n<p>6- Realizaci\u00f3n de la Compulsa Sectorial.<\/p>\n<p>7- Restituci\u00f3n del Fondo Nacional de Incentivo Docente.<\/p>\n<p>8- Pasea a Planta Permanente de todos los tipos de contratos y titularizaci\u00f3n de los Docentes Suplentes e Interinos de Cargos Vacantes o Creados de mas de 2 a\u00f1os de antig\u00fcedad.<\/p>\n<p>9- Restituci\u00f3n de las Horas Extras y pago retroactivo actualizado de las horas adeudadas.<\/p>\n<p><strong>Nueva asamblea<\/strong><\/p>\n<p><img loading=\"lazy\" decoding=\"async\" class=\"aligncenter wp-image-46317 \" src=\"https:\/\/atecordoba.org\/wp-content\/uploads\/2024\/11\/IMG-20241105-WA0170-1024x576.jpg\" alt=\"\" width=\"631\" height=\"355\" srcset=\"https:\/\/atecordoba.org\/wp-content\/uploads\/2024\/11\/IMG-20241105-WA0170-1024x576.jpg 1024w, https:\/\/atecordoba.org\/wp-content\/uploads\/2024\/11\/IMG-20241105-WA0170-300x169.jpg 300w, https:\/\/atecordoba.org\/wp-content\/uploads\/2024\/11\/IMG-20241105-WA0170-768x432.jpg 768w, https:\/\/atecordoba.org\/wp-content\/uploads\/2024\/11\/IMG-20241105-WA0170-1536x864.jpg 1536w, https:\/\/atecordoba.org\/wp-content\/uploads\/2024\/11\/IMG-20241105-WA0170-750x422.jpg 750w, https:\/\/atecordoba.org\/wp-content\/uploads\/2024\/11\/IMG-20241105-WA0170-1140x641.jpg 1140w, https:\/\/atecordoba.org\/wp-content\/uploads\/2024\/11\/IMG-20241105-WA0170.jpg 1600w\" sizes=\"auto, (max-width: 631px) 100vw, 631px\" \/><\/p>\n<p>La pr\u00f3xima asamblea se llevar\u00e1 a cabo el 12 de noviembre a las 10 horas, en la plaza de la Guarnici\u00f3n A\u00e9rea C\u00f3rdoba, frente a la iglesia.<\/p>\n<p>Es fundamental para participaci\u00f3n de todos los sectores para el \u00e9xito del plan de lucha.<\/p>\n","protected":false},"excerpt":{"rendered":"<p>Hoy se llev\u00f3 adelante un Plenario de Trabajadoras y Trabajadores del Personal Civil de las FFAA en C\u00f3rdoba, que estuvo coordinado por el secretario de Organizaci\u00f3n del Consejo Directivo Provincial (CDP) y trabajador del sector, Javier Bracamonte. Con la agenda encabezada por los reclamos salariales, debido a que el personal civil sufre los haberes m\u00e1s [&hellip;]<\/p>\n","protected":false},"author":7,"featured_media":46315,"comment_status":"open","ping_status":"open","sticky":false,"template":"","format":"standard","meta":{"_exactmetrics_skip_tracking":false,"_exactmetrics_sitenote_active":false,"_exactmetrics_sitenote_note":"","_exactmetrics_sitenote_category":0,"jnews-multi-image_gallery":[],"jnews_single_post":{"format":"standard","override":[{"template":"1","parallax":"1","fullscreen":"1","layout":"no-sidebar-narrow","sidebar":"default-sidebar","second_sidebar":"default-sidebar","sticky_sidebar":"1","share_position":"bottom","share_float_style":"share-monocrhome","show_share_counter":"1","show_view_counter":"1","show_post_meta":"1","show_post_author_image":"1","show_post_date":"1","post_date_format":"default","post_date_format_custom":"Y\/m\/d","show_post_category":"1","show_post_reading_time":"0","post_reading_time_wpm":"300","post_calculate_word_method":"str_word_count","show_zoom_button":"0","zoom_button_out_step":"2","zoom_button_in_step":"3","show_post_tag":"1","number_popup_post":"1","show_post_related":"1","show_inline_post_related":"0"}],"image_override":[{"single_post_thumbnail_size":"crop-500","single_post_gallery_size":"crop-500"}],"trending_post_position":"meta","trending_post_label":"Trending","sponsored_post_label":"Sponsored by","disable_ad":"0"},"jnews_primary_category":[],"jnews_social_meta":[],"jnews_review":[],"enable_review":"","type":"percentage","name":"","summary":"","brand":"","sku":"","good":[],"bad":[],"score_override":"","override_value":"","rating":[],"price":[],"jnews_override_counter":{"view_counter_number":"0","share_counter_number":"0","like_counter_number":"0","dislike_counter_number":"0"},"jnews_post_split":{"post_split":[{"template":"1","tag":"h2","numbering":"asc","mode":"normal","first":"0","enable_toc":"0","toc_type":"normal"}]},"footnotes":""},"categories":[18],"tags":[32,392,618],"class_list":["post-46314","post","type-post","status-publish","format-standard","has-post-thumbnail","hentry","category-nacionales","tag-paro","tag-personal-civil-ff-aa","tag-plan-de-lucha"],"jetpack_featured_media_url":"https:\/\/atecordoba.org\/wp-content\/uploads\/2024\/11\/IMG-20241105-WA0169-e1730826626183.jpg","_links":{"self":[{"href":"https:\/\/atecordoba.org\/index.php?rest_route=\/wp\/v2\/posts\/46314","targetHints":{"allow":["GET"]}}],"collection":[{"href":"https:\/\/atecordoba.org\/index.php?rest_route=\/wp\/v2\/posts"}],"about":[{"href":"https:\/\/atecordoba.org\/index.php?rest_route=\/wp\/v2\/types\/post"}],"author":[{"embeddable":true,"href":"https:\/\/atecordoba.org\/index.php?rest_route=\/wp\/v2\/users\/7"}],"replies":[{"embeddable":true,"href":"https:\/\/atecordoba.org\/index.php?rest_route=%2Fwp%2Fv2%2Fcomments&post=46314"}],"version-history":[{"count":5,"href":"https:\/\/atecordoba.org\/index.php?rest_route=\/wp\/v2\/posts\/46314\/revisions"}],"predecessor-version":[{"id":46322,"href":"https:\/\/atecordoba.org\/index.php?rest_route=\/wp\/v2\/posts\/46314\/revisions\/46322"}],"wp:featuredmedia":[{"embeddable":true,"href":"https:\/\/atecordoba.org\/index.php?rest_route=\/wp\/v2\/media\/46315"}],"wp:attachment":[{"href":"https:\/\/atecordoba.org\/index.php?rest_route=%2Fwp%2Fv2%2Fmedia&parent=46314"}],"wp:term":[{"taxonomy":"category","embeddable":true,"href":"https:\/\/atecordoba.org\/index.php?rest_route=%2Fwp%2Fv2%2Fcategories&post=46314"},{"taxonomy":"post_tag","embeddable":true,"href":"https:\/\/atecordoba.org\/index.php?rest_route=%2Fwp%2Fv2%2Ftags&post=46314"}],"curies":[{"name":"wp","href":"https:\/\/api.w.org\/{rel}","templated":true}]}}