{"id":46305,"date":"2024-11-05T09:50:57","date_gmt":"2024-11-05T12:50:57","guid":{"rendered":"https:\/\/atecordoba.org\/?p=46305"},"modified":"2024-11-05T09:53:44","modified_gmt":"2024-11-05T12:53:44","slug":"continua-en-cordoba-el-plan-de-lucha-en-defensa-de-las-fabricas-militares","status":"publish","type":"post","link":"https:\/\/atecordoba.org\/?p=46305","title":{"rendered":"Contin\u00faa en C\u00f3rdoba el Plan de Lucha en defensa de las F\u00e1bricas Militares"},"content":{"rendered":"<div class=\"entry-thumb\"><img loading=\"lazy\" decoding=\"async\" class=\"attachment-full wp-post-image aligncenter\" src=\"https:\/\/ctaacordoba.org\/wp-content\/uploads\/2024\/11\/1-2.jpg\" srcset=\"https:\/\/ctaacordoba.org\/wp-content\/uploads\/2024\/11\/1-2.jpg 1280w, https:\/\/ctaacordoba.org\/wp-content\/uploads\/2024\/11\/1-2-300x225.jpg 300w, https:\/\/ctaacordoba.org\/wp-content\/uploads\/2024\/11\/1-2-1024x768.jpg 1024w, https:\/\/ctaacordoba.org\/wp-content\/uploads\/2024\/11\/1-2-768x576.jpg 768w\" alt=\"\" width=\"635\" height=\"477\" \/><\/div>\n<div class=\"entry-content\">\n<div class=\"xdj266r x11i5rnm xat24cr x1mh8g0r x1vvkbs x126k92a\">\n<div dir=\"auto\">El viernes pasado, el Secretario General de ATE C\u00f3rdoba, Federico Giuliani, mantuvo una reuni\u00f3n con las conducciones del sindicato en las seccionales R\u00edo Tercero y Villa Mar\u00eda, para avanzar en la organizaci\u00f3n de una Jornada de Lucha en defensa de las industrias de Producci\u00f3n para la Defensa radicadas en la provincia que tendr\u00e1 lugar el pr\u00f3ximo 20 de noviembre.<\/div>\n<div dir=\"auto\">\u201cEstuvimos organizando una acci\u00f3n directa en defensa de los puestos de trabajo y por la Soberan\u00eda Nacional porque la Patria se defiende y no vamos a permitir el vaciamiento y privatizaci\u00f3n de las f\u00e1bricas militares en C\u00f3rdoba\u201d, apunt\u00f3 el dirigente al cabo del encuentro con representantes de los organismos nacionales de producci\u00f3n radicados en la provincia.<\/div>\n<div dir=\"auto\">En la continuidad del plan de acci\u00f3n, bajo el lema \u201cCuando la Patria est\u00e1 en riesgo vale todo menos no defenderla\u201d, se defini\u00f3 llevar adelante una Jornada de Lucha el 20 de noviembre, D\u00eda de la Soberan\u00eda Nacional, con un corte en la Ruta Nacional N\u00ba 9, Autopista C\u00f3rdoba-Rosario, a la altura de Villa Mar\u00eda.<\/div>\n<\/div>\n<div class=\"x11i5rnm xat24cr x1mh8g0r x1vvkbs xtlvy1s x126k92a\">\n<div dir=\"auto\">La medida de fuerza se llevar\u00e1 a cabo en defensa de la Soberan\u00eda Nacional, en contra del \u201cindustricidio\u201d que lleva adelante el Gobierno Nacional, las fuentes de trabajo, y para exigir un cambio de rumbo pol\u00edtico y econ\u00f3mico que beneficie a nuestro pueblo.<\/div>\n<div dir=\"auto\">Junto a Giuliani y a Javier Bracamonte, Secretario de Organizaci\u00f3n del Consejo Directivo Provincial de ATE C\u00f3rdoba, participaron de la reuni\u00f3n el Secretario General de ATE R\u00edo Tercero, David Salto; junto al Secretario Gremial, Juan Baz\u00e1n; y el Delegado Sergio Cisneros; mientras que por Villa Mar\u00eda lo hicieron la Secretaria Adjunta, Mar\u00eda Maturano; el Secretario Administrativo, Jorge Varas; la Secretaria Gremial, Silvana Torres; y el Paritario de Fabricaciones Militares, Sergio Catalano.<\/div>\n<\/div>\n<\/div>\n","protected":false},"excerpt":{"rendered":"<p>El viernes pasado, el Secretario General de ATE C\u00f3rdoba, Federico Giuliani, mantuvo una reuni\u00f3n con las conducciones del sindicato en las seccionales R\u00edo Tercero y Villa Mar\u00eda, para avanzar en la organizaci\u00f3n de una Jornada de Lucha en defensa de las industrias de Producci\u00f3n para la Defensa radicadas en la provincia que tendr\u00e1 lugar el [&hellip;]<\/p>\n","protected":false},"author":7,"featured_media":46312,"comment_status":"open","ping_status":"open","sticky":false,"template":"","format":"standard","meta":{"_exactmetrics_skip_tracking":false,"_exactmetrics_sitenote_active":false,"_exactmetrics_sitenote_note":"","_exactmetrics_sitenote_category":0,"jnews-multi-image_gallery":[],"jnews_single_post":{"format":"standard","override":[{"template":"1","parallax":"1","fullscreen":"1","layout":"no-sidebar-narrow","sidebar":"default-sidebar","second_sidebar":"default-sidebar","sticky_sidebar":"1","share_position":"bottom","share_float_style":"share-monocrhome","show_share_counter":"1","show_view_counter":"1","show_post_meta":"1","show_post_author_image":"1","show_post_date":"1","post_date_format":"default","post_date_format_custom":"Y\/m\/d","show_post_category":"1","show_post_reading_time":"0","post_reading_time_wpm":"300","post_calculate_word_method":"str_word_count","show_zoom_button":"0","zoom_button_out_step":"2","zoom_button_in_step":"3","show_post_tag":"1","number_popup_post":"1","show_post_related":"1","show_inline_post_related":"0"}],"image_override":[{"single_post_thumbnail_size":"crop-500","single_post_gallery_size":"crop-500"}],"trending_post_position":"meta","trending_post_label":"Trending","sponsored_post_label":"Sponsored by","disable_ad":"0"},"jnews_primary_category":[],"jnews_social_meta":[],"jnews_review":[],"enable_review":"","type":"percentage","name":"","summary":"","brand":"","sku":"","good":[],"bad":[],"score_override":"","override_value":"","rating":[],"price":[],"jnews_override_counter":{"view_counter_number":"0","share_counter_number":"0","like_counter_number":"0","dislike_counter_number":"0"},"jnews_post_split":{"post_split":[{"template":"1","tag":"h2","numbering":"asc","mode":"normal","first":"0","enable_toc":"0","toc_type":"normal"}]},"footnotes":""},"categories":[18],"tags":[703,506,874],"class_list":["post-46305","post","type-post","status-publish","format-standard","has-post-thumbnail","hentry","category-nacionales","tag-ffmm","tag-industricidio","tag-soberania"],"jetpack_featured_media_url":"https:\/\/atecordoba.org\/wp-content\/uploads\/2024\/11\/1-2-e1730811218277.jpg","_links":{"self":[{"href":"https:\/\/atecordoba.org\/index.php?rest_route=\/wp\/v2\/posts\/46305","targetHints":{"allow":["GET"]}}],"collection":[{"href":"https:\/\/atecordoba.org\/index.php?rest_route=\/wp\/v2\/posts"}],"about":[{"href":"https:\/\/atecordoba.org\/index.php?rest_route=\/wp\/v2\/types\/post"}],"author":[{"embeddable":true,"href":"https:\/\/atecordoba.org\/index.php?rest_route=\/wp\/v2\/users\/7"}],"replies":[{"embeddable":true,"href":"https:\/\/atecordoba.org\/index.php?rest_route=%2Fwp%2Fv2%2Fcomments&post=46305"}],"version-history":[{"count":2,"href":"https:\/\/atecordoba.org\/index.php?rest_route=\/wp\/v2\/posts\/46305\/revisions"}],"predecessor-version":[{"id":46311,"href":"https:\/\/atecordoba.org\/index.php?rest_route=\/wp\/v2\/posts\/46305\/revisions\/46311"}],"wp:featuredmedia":[{"embeddable":true,"href":"https:\/\/atecordoba.org\/index.php?rest_route=\/wp\/v2\/media\/46312"}],"wp:attachment":[{"href":"https:\/\/atecordoba.org\/index.php?rest_route=%2Fwp%2Fv2%2Fmedia&parent=46305"}],"wp:term":[{"taxonomy":"category","embeddable":true,"href":"https:\/\/atecordoba.org\/index.php?rest_route=%2Fwp%2Fv2%2Fcategories&post=46305"},{"taxonomy":"post_tag","embeddable":true,"href":"https:\/\/atecordoba.org\/index.php?rest_route=%2Fwp%2Fv2%2Ftags&post=46305"}],"curies":[{"name":"wp","href":"https:\/\/api.w.org\/{rel}","templated":true}]}}