{"id":46296,"date":"2024-11-05T09:44:38","date_gmt":"2024-11-05T12:44:38","guid":{"rendered":"https:\/\/atecordoba.org\/?p=46296"},"modified":"2024-11-05T09:44:38","modified_gmt":"2024-11-05T12:44:38","slug":"alca-al-carajo-el-hito-que-reafirmo-la-soberania-de-la-patria-grande","status":"publish","type":"post","link":"https:\/\/atecordoba.org\/?p=46296","title":{"rendered":"ALCA\u2026 al carajo: el hito que reafirm\u00f3 la Soberan\u00eda de la Patria Grande"},"content":{"rendered":"<p><em>En 2005, en Mar del Plata, la Cumbre de los Pueblos le plantaba cara a Estados Unidos e imped\u00eda un tratado de libre comercio que eliminaba los aranceles a los productos trasnacionales, de Alaska a Tierra del Fuego.<\/em><\/p>\n<p><img loading=\"lazy\" decoding=\"async\" class=\"aligncenter wp-image-46298 size-full\" src=\"https:\/\/atecordoba.org\/wp-content\/uploads\/2024\/11\/no_al_alca_570300.jpg\" alt=\"\" width=\"570\" height=\"300\" srcset=\"https:\/\/atecordoba.org\/wp-content\/uploads\/2024\/11\/no_al_alca_570300.jpg 570w, https:\/\/atecordoba.org\/wp-content\/uploads\/2024\/11\/no_al_alca_570300-300x158.jpg 300w\" sizes=\"auto, (max-width: 570px) 100vw, 570px\" \/><\/p>\n<p>Un 5 de noviembre, hace 19 a\u00f1os y en Mar del Plata, la Cumbre de los Pueblos se convert\u00eda en un hito de reafirmaci\u00f3n de la soberan\u00eda latinoamericana sobre los intentos de injerencia de Estados Unidos. Un hito que pas\u00f3 a la historia de la mano de una consigna: \u201cNo al ALCA\u201d, que en palabras de Hugo Ch\u00e1vez, su orador central, se convirti\u00f3 en una frase \u00e9pica: \u201cALCA, ALCA\u2026 al carajo\u201d.<\/p>\n<p>El ALCA fue la sigla con la que se conoci\u00f3 el del Tratado de \u00c1rea de Libre Comercio de las Am\u00e9ricas,\u00a0una iniciativa del gobierno estadounidense \u2014liderado por entonces por\u00a0George W. Bush\u2014 que hab\u00eda sido aprobado en 1994 y deb\u00eda ponerse en vigencia en 2005, El proyecto propon\u00eda la creaci\u00f3n de\u00a0un mercado para la libre competencia, desde Alaska a Tierra del Fuego, con la eliminaci\u00f3n de barreras arancelarias y la liberalizaci\u00f3n de servicios.<\/p>\n<p>Pero la iniciativa\u00a0encontr\u00f3 sus principales oponentes en los presidentes N\u00e9stor Kirchner (Argentina), Luiz In\u00e1cio Lula da Silva (Brasil), Hugo Ch\u00e1vez (Venezuela), Nicanor Duarte Frutos (Paraguay) y Tabar\u00e9 V\u00e1zquez (Uruguay),\u00a0quienes consideraron que el tratado significaba, en la pr\u00e1ctica, abrir las puertas de los mercados latinoamericanos al ingreso de las grandes transnacionales en detrimento de las industrias nacionales.<\/p>\n<p>Como consecuencia, y\u00a0en el marco de la reuni\u00f3n de la IV Cumbre de las Am\u00e9ricas que tuvo lugar en la ciudad costera de Mar del Plata, se realiz\u00f3 la contracumbre, o Cumbre de los Pueblos,\u00a0que del 1 al 4 de noviembre hab\u00eda sido precedida por\u00a0masivas manifestaciones en las calles marplatenses\u00a0impulsadas por organizaciones sociales, pol\u00edticas, sindicales, campesinas, estudiantiles, culturales y de derechos humanos.<img loading=\"lazy\" decoding=\"async\" class=\"aligncenter wp-image-46299 size-full\" src=\"https:\/\/atecordoba.org\/wp-content\/uploads\/2024\/11\/alca-espalda.jpg\" alt=\"\" width=\"640\" height=\"480\" srcset=\"https:\/\/atecordoba.org\/wp-content\/uploads\/2024\/11\/alca-espalda.jpg 640w, https:\/\/atecordoba.org\/wp-content\/uploads\/2024\/11\/alca-espalda-300x225.jpg 300w\" sizes=\"auto, (max-width: 640px) 100vw, 640px\" \/><\/p>\n<p>La Cumbre termin\u00f3 en\u00a0un gran evento en el Estadio Mundialista de Mar del Plata\u00a0del que participaron figuras de la cultura, como\u00a0Silvio Rodr\u00edguez, del deporte, como\u00a0Diego Maradona, y el por entonces candidato a presidente de Bolivia,\u00a0Evo Morales Ayma. All\u00ed, Ch\u00e1vez sintetiz\u00f3 el sentir popular con su emblem\u00e1tica frase: \u201cALCA, ALCA\u2026 al carajo\u201d.<\/p>\n<p>El hecho enterr\u00f3 el tratado e inaugur\u00f3 una etapa de integraci\u00f3n regional de la Patria Grande, que fortaleci\u00f3 los mecanismos de autonom\u00eda econ\u00f3mica y pol\u00edtica de los pueblos.<\/p>\n<p>La derrota diplom\u00e1tica del Tratado de \u00c1rea de Libre Comercio de las Am\u00e9ricas (ALCA), impulsada por los presidentes N\u00e9stor Kirchner (Argentina), Luiz In\u00e1cio Lula da Silva (Brasil), Hugo Ch\u00e1vez (Venezuela), Nicanor Duarte Frutos (Paraguay) y Tabar\u00e9 V\u00e1zquez (Uruguay). Todos se negaron a implementar el proyecto propuesto por el gobierno de los Estados Unidos que propon\u00eda la creaci\u00f3n de un mercado para la libre competencia, desde Alaska a Tierra del Fuego, con la eliminaci\u00f3n de barreras arancelarias y la liberalizaci\u00f3n de servicios. Liderado por el presidente de Estados Unidos George W. Bush, significaba la libre competencia entre los principales monopolios y fuerzas econ\u00f3micas dominantes en el mercado.<img loading=\"lazy\" decoding=\"async\" class=\"alignleft wp-image-46300 \" src=\"https:\/\/atecordoba.org\/wp-content\/uploads\/2024\/11\/diego.jpeg\" alt=\"\" width=\"416\" height=\"241\" \/><\/p>\n<p>Se trat\u00f3 de un momento hist\u00f3rico para la soberan\u00eda de Latinoam\u00e9rica ya que, en el marco de la IV Cumbre de las Am\u00e9ricas, por primera vez los principales l\u00edderes pol\u00edticos de la regi\u00f3n lograron imponerse a la consolidaci\u00f3n del poder econ\u00f3mico de las grandes transnacionales y de las \u00e9lites dominantes.<\/p>\n<p>N\u00e9stor Kirchner, Luiz In\u00e1cio Lula da Silva y Hugo Ch\u00e1vez fueron los grandes conductores del rechazo al ALCA, entendiendo que la consolidaci\u00f3n de ese acuerdo implicaba una amenaza para la capacidad de los Estados Latinoamericanos de poner en pr\u00e1ctica pol\u00edticas que reactiven la econom\u00eda local, promuevan el desarrollo econ\u00f3mico y la integraci\u00f3n social.<\/p>\n<p>Adem\u00e1s de haber identificado la necesidad de la integraci\u00f3n regional, desde sus pol\u00edticas p\u00fablicas se ve\u00eda en ellos una b\u00fasqueda del fortalecimiento de los mecanismos de participaci\u00f3n popular, las industrias nacionales, la puesta en valor de la cultura local y una visi\u00f3n cr\u00edtica del neoliberalismo, del cual buscaban apartarse. Defend\u00edan un modelo basado en la integraci\u00f3n regional entre iguales, y en defensa de la autonom\u00eda pol\u00edtica, econ\u00f3mica y cultural de los pueblos.<\/p>\n<h3><strong>Cumbre de los Pueblos<\/strong><\/h3>\n<p>Fue un evento sin precedentes en Argentina y en la regi\u00f3n para expresar, con el grito de \u201cFuera Bush\u201d, la voluntad popular que rechazaba la intervenci\u00f3n del gobierno de Estados Unidos. La manifestaci\u00f3n puso en escena el coraje y la convicci\u00f3n de las y los argentinos, que reconoc\u00edan en la figura de Bush un amenaza contra sus derechos soberanos, en respuesta a la demostraci\u00f3n de fuerza del despliegue del operativo t\u00e1ctico de la marina norteamericana, que acompa\u00f1aba la llegada de su presidente, junto con la operaci\u00f3n medi\u00e1tica de los grandes canales de televisi\u00f3n, augurando violencia y destrozos.<img loading=\"lazy\" decoding=\"async\" class=\"aligncenter wp-image-46301 \" src=\"https:\/\/atecordoba.org\/wp-content\/uploads\/2024\/11\/AF-2005-00-02804-0022-1024x725-1.jpg\" alt=\"\" width=\"586\" height=\"415\" srcset=\"https:\/\/atecordoba.org\/wp-content\/uploads\/2024\/11\/AF-2005-00-02804-0022-1024x725-1.jpg 1024w, https:\/\/atecordoba.org\/wp-content\/uploads\/2024\/11\/AF-2005-00-02804-0022-1024x725-1-300x212.jpg 300w, https:\/\/atecordoba.org\/wp-content\/uploads\/2024\/11\/AF-2005-00-02804-0022-1024x725-1-768x544.jpg 768w, https:\/\/atecordoba.org\/wp-content\/uploads\/2024\/11\/AF-2005-00-02804-0022-1024x725-1-120x86.jpg 120w, https:\/\/atecordoba.org\/wp-content\/uploads\/2024\/11\/AF-2005-00-02804-0022-1024x725-1-750x531.jpg 750w\" sizes=\"auto, (max-width: 586px) 100vw, 586px\" \/><\/p>\n<p>Del 1 al 4 de noviembre de 2005 sali\u00f3 a las calle una sociedad consciente de lo que ser\u00eda el ALCA para sus vidas: dirigentes pol\u00edticos y sociales, organizaciones sociales, sindicales, campesinas, estudiantiles, culturales y de derechos humanos llegaron a Mar del Plata en caravana y a trav\u00e9s del tren blanco, que hab\u00eda salido desde Buenos Aires.<\/p>\n<p>Al margen de la IV Cumbre de las Am\u00e9ricas, se desarroll\u00f3 la \u201cCumbre Social\u201d, que fue una verdadera contracumbre, pues el objetivo de esa enorme reuni\u00f3n era precisamente la oposici\u00f3n al ALCA y el repudio a la presencia de Bush en Argentina.<\/p>\n<p>En esta Cumbre, con la presencia de miles y miles de militantes sociales, participaron Hugo Ch\u00e1vez; Evo Morales (quien todav\u00eda no era presidente de Bolivia); el Premio Nobel de la Paz Adolfo P\u00e9rez Esquivel; las \u201cMadres de Plaza de Mayo\u201d; la CTA y numerosos gremios, los organismos de Derechos Humanos.<\/p>\n<p>Ah\u00ed fue donde Hugo Ch\u00e1vez pronunci\u00f3 su c\u00e9lebre \u201c\u00a1ALCA, ALCA, ALCA \u2026 al carajo!\u201d.<img loading=\"lazy\" decoding=\"async\" class=\"aligncenter wp-image-46302 \" src=\"https:\/\/atecordoba.org\/wp-content\/uploads\/2024\/11\/alca-espalda-1.jpg\" alt=\"\" width=\"585\" height=\"439\" srcset=\"https:\/\/atecordoba.org\/wp-content\/uploads\/2024\/11\/alca-espalda-1.jpg 640w, https:\/\/atecordoba.org\/wp-content\/uploads\/2024\/11\/alca-espalda-1-300x225.jpg 300w\" sizes=\"auto, (max-width: 585px) 100vw, 585px\" \/><\/p>\n<h3><strong>Visibilizar lo nuestro<\/strong><\/h3>\n<p>La expresi\u00f3n art\u00edstica anti-imperialista, que acompa\u00f1\u00f3 a estos l\u00edderes pol\u00edticos en el rechazo al ALCA, fue un factor determinante de la victoria. Los eventos del \u201cNo al ALCA\u201d y sus performances sentaron una nueva etapa de empoderamiento para los y las activistas que desde sus pr\u00e1cticas art\u00edsticas se manifestaron pol\u00edticamente en el espacio p\u00fablico.<\/p>\n<p>El \u201cNo al ALCA\u201d fue un grito de soberan\u00eda y recuperaci\u00f3n de la autoestima de una Patria Grande que volv\u00eda a escuchar el coraz\u00f3n de su tierra y no los dict\u00e1menes culturales importados por las \u00e9lites locales de los grandes centros financieros del mundo.<\/p>\n<p>Dio un sentido de dignidad a las juventudes que se reencontraban con la pol\u00edtica de la mano de l\u00edderes que volv\u00edan a tener el color, el sentir y el decir de su pueblo. El cambio cultural y moral que los trabajadores reclamaban luego de d\u00e9cadas gobernadas a imagen y semejanza de las pol\u00edticas de mercado del consenso de Washington.<\/p>\n<p>Las decisiones que all\u00ed se tomaron dieron lugar en Am\u00e9rica Latina a un cambio de paradigma, el de la unidad en la diversidad. S\u00f3lo se necesitaba que en la cumbre sus presidentes representaran los intereses de sus pueblos.<\/p>\n<p>El pueblo en las calles y cinco presidentes enterraron el ALCA, marcando el comienzo de una nueva era para la Patria Grande.<\/p>\n<p>El 19\u00b0 aniversario del rechazo al ALCA nos encuentra transitando un contexto de incertidumbre y nuevos desaf\u00edos, con un claro retroceso de los movimientos populares perseguidos y hostigados por reg\u00edmenes neofascistas y cipayos que planifican la miseria de las mayor\u00edas y horadan la posibilidad de construir un horizonte independiente en Nuestra Am\u00e9rica.<\/p>\n<p>No habr\u00e1 salida colectiva si las corrientes revolucionarias del pensamiento latinoamericano no rompen con el modelo extractivista-dependiente regido por el capital financiero, que dibuja el mapa de la informalidad, la pobreza y el desamparo en el Continente.<\/p>\n","protected":false},"excerpt":{"rendered":"<p>En 2005, en Mar del Plata, la Cumbre de los Pueblos le plantaba cara a Estados Unidos e imped\u00eda un tratado de libre comercio que eliminaba los aranceles a los productos trasnacionales, de Alaska a Tierra del Fuego. Un 5 de noviembre, hace 19 a\u00f1os y en Mar del Plata, la Cumbre de los Pueblos [&hellip;]<\/p>\n","protected":false},"author":7,"featured_media":46297,"comment_status":"open","ping_status":"open","sticky":false,"template":"","format":"standard","meta":{"_exactmetrics_skip_tracking":false,"_exactmetrics_sitenote_active":false,"_exactmetrics_sitenote_note":"","_exactmetrics_sitenote_category":0,"jnews-multi-image_gallery":[],"jnews_single_post":{"format":"standard","override":[{"template":"1","parallax":"1","fullscreen":"1","layout":"no-sidebar-narrow","sidebar":"default-sidebar","second_sidebar":"default-sidebar","sticky_sidebar":"1","share_position":"bottom","share_float_style":"share-monocrhome","show_share_counter":"1","show_view_counter":"1","show_post_meta":"1","show_post_author_image":"1","show_post_date":"1","post_date_format":"default","post_date_format_custom":"Y\/m\/d","show_post_category":"1","show_post_reading_time":"0","post_reading_time_wpm":"300","post_calculate_word_method":"str_word_count","show_zoom_button":"0","zoom_button_out_step":"2","zoom_button_in_step":"3","show_post_tag":"1","number_popup_post":"1","show_post_related":"1","show_inline_post_related":"0"}],"image_override":[{"single_post_thumbnail_size":"crop-500","single_post_gallery_size":"crop-500"}],"trending_post_position":"meta","trending_post_label":"Trending","sponsored_post_label":"Sponsored by","disable_ad":"0"},"jnews_primary_category":[],"jnews_social_meta":[],"jnews_review":[],"enable_review":"","type":"percentage","name":"","summary":"","brand":"","sku":"","good":[],"bad":[],"score_override":"","override_value":"","rating":[],"price":[],"jnews_override_counter":{"view_counter_number":"0","share_counter_number":"0","like_counter_number":"0","dislike_counter_number":"0"},"jnews_post_split":{"post_split":[{"template":"1","tag":"h2","numbering":"asc","mode":"normal","first":"0","enable_toc":"0","toc_type":"normal"}]},"footnotes":""},"categories":[10],"tags":[1401,1400,1402],"class_list":["post-46296","post","type-post","status-publish","format-standard","has-post-thumbnail","hentry","category-accion-politica","tag-al-carajo","tag-alca","tag-cumbre-de-los-pueblos"],"jetpack_featured_media_url":"https:\/\/atecordoba.org\/wp-content\/uploads\/2024\/11\/mural.jpeg","_links":{"self":[{"href":"https:\/\/atecordoba.org\/index.php?rest_route=\/wp\/v2\/posts\/46296","targetHints":{"allow":["GET"]}}],"collection":[{"href":"https:\/\/atecordoba.org\/index.php?rest_route=\/wp\/v2\/posts"}],"about":[{"href":"https:\/\/atecordoba.org\/index.php?rest_route=\/wp\/v2\/types\/post"}],"author":[{"embeddable":true,"href":"https:\/\/atecordoba.org\/index.php?rest_route=\/wp\/v2\/users\/7"}],"replies":[{"embeddable":true,"href":"https:\/\/atecordoba.org\/index.php?rest_route=%2Fwp%2Fv2%2Fcomments&post=46296"}],"version-history":[{"count":1,"href":"https:\/\/atecordoba.org\/index.php?rest_route=\/wp\/v2\/posts\/46296\/revisions"}],"predecessor-version":[{"id":46303,"href":"https:\/\/atecordoba.org\/index.php?rest_route=\/wp\/v2\/posts\/46296\/revisions\/46303"}],"wp:featuredmedia":[{"embeddable":true,"href":"https:\/\/atecordoba.org\/index.php?rest_route=\/wp\/v2\/media\/46297"}],"wp:attachment":[{"href":"https:\/\/atecordoba.org\/index.php?rest_route=%2Fwp%2Fv2%2Fmedia&parent=46296"}],"wp:term":[{"taxonomy":"category","embeddable":true,"href":"https:\/\/atecordoba.org\/index.php?rest_route=%2Fwp%2Fv2%2Fcategories&post=46296"},{"taxonomy":"post_tag","embeddable":true,"href":"https:\/\/atecordoba.org\/index.php?rest_route=%2Fwp%2Fv2%2Ftags&post=46296"}],"curies":[{"name":"wp","href":"https:\/\/api.w.org\/{rel}","templated":true}]}}