{"id":46289,"date":"2024-11-05T09:33:25","date_gmt":"2024-11-05T12:33:25","guid":{"rendered":"https:\/\/atecordoba.org\/?p=46289"},"modified":"2024-11-05T09:33:59","modified_gmt":"2024-11-05T12:33:59","slug":"a-49-anos-de-la-muerte-de-agustin-tosco-su-ejemplo-palpita-en-el-corazon-de-los-que-luchan","status":"publish","type":"post","link":"https:\/\/atecordoba.org\/?p=46289","title":{"rendered":"A 49 a\u00f1os de la muerte de Agust\u00edn Tosco, su ejemplo palpita en el coraz\u00f3n de los que luchan"},"content":{"rendered":"<p><em>Este 5 de noviembre se cumplen 49 a\u00f1os de la muerte del dirigente sindical y uno de los principales actores del \u201cCordobazo\u201d.<\/em><\/p>\n<p><img loading=\"lazy\" decoding=\"async\" class=\"aligncenter wp-image-46291 size-full\" src=\"https:\/\/atecordoba.org\/wp-content\/uploads\/2024\/11\/TOSOC-PUNO.jpg\" alt=\"\" width=\"650\" height=\"325\" srcset=\"https:\/\/atecordoba.org\/wp-content\/uploads\/2024\/11\/TOSOC-PUNO.jpg 650w, https:\/\/atecordoba.org\/wp-content\/uploads\/2024\/11\/TOSOC-PUNO-300x150.jpg 300w, https:\/\/atecordoba.org\/wp-content\/uploads\/2024\/11\/TOSOC-PUNO-360x180.jpg 360w\" sizes=\"auto, (max-width: 650px) 100vw, 650px\" \/>La CTA Aut\u00f3noma de la Provincia de C\u00f3rdoba rindi\u00f3 su homenaje a uno de los l\u00edderes del sindicalismo de liberaci\u00f3n, combativo y antiburocr\u00e1tico y afirma que \u201csu ejemplo debe ser la gu\u00eda que nos lleve a fortalecer la autonom\u00eda de la clase trabajadora, la libertad y democracia sindical para retomar la senda del protagonismo hist\u00f3rico en la lucha por la Liberaci\u00f3n Nacional y Social\u201d.<\/p>\n<p>\u201cEn esta etapa de revanchismo olig\u00e1rquico y entrega de la Patria, de manifestaciones ultraderechistas y cipayismo expl\u00edcito, la CTA-A enarbola como bandera la unidad de acci\u00f3n y concepci\u00f3n en la lucha contra el neoliberalismo y fomenta la perspectiva de construir un proyecto pol\u00edtico emancipador desde los trabajadores para cumplir con el sue\u00f1o inconcluso de Agust\u00edn Tosco, Atilio L\u00f3pez, Ren\u00e9 Salamanca, H\u00e9ctor \u201cLa Perra\u201d Castro y tantos otros emblemas de lealtad y dignidad en la lucha sin cuartel contra los explotadores, y en defensa de los intereses de la clase trabajadora y el pueblo\u201d, indica una declaraci\u00f3n de la Central.<\/p>\n<p>Y agrega: \u201cComo dec\u00eda \u2018El Gringo\u2019 Tosco, la CTA Aut\u00f3noma de C\u00f3rdoba proclama que la \u00fanica divisi\u00f3n que nosotros hacemos es entre los que luchan y los que se entregan\u201d<b><i>.<\/i><\/b><\/p>\n<p>\u201cTosco planteaba que exist\u00edan dos tipos de sindicalismo: Uno era el sindicalismo de los bur\u00f3cratas que desconoc\u00eda la democracia directa y se eternizaba en los sillones. Por otro lado, est\u00e1 el sindicalismo de liberaci\u00f3n, el que asume una misi\u00f3n y una responsabilidad global, social y nacional. Es el que plantea la transformaci\u00f3n revolucionaria de las estructuras y que reclama que los grandes medios de producci\u00f3n y las palancas fundamentales de la econom\u00eda sean de propiedad estatal\u2013social y no privada\u201d, remata la nota de la CTA-A C\u00f3rdoba.<\/p>\n<h3><strong>Tosco y el Sindicalismo de Liberaci\u00f3n<\/strong><\/h3>\n<p><img loading=\"lazy\" decoding=\"async\" class=\" wp-image-728 alignright\" src=\"http:\/\/ctaacordoba.org\/wp-content\/uploads\/2018\/11\/unnamed-1-1-239x300.jpg\" srcset=\"https:\/\/ctaacordoba.org\/wp-content\/uploads\/2018\/11\/unnamed-1-1-239x300.jpg 239w, https:\/\/ctaacordoba.org\/wp-content\/uploads\/2018\/11\/unnamed-1-1.jpg 518w\" alt=\"\" width=\"343\" height=\"431\" \/><\/p>\n<p>Agust\u00edn, \u201cEl Gringo\u201d, Tosco naci\u00f3 el 22 de Mayo de 1930 en Coronel Moldes.\u00a0De origen muy humilde, Tosco siempre fue un gran aficionado a la lectura. Y eso le permiti\u00f3 acrecentar sus conocimientos y superar su timidez.<\/p>\n<p>Con una gran capacidad de oratoria, Tosco comenz\u00f3 a trabajar (poco despu\u00e9s de terminar el secundario) en la Empresa Provincial de Energ\u00eda de C\u00f3rdoba (EPEC). All\u00ed comenz\u00f3 su carrera como sindicalista.\u00a0Con 19 a\u00f1os, fue elegido subdelegado y un a\u00f1o m\u00e1s tarde, delegado.<\/p>\n<p>En 1952 es electo Secretario del Cuerpo de Delegados de Luz y Fuerza de C\u00f3rdoba. Y en 1954 es elegido secretario gremial del secretariado nacional de la Federaci\u00f3n Argentina de Trabajadores de Luz y Fuerza (FATLyF). Ocup\u00f3 ese cargo, hasta que en 1955 la Revoluci\u00f3n Fusiladora de Pedro Eugenio Aramburu intervino el sindicato.<\/p>\n<p>Ese a\u00f1o, el 1\u00ba de Mayo, Tosco comand\u00f3 el acto del D\u00eda del Trabajador pidi\u00f3 por la libertad de los presos gremiales, la normalizaci\u00f3n de los gremios y de la CGT, y se reclam\u00f3 por salarios justos. En 1956 el r\u00e9gimen de Aramburu lo arrest\u00f3 en el marco de una creciente persecuci\u00f3n pol\u00edtica y sindical que caracteriz\u00f3 a su r\u00e9gimen dictatorial. En 1957, es elegido Secretario General de Luz y Fuerza de C\u00f3rdoba e integra, adem\u00e1s, el secretariado nacional<\/p>\n<p>Luego, vuelve a C\u00f3rdoba y nuevamente es elegido secretario general de su sindicato, desempe\u00f1\u00e1ndose como tal hasta 1966. En ese a\u00f1o, renuncia a ser postulado nuevamente en su gremio de C\u00f3rdoba, aunque integra la comisi\u00f3n directiva como vocal y preside la comisi\u00f3n de la paritaria nacional. En 1968, otra vez es elegido Secretario General de \u201cLuz y Fuerza de C\u00f3rdoba\u201d, sufriendo dos detenciones. Su conducta \u00e9tica as\u00ed como su trabajo sindical y su car\u00e1cter combativo le han ganado ya el afecto de sus compa\u00f1eros del gremio, para quienes es cari\u00f1osamente \u201cel Gringo\u201d. En marzo de 1968, participa en la gestaci\u00f3n de la CGT de los Argentinos, liderada por Raimundo Ongaro, en oposici\u00f3n al \u201cVandorismo\u201d.<\/p>\n<p><img loading=\"lazy\" decoding=\"async\" class=\" wp-image-46290 alignleft\" src=\"https:\/\/atecordoba.org\/wp-content\/uploads\/2024\/11\/TOSCO-DELFINI-234x300.webp\" alt=\"\" width=\"351\" height=\"450\" srcset=\"https:\/\/atecordoba.org\/wp-content\/uploads\/2024\/11\/TOSCO-DELFINI-234x300.webp 234w, https:\/\/atecordoba.org\/wp-content\/uploads\/2024\/11\/TOSCO-DELFINI-797x1024.webp 797w, https:\/\/atecordoba.org\/wp-content\/uploads\/2024\/11\/TOSCO-DELFINI-768x986.webp 768w, https:\/\/atecordoba.org\/wp-content\/uploads\/2024\/11\/TOSCO-DELFINI-1196x1536.webp 1196w, https:\/\/atecordoba.org\/wp-content\/uploads\/2024\/11\/TOSCO-DELFINI-750x963.webp 750w, https:\/\/atecordoba.org\/wp-content\/uploads\/2024\/11\/TOSCO-DELFINI-1140x1464.webp 1140w, https:\/\/atecordoba.org\/wp-content\/uploads\/2024\/11\/TOSCO-DELFINI.webp 1200w\" sizes=\"auto, (max-width: 351px) 100vw, 351px\" \/>El 29 de Mayo de 1969, en C\u00f3rdoba estalla la rebeli\u00f3n popular contra el gobierno de Ongan\u00eda. El \u201cCordobazo\u201d enfrent\u00f3 a obreros y estudiantes contra el Ej\u00e9rcito. Al respecto, Tosco dijo, \u201cfue una rebeli\u00f3n obrera y popular. Surgi\u00f3 de la clase obrera y del pueblo. Lo esencial del Cordobazo es que surge de los trabajadores y de los estudiantes, y que ellos por sus convicciones salen a la calle a luchar\u201d. Tras el Cordobazo, \u201cEl Gringo\u201d fue condenado a ocho a\u00f1os de prisi\u00f3n por un tribunal militar, recuperando la libertad a los diecisiete meses.<\/p>\n<p>En 1972,\u00a0estando a\u00fan preso en la c\u00e1rcel de Rawson\u00a0durante el gobierno de la dictadura de los monopolios es nuevamente elegido dirigente del gremio\u00a0y secretario adjunto de la delegaci\u00f3n regional.<\/p>\n<p>Tras la victoria del peronismo en el a\u00f1o 1973, un a\u00f1o despu\u00e9s, en 1974, al desencadenarse la acci\u00f3n de las Tres A, Tosco pasa a la clandestinidad. A su vez, el gremio es intervenido.\u00a0Un tiempo despu\u00e9s sufre una enfermedad, pero es imposible que lo internen en los hospitales, porque estaba clandestino. Gracias a la ayuda de muchos y variados compa\u00f1eros de Luz y Fuerza y militantes que simpatizaban con su lucha,\u00a0fue ocultado durante m\u00e1s de un a\u00f1o.<\/p>\n<p>A fines de octubre de 1975 fue internado en Buenos Aires, con nombre falso.\u00a0Agust\u00edn Tosco muri\u00f3 en Buenos Aires el 4 de noviembre de 1975, a los 45 a\u00f1os. Sus compa\u00f1eros llevaron su cuerpo sentado en el asiento del acompa\u00f1ante de una ambulancia hasta la ciudad de C\u00f3rdoba. Oficialmente muri\u00f3 en C\u00f3rdoba el 5 de noviembre.<\/p>\n<p>&nbsp;<\/p>\n<p>El cuerpo fue velado en el domicilio particular de un dirigente lucifuercista, y luego trasladado al Club Redes Cordobesas, donde se mont\u00f3 la capilla ardiente.<\/p>\n<p>A su entierro concurrieron unas 20.000 personas, pese a las amenazas de la Triple A. Al llegar el cortejo al cementerio San Jer\u00f3nimo de C\u00f3rdoba,\u00a0unos cuantos matones, apostados en los techos de los panteones, dispararon contra la concurrencia, dejando varios heridos. Un grupo de trabajadores dej\u00f3 el f\u00e9retro en una b\u00f3veda ajena y reci\u00e9n por la noche\u00a0lo trasladaron al pante\u00f3n de Uni\u00f3n El\u00e9ctrica, donde sus restos permanecen hasta hoy.<\/p>\n<h3><strong>Su legado<\/strong><\/h3>\n<p><img loading=\"lazy\" decoding=\"async\" class=\" wp-image-93516 alignright\" src=\"http:\/\/ctaacordoba.org\/wp-content\/uploads\/2024\/11\/GRE-agustin-tosco-II-300x169.jpg\" srcset=\"https:\/\/ctaacordoba.org\/wp-content\/uploads\/2024\/11\/GRE-agustin-tosco-II-300x169.jpg 300w, https:\/\/ctaacordoba.org\/wp-content\/uploads\/2024\/11\/GRE-agustin-tosco-II.jpg 500w\" alt=\"\" width=\"417\" height=\"235\" \/><\/p>\n<p class=\"texto\">Sin duda alguna, es uno de los mejores exponentes del aut\u00e9ntico sindicalismo, a lo largo de nuestra historia. En esa lucha que inici\u00f3 a los 24 a\u00f1os, fue indoblegable hasta su fallecimiento, ocurrido a los 45. Pero no s\u00f3lo dej\u00f3 la impronta de una conducta intachable, sino que plante\u00f3 la necesidad de articular la lucha sindical con la lucha por el socialismo.<\/p>\n<p class=\"texto\">\u201cEl sindicalismo de Liberaci\u00f3n \u2013sostiene- ha comprendido que debe ser un factor en la lucha por la Liberaci\u00f3n Nacional\u201d. \u201cNo pertenec\u00ed, ni pertenezco, a ning\u00fan partido pol\u00edtico\u201d, pero agrega: \u201cCreo que hay una sola soluci\u00f3n para nuestro pueblo, una soluci\u00f3n que es la construcci\u00f3n de la patria socialista\u201d.<\/p>\n<p class=\"texto\">En otra oportunidad, manifiesta: \u201cLa l\u00ednea de lucha por la v\u00eda del antiimperialismo, hacia el socialismo. La heterogeneidad de nuestro socialismo est\u00e1 en que tiene ra\u00edz peronista, marxista, cristiana, por el Movimiento de Sacerdotes del Tercer mundo, que viene de distintos movimientos que lo levantan como bandera\u201d. Cr\u00edtico de la burocracia sindical, no cay\u00f3 por eso en posturas \u201cgorilas\u201d.<\/p>\n<p class=\"texto\">Sostenedor de que los trabajadores se organicen desde una perspectiva clasista, no menospreci\u00f3 la lucha por la Liberaci\u00f3n Nacional. Su ejemplar militancia ha dejado un hondo recuerdo en el pueblo trabajador.<\/p>\n","protected":false},"excerpt":{"rendered":"<p>Este 5 de noviembre se cumplen 49 a\u00f1os de la muerte del dirigente sindical y uno de los principales actores del \u201cCordobazo\u201d. La CTA Aut\u00f3noma de la Provincia de C\u00f3rdoba rindi\u00f3 su homenaje a uno de los l\u00edderes del sindicalismo de liberaci\u00f3n, combativo y antiburocr\u00e1tico y afirma que \u201csu ejemplo debe ser la gu\u00eda que [&hellip;]<\/p>\n","protected":false},"author":7,"featured_media":46292,"comment_status":"open","ping_status":"open","sticky":false,"template":"","format":"standard","meta":{"_exactmetrics_skip_tracking":false,"_exactmetrics_sitenote_active":false,"_exactmetrics_sitenote_note":"","_exactmetrics_sitenote_category":0,"jnews-multi-image_gallery":[],"jnews_single_post":{"format":"standard","override":[{"template":"1","parallax":"1","fullscreen":"1","layout":"no-sidebar-narrow","sidebar":"default-sidebar","second_sidebar":"default-sidebar","sticky_sidebar":"1","share_position":"bottom","share_float_style":"share-monocrhome","show_share_counter":"1","show_view_counter":"1","show_post_meta":"1","show_post_author_image":"1","show_post_date":"1","post_date_format":"default","post_date_format_custom":"Y\/m\/d","show_post_category":"1","show_post_reading_time":"0","post_reading_time_wpm":"300","post_calculate_word_method":"str_word_count","show_zoom_button":"0","zoom_button_out_step":"2","zoom_button_in_step":"3","show_post_tag":"1","number_popup_post":"1","show_post_related":"1","show_inline_post_related":"0"}],"image_override":[{"single_post_thumbnail_size":"crop-500","single_post_gallery_size":"crop-500"}],"trending_post_position":"meta","trending_post_label":"Trending","sponsored_post_label":"Sponsored by","disable_ad":"0"},"jnews_primary_category":[],"jnews_social_meta":[],"jnews_review":[],"enable_review":"","type":"percentage","name":"","summary":"","brand":"","sku":"","good":[],"bad":[],"score_override":"","override_value":"","rating":[],"price":[],"jnews_override_counter":{"view_counter_number":"0","share_counter_number":"0","like_counter_number":"0","dislike_counter_number":"0"},"jnews_post_split":{"post_split":[{"template":"1","tag":"h2","numbering":"asc","mode":"normal","first":"0","enable_toc":"0","toc_type":"normal"}]},"footnotes":""},"categories":[92],"tags":[1399,967],"class_list":["post-46289","post","type-post","status-publish","format-standard","has-post-thumbnail","hentry","category-cta","tag-agustin-tosco","tag-homenaje"],"jetpack_featured_media_url":"https:\/\/atecordoba.org\/wp-content\/uploads\/2024\/11\/TOSCO-FLORES.jpg","_links":{"self":[{"href":"https:\/\/atecordoba.org\/index.php?rest_route=\/wp\/v2\/posts\/46289","targetHints":{"allow":["GET"]}}],"collection":[{"href":"https:\/\/atecordoba.org\/index.php?rest_route=\/wp\/v2\/posts"}],"about":[{"href":"https:\/\/atecordoba.org\/index.php?rest_route=\/wp\/v2\/types\/post"}],"author":[{"embeddable":true,"href":"https:\/\/atecordoba.org\/index.php?rest_route=\/wp\/v2\/users\/7"}],"replies":[{"embeddable":true,"href":"https:\/\/atecordoba.org\/index.php?rest_route=%2Fwp%2Fv2%2Fcomments&post=46289"}],"version-history":[{"count":2,"href":"https:\/\/atecordoba.org\/index.php?rest_route=\/wp\/v2\/posts\/46289\/revisions"}],"predecessor-version":[{"id":46294,"href":"https:\/\/atecordoba.org\/index.php?rest_route=\/wp\/v2\/posts\/46289\/revisions\/46294"}],"wp:featuredmedia":[{"embeddable":true,"href":"https:\/\/atecordoba.org\/index.php?rest_route=\/wp\/v2\/media\/46292"}],"wp:attachment":[{"href":"https:\/\/atecordoba.org\/index.php?rest_route=%2Fwp%2Fv2%2Fmedia&parent=46289"}],"wp:term":[{"taxonomy":"category","embeddable":true,"href":"https:\/\/atecordoba.org\/index.php?rest_route=%2Fwp%2Fv2%2Fcategories&post=46289"},{"taxonomy":"post_tag","embeddable":true,"href":"https:\/\/atecordoba.org\/index.php?rest_route=%2Fwp%2Fv2%2Ftags&post=46289"}],"curies":[{"name":"wp","href":"https:\/\/api.w.org\/{rel}","templated":true}]}}