{"id":46283,"date":"2024-11-04T14:27:29","date_gmt":"2024-11-04T17:27:29","guid":{"rendered":"https:\/\/atecordoba.org\/?p=46283"},"modified":"2024-11-04T15:52:35","modified_gmt":"2024-11-04T18:52:35","slug":"mendiolaza-juzgado-rechaza-la-exclusion-de-la-tutela-gremial-del-delegado-zamarreno-que-ate-tacho-de-discriminatoria-y-antisindical","status":"publish","type":"post","link":"https:\/\/atecordoba.org\/?p=46283","title":{"rendered":"Mendiolaza: juzgado rechaza la exclusi\u00f3n de la tutela gremial del delegado Zamarre\u00f1o, que ATE tach\u00f3 de discriminatoria y antisindical"},"content":{"rendered":"<figure id=\"attachment_46284\" aria-describedby=\"caption-attachment-46284\" style=\"width: 628px\" class=\"wp-caption aligncenter\"><img loading=\"lazy\" decoding=\"async\" class=\"wp-image-46284 \" src=\"https:\/\/atecordoba.org\/wp-content\/uploads\/2024\/11\/Imagen-de-WhatsApp-2024-08-05-a-las-14.03.31_32f3b8f3-1024x461.jpg\" alt=\"\" width=\"628\" height=\"283\" srcset=\"https:\/\/atecordoba.org\/wp-content\/uploads\/2024\/11\/Imagen-de-WhatsApp-2024-08-05-a-las-14.03.31_32f3b8f3-1024x461.jpg 1024w, https:\/\/atecordoba.org\/wp-content\/uploads\/2024\/11\/Imagen-de-WhatsApp-2024-08-05-a-las-14.03.31_32f3b8f3-300x135.jpg 300w, https:\/\/atecordoba.org\/wp-content\/uploads\/2024\/11\/Imagen-de-WhatsApp-2024-08-05-a-las-14.03.31_32f3b8f3-768x346.jpg 768w, https:\/\/atecordoba.org\/wp-content\/uploads\/2024\/11\/Imagen-de-WhatsApp-2024-08-05-a-las-14.03.31_32f3b8f3-750x338.jpg 750w, https:\/\/atecordoba.org\/wp-content\/uploads\/2024\/11\/Imagen-de-WhatsApp-2024-08-05-a-las-14.03.31_32f3b8f3-1140x513.jpg 1140w, https:\/\/atecordoba.org\/wp-content\/uploads\/2024\/11\/Imagen-de-WhatsApp-2024-08-05-a-las-14.03.31_32f3b8f3.jpg 1280w\" sizes=\"auto, (max-width: 628px) 100vw, 628px\" \/><figcaption id=\"caption-attachment-46284\" class=\"wp-caption-text\">Asamblea en las puertas de la Municipalidad de Mendiolaza.<\/figcaption><\/figure>\n<p>La jueza del trabajo Mar\u00eda Elena Arriazu rechaz\u00f3 en una sentencia del pasado 31 de octubre el intento de exclusi\u00f3n de la tutela sindical del delegado de ATE Mart\u00edn Horacio Zamarre\u00f1o, compa\u00f1ero que fue perseguido por el cumplimiento de su obligaci\u00f3n como representante de las y los trabajadores de la Municipalidad de Mendiolaza.<\/p>\n<p>De esta forma, el fallo descarta la pretensi\u00f3n del Departamento Ejecutivo encabezado por la intendenta Adela Arning, cuyo nombre trascendi\u00f3 los \u00faltimos d\u00edas por celebrar que Mauricio Macri ser\u00eda futuro vecino de la localidad.<\/p>\n<p>La resoluci\u00f3n judicial dej\u00f3 claramente establecido que el delegado ven\u00eda cumpliendo tareas en la Municipalidad desde 2015 y que desde 2020 es delegado de nuestro gremio. Adem\u00e1s convalid\u00f3 que el compa\u00f1ero tuvo y tiene activa participaci\u00f3n en la negociaci\u00f3n paritaria que se viene desarrollando en 2024, as\u00ed como en el conflicto gremial que desat\u00f3 la propia Arning cuando se neg\u00f3 a realizar nuevas convocatorias a la discusi\u00f3n salarial en el segundo semestre del a\u00f1o, fijando el mes de noviembre como fecha para una nueva convocatoria, mientras las y los municipales en numerosas asambleas reclamaron una recomposici\u00f3n ante la p\u00e9rdida de capacidad de comprar de sus haberes, que se registra a ra\u00edz de la inflaci\u00f3n.<\/p>\n<figure id=\"attachment_46285\" aria-describedby=\"caption-attachment-46285\" style=\"width: 615px\" class=\"wp-caption aligncenter\"><img loading=\"lazy\" decoding=\"async\" class=\"wp-image-46285\" src=\"https:\/\/atecordoba.org\/wp-content\/uploads\/2024\/11\/zamarreno.jpeg\" alt=\"\" width=\"615\" height=\"462\" srcset=\"https:\/\/atecordoba.org\/wp-content\/uploads\/2024\/11\/zamarreno.jpeg 768w, https:\/\/atecordoba.org\/wp-content\/uploads\/2024\/11\/zamarreno-300x225.jpeg 300w, https:\/\/atecordoba.org\/wp-content\/uploads\/2024\/11\/zamarreno-750x563.jpeg 750w\" sizes=\"auto, (max-width: 615px) 100vw, 615px\" \/><figcaption id=\"caption-attachment-46285\" class=\"wp-caption-text\">El delegado Zamarre\u00f1o (tercero), junto a nuestro secretario General Federico Giuliani y la delegada Luciana P\u00e9rez D\u00e1vila, durante una audiencia paritaria en febrero pasado.<\/figcaption><\/figure>\n<p>ATE hab\u00eda rechazado la medida del Ejecutivo por discriminatoria y antisindical. Adem\u00e1s, testigos propuestos ratificaron que el delegado cumpl\u00eda con sus tareas en la dependencia y que tambi\u00e9n ejerc\u00eda su rol de delegado de manera correcta.<\/p>\n<p>De esta forma, el poder judicial de la provincia ratifica el derecho del delegado a ejercer la representaci\u00f3n de sus compa\u00f1eros\/as y, de la misma forma, protege el derecho del personal a contar con representaci\u00f3n sindical.<\/p>\n<p>Cabe se\u00f1alar que la Municipalidad pretendi\u00f3 excluir la tutela (mecanismo legal para despedir un delegado) se\u00f1alando que su objetivo era no renovarle su contrato, a trav\u00e9s del cual el compa\u00f1ero cumple funciones en la Municipalidad de manera precarizada.<\/p>\n<p>Ahora, cuando en noviembre la Municipalidad convoque a una nueva audiencia de la paritaria municipal el compa\u00f1ero Zamarre\u00f1o seguir\u00e1 presente como delegado de ATE para defender los salarios y las condiciones de trabajo de sus compa\u00f1eros\/as.<\/p>\n","protected":false},"excerpt":{"rendered":"<p>La jueza del trabajo Mar\u00eda Elena Arriazu rechaz\u00f3 en una sentencia del pasado 31 de octubre el intento de exclusi\u00f3n de la tutela sindical del delegado de ATE Mart\u00edn Horacio Zamarre\u00f1o, compa\u00f1ero que fue perseguido por el cumplimiento de su obligaci\u00f3n como representante de las y los trabajadores de la Municipalidad de Mendiolaza. De esta [&hellip;]<\/p>\n","protected":false},"author":7,"featured_media":46286,"comment_status":"open","ping_status":"open","sticky":false,"template":"","format":"standard","meta":{"_exactmetrics_skip_tracking":false,"_exactmetrics_sitenote_active":false,"_exactmetrics_sitenote_note":"","_exactmetrics_sitenote_category":0,"jnews-multi-image_gallery":[],"jnews_single_post":{"format":"standard","override":[{"template":"1","parallax":"1","fullscreen":"1","layout":"no-sidebar-narrow","sidebar":"default-sidebar","second_sidebar":"default-sidebar","sticky_sidebar":"1","share_position":"bottom","share_float_style":"share-monocrhome","show_share_counter":"1","show_view_counter":"1","show_post_meta":"1","show_post_author_image":"1","show_post_date":"1","post_date_format":"default","post_date_format_custom":"Y\/m\/d","show_post_category":"1","show_post_reading_time":"0","post_reading_time_wpm":"300","post_calculate_word_method":"str_word_count","show_zoom_button":"0","zoom_button_out_step":"2","zoom_button_in_step":"3","show_post_tag":"1","number_popup_post":"1","show_post_related":"1","show_inline_post_related":"0"}],"image_override":[{"single_post_thumbnail_size":"crop-500","single_post_gallery_size":"crop-500"}],"trending_post_position":"meta","trending_post_label":"Trending","sponsored_post_label":"Sponsored by","disable_ad":"0"},"jnews_primary_category":[],"jnews_social_meta":[],"jnews_review":[],"enable_review":"","type":"percentage","name":"","summary":"","brand":"","sku":"","good":[],"bad":[],"score_override":"","override_value":"","rating":[],"price":[],"jnews_override_counter":{"view_counter_number":"0","share_counter_number":"0","like_counter_number":"0","dislike_counter_number":"0"},"jnews_post_split":{"post_split":[{"template":"1","tag":"h2","numbering":"asc","mode":"normal","first":"0","enable_toc":"0","toc_type":"normal"}]},"footnotes":""},"categories":[20],"tags":[1398,26,1160,974,947],"class_list":["post-46283","post","type-post","status-publish","format-standard","has-post-thumbnail","hentry","category-municipales","tag-antisindical","tag-ate","tag-cordoba-2","tag-discriminacion","tag-mendiolaza"],"jetpack_featured_media_url":"https:\/\/atecordoba.org\/wp-content\/uploads\/2024\/11\/mendiolaza-e1730741199511.jpg","_links":{"self":[{"href":"https:\/\/atecordoba.org\/index.php?rest_route=\/wp\/v2\/posts\/46283","targetHints":{"allow":["GET"]}}],"collection":[{"href":"https:\/\/atecordoba.org\/index.php?rest_route=\/wp\/v2\/posts"}],"about":[{"href":"https:\/\/atecordoba.org\/index.php?rest_route=\/wp\/v2\/types\/post"}],"author":[{"embeddable":true,"href":"https:\/\/atecordoba.org\/index.php?rest_route=\/wp\/v2\/users\/7"}],"replies":[{"embeddable":true,"href":"https:\/\/atecordoba.org\/index.php?rest_route=%2Fwp%2Fv2%2Fcomments&post=46283"}],"version-history":[{"count":2,"href":"https:\/\/atecordoba.org\/index.php?rest_route=\/wp\/v2\/posts\/46283\/revisions"}],"predecessor-version":[{"id":46288,"href":"https:\/\/atecordoba.org\/index.php?rest_route=\/wp\/v2\/posts\/46283\/revisions\/46288"}],"wp:featuredmedia":[{"embeddable":true,"href":"https:\/\/atecordoba.org\/index.php?rest_route=\/wp\/v2\/media\/46286"}],"wp:attachment":[{"href":"https:\/\/atecordoba.org\/index.php?rest_route=%2Fwp%2Fv2%2Fmedia&parent=46283"}],"wp:term":[{"taxonomy":"category","embeddable":true,"href":"https:\/\/atecordoba.org\/index.php?rest_route=%2Fwp%2Fv2%2Fcategories&post=46283"},{"taxonomy":"post_tag","embeddable":true,"href":"https:\/\/atecordoba.org\/index.php?rest_route=%2Fwp%2Fv2%2Ftags&post=46283"}],"curies":[{"name":"wp","href":"https:\/\/api.w.org\/{rel}","templated":true}]}}