{"id":4628,"date":"2014-10-22T17:09:35","date_gmt":"2014-10-22T20:09:35","guid":{"rendered":"http:\/\/www.atecordoba.org\/?p=4628"},"modified":"2020-06-09T15:43:04","modified_gmt":"2020-06-09T18:43:04","slug":"organizado-por-ate-se-realizo-el-seminario-de-violencia-de-genero-en-la-fuerza-aerea","status":"publish","type":"post","link":"https:\/\/atecordoba.org\/?p=4628","title":{"rendered":"ATE particip\u00f3 en el seminario de violencia de g\u00e9nero realizado por el IUA"},"content":{"rendered":"<p><em>El objetivo de la jornada fue abrir las puertas al debate en el sector sobre la violencia contra las mujeres, as\u00ed como sobre la violencia laboral e institucional, y cont\u00f3 con la organizaci\u00f3n de la Secretaria de Extensi\u00f3n del Instituto Universitario Aeron\u00e1utico (IUA) y de la Escuela de Suboficiales. ATE \u00a0particip\u00f3 junto a otros gremios del sector.\u00a0<\/em><\/p>\n<figure id=\"attachment_4629\" aria-describedby=\"caption-attachment-4629\" style=\"width: 600px\" class=\"wp-caption aligncenter\"><a href=\"http:\/\/atecordoba.org\/wp-content\/uploads\/2020\/06\/DSCN0656-e1414008244103.jpg\"><img loading=\"lazy\" decoding=\"async\" class=\"wp-image-4629 size-full\" src=\"http:\/\/atecordoba.org\/wp-content\/uploads\/2020\/06\/DSCN0656-e1414008244103.jpg\" alt=\"DSCN0656\" width=\"600\" height=\"450\" \/><\/a><figcaption id=\"caption-attachment-4629\" class=\"wp-caption-text\">Expositores de los distintos paneles que se realizaron durante el seminario.<\/figcaption><\/figure>\n<p>El seminario se llev\u00f3 a cabo el 16 de octubre pasado y tuvo por objeto contribuir a la capacitaci\u00f3n de los trabajadores y funcionarios a cargo, a trav\u00e9s de herramientas que permitan promover acciones de reflexi\u00f3n sobre la tem\u00e1tica de g\u00e9nero para prevenir y erradicar todo tipo de violencia.<\/p>\n<p>Con gran concurrencia de trabajadores y cadetes de la Fuerza A\u00e9rea, las mesas de exposici\u00f3n y debate se sucedieron desde las 9 de las ma\u00f1ana a las 19 horas, con un parate al mediod\u00eda para almorzar.<\/p>\n<p>La organizaci\u00f3n estuvo a cargo de las compa\u00f1eras\u00a0 Gloria Almada, Carolina Llanos, Mar\u00eda Elena Ciolli y Eugenia Vivas, delegadas de ATE que coordinaron la actividad con las autoridades de la Escuela de Suboficiales y del Instituto Universitario Aeron\u00e1utico. Tambi\u00e9n estuvo presente el secretario de Interior del CDP, Luis Barcena.<\/p>\n<p>El evento naci\u00f3 a partir\u00a0de la iniciativa del\u00a0rector del IUA Mario Karpowiks \u00a0a la delegada de ATE Eugenia Vivas en momentos que nuestro gremio pidi\u00f3 una reuni\u00f3n ante una denuncia de persecuci\u00f3n sindical a una de nuestras delegadas. A partir de ah\u00ed \u00a0se inici\u00f3 un arduo trabajo participativo para &#8220;contribuir a la capacitaci\u00f3n del personal y\u00a0brindar herramientas que permitan promover acciones de reflexi\u00f3n y abordaje de la tem\u00e1tica de g\u00e9nero y erradicar toda forma de violencia&#8221;.<\/p>\n<p>Las delegadas Vivas y Llanos participaron de los paneles, junto al brigadier Latorre, la licenciada Silvia Bocardo, directora de la Secretaria de Ni\u00f1ez, adolescencia y Familia de la Provincia (Senaf), la concejal Olga Ruitort, la licenciada Graciela Moreno, del comit\u00e9 de violencia intrafamiliar del Hospital Aeron\u00e1utico C\u00f3rdoba (HAC), el Presb\u00edtero Sergio Omar Fochesato, jefe de Servicio Religioso de la Guarnici\u00f3n A\u00e9rea C\u00f3rdoba, la abogada Natalia Saad y la profesora Gabriela Mar\u00eda Paul\u00ed, diplomada en Derechos Humanos con perspectiva de g\u00e9nero, especialista en violencia familiar y asesora del Concejo Deliberante.<\/p>\n<p>La Coordinador General estuvo a cargo del Comodoro(R)Osvaldo Marinzalda y, como ayudante auxiliar,: la suboficial ayudante Alejandra Ludue\u00f1a integrante de la Comisi\u00f3n de G\u00e9nero del IUA); la Coordinaci\u00f3n Acad\u00e9mica estuvo a cargo de la Dra Eugenia Vivas ( delegada de ATE) y del Sr Ra\u00fal Santucho ( Secretario gral de la delegaci\u00f3n C\u00f3rdoba de UPCN); la Asesor\u00eda pedag\u00f3gica a cargo de la Lic. Liliana Franco; organizaci\u00f3n y log\u00edstica, del suboficial Carlos Ramallo y \u00a0Carolina Llanos, de Gloria Almada,\u00a0\u00a0Susana Mart\u00edn, secretaria Adjunta de UPCN, Estela Ruffini y Claudia Romero, por la Comisi\u00f3n de G\u00e9nero de Rosario.<\/p>\n<p>Por su parte el panel de las abogadas referido a violencia laboral estuvo a cargo de \u00a0Susana Mart\u00edn (herramientas legales y jur\u00eddicas) Dra Carolina Llanos (concepto de violencia de laboral \u00a0y herramientas de las y los delegados gremiales); en tanto Eugenia Vivas abord\u00f3 epistemolog\u00eda y bases conceptuales de la Violencia Laboral.<\/p>\n<p>En principio la cra. Vivas desarrollo una ponencia sobre los distintos tipos de violencia que se producen en el \u00e1mbito laboral, las caracter\u00edsticas de los feminicidios y su definici\u00f3n conforme la legislaci\u00f3n vigente. Tambi\u00e9n abord\u00f3 la concepci\u00f3n pol\u00edtico-social de la violencia, como inherente al sistema capitalista y las alternativas de trabajo interdisciplinario para generar criterios de equidad en el espacio laboral. La delegada apunt\u00f3 al \u00e1mbito familiar como uno de los or\u00edgenes de la violencia de g\u00e9nero.<\/p>\n<p>A continuaci\u00f3n, la delegada Llanos se adentr\u00f3 en la violencia laboral espec\u00edfica, definiendo sus l\u00edmites y las formas en que se manifiesta, hilvanando estos conceptos con las relaciones de poder que se producen en el sector de trabajo. En ese sentido, destac\u00f3 cu\u00e1les son los criterios que se tienen en cuenta para analizar ese tipo de situaciones, para despu\u00e9s profundizar sobre c\u00f3mo debe actuar el delegado gremial cuando toma conocimiento de un hecho de violencia sobre alguna compa\u00f1era o compa\u00f1ero. \u201cPara esto hay que hacerle saber sus derecho y obligaciones, que las notificaciones sobre cambios de las condiciones de trabajo deben realizarse por escrito y asesorar al trabajador para que recopile toda documentaci\u00f3n relacionada con el c\u00edrculo de violencia o da\u00f1o en su trabajo. Hay que acompa\u00f1arlo y contenerlo al compa\u00f1ero, ayudarlo a que concurra al m\u00e9dico y al psic\u00f3logo\u201d.<\/p>\n<figure id=\"attachment_4630\" aria-describedby=\"caption-attachment-4630\" style=\"width: 600px\" class=\"wp-caption aligncenter\"><a href=\"http:\/\/atecordoba.org\/wp-content\/uploads\/2020\/06\/DSCN0665-e1414008348303.jpg\"><img loading=\"lazy\" decoding=\"async\" class=\"wp-image-4630 size-full\" src=\"http:\/\/atecordoba.org\/wp-content\/uploads\/2020\/06\/DSCN0665-e1414008348303.jpg\" alt=\"DSCN0665\" width=\"600\" height=\"450\" \/><\/a><figcaption id=\"caption-attachment-4630\" class=\"wp-caption-text\">La delegada Eugenia Vivas durante su exposici\u00f3n.<\/figcaption><\/figure>\n<p>Las delegadas abordaron tambi\u00e9n el convenio 214\/06, en cuanto a las disposiciones que establece sobre casos de violencia laboral y relataron la experiencia de trabajo que se viene realizando en el IUA, a partir de la puesta en marcha de la comisi\u00f3n de relaciones laborales, donde se canalizan los casos de violencia de g\u00e9nero. Fue a partir del trabajo de dicha comisi\u00f3n, a cargo del comodoro retirado Osvaldo Marizalda, que se pudo realizar el seminario.<\/p>\n<p>A su turno, el presb\u00edtero Fochesato abund\u00f3 sobre las diferencias de g\u00e9nero y denuncio c\u00f3digos de silencio y crueldad en la relaci\u00f3n de poder entre superiores e inferiores en la instituci\u00f3n, que incluy\u00f3 la violencia entre pares.<\/p>\n<p>Tambi\u00e9n se explay\u00f3 el brigadier Latorre, detallando los m\u00e9todos de formaci\u00f3n del personal que debe ser preparado para la guerra y se\u00f1al\u00f3 que las oficinas de g\u00e9nero son de apoyo de los oficiales ante la nueva realidad de la incorporaci\u00f3n de mujeres a la fuerza que se vive hace pocos a\u00f1os, informando que actualmente el 14% del personal de las fuerzas armadas son mujeres.<\/p>\n<p>La licenciada Bocardo disert\u00f3 sobre la violencia familiar contra la mujer, d\u00e1ndole el abordaje psicol\u00f3gico y psicoanal\u00edtico. La profesional destac\u00f3 la importancia de los gremios en las denuncias sobre maltrato y violencia de g\u00e9nero, ya que en muchas oportunidades el delegado act\u00faa como nexo entre la v\u00edctima y los funcionarios encargados de recibir las denuncias.<\/p>\n<p>Por su parte, Olga Riutort le habl\u00f3 al auditorio sobre violencia contra la mujer y discriminaci\u00f3n en los distintos \u00e1mbitos laborales donde la cultura machista suele ser hegem\u00f3nica. En esa l\u00ednea, describi\u00f3 las pol\u00edticas que impuls\u00f3 a partir de su paso por la gesti\u00f3n p\u00fablica en la Provincia, como la creaci\u00f3n del consejo de la mujer. \u201cLa violencia de g\u00e9nero tiene que considerarse una problem\u00e1tica de salud p\u00fablica y es obligaci\u00f3n que se aborde desde el Estado\u201d, dijo la concejal.<\/p>\n<p>En tanto, la licenciada Moreno hizo hincapi\u00e9 describir las caracter\u00edsticas de la transexualidad, que anteriormente se consideraba trastorno de personalidad y hoy el concepto es que el ser humano construye su personalidad y g\u00e9nero.<\/p>\n<p><a href=\"http:\/\/atecordoba.org\/wp-content\/uploads\/2020\/06\/DSCN0657-e1414008417532.jpg\"><img loading=\"lazy\" decoding=\"async\" class=\"aligncenter size-full wp-image-4631\" src=\"http:\/\/atecordoba.org\/wp-content\/uploads\/2020\/06\/DSCN0657-e1414008417532.jpg\" alt=\"DSCN0657\" width=\"600\" height=\"450\" \/><\/a><\/p>\n<p>Por \u00faltimo, Gabriela Paul\u00ed avanz\u00f3 sobre los distintos tipos de violencia y termin\u00f3 su exposici\u00f3n con un video sobre el c\u00edrculo de la violencia, afirmando la necesidad que a la v\u00edctima se la ponga a resguardo y asegurando que la violencia contra las mujeres es un tema de derechos humanos.<\/p>\n<p>En definitiva, se trat\u00f3 de una jornada de capacitaci\u00f3n y aprendizaje conjunto sobre una problem\u00e1tica de urgente abordaje, dados los numerosos casos que se conocen de violencia de g\u00e9nero y laboral, tanto en el \u00e1mbito espec\u00edfico del Personal Civil de las Fuerzas Armadas como en otros sectores de trabajo y en la sociedad en general.<\/p>\n<p>Con la creaci\u00f3n del Departamento de G\u00e9nero que el CDP impuls\u00f3 este a\u00f1o, ATE da muestras de su compromiso para combatir el flagelo de la violencia contra la mujer. Esta actividad organizada y llevada a cabo por las delegas de nuestro gremio en un sector de trabajo hist\u00f3ricamente marcado por la cultura machista, expresa el compromiso de la organizaci\u00f3n sindical para mantener en firme la pol\u00edtica de capacitar a los compa\u00f1eros, acompa\u00f1ar y denunciar cualquier caso de violencia que se produzca donde exista la representaci\u00f3n de ATE.<\/p>\n<figure id=\"attachment_4632\" aria-describedby=\"caption-attachment-4632\" style=\"width: 600px\" class=\"wp-caption aligncenter\"><a href=\"http:\/\/atecordoba.org\/wp-content\/uploads\/2020\/06\/DSCN0681-e1414008463972.jpg\"><img loading=\"lazy\" decoding=\"async\" class=\"wp-image-4632 size-full\" src=\"http:\/\/atecordoba.org\/wp-content\/uploads\/2020\/06\/DSCN0681-e1414008463972.jpg\" alt=\"DSCN0681\" width=\"600\" height=\"450\" \/><\/a><figcaption id=\"caption-attachment-4632\" class=\"wp-caption-text\">La concejal Olga Ruitort, durante su aporte al seminario.<\/figcaption><\/figure>\n<p>&nbsp;<\/p>\n","protected":false},"excerpt":{"rendered":"<p>El objetivo de la jornada fue abrir las puertas al debate en el sector sobre la violencia contra las mujeres, as\u00ed como sobre la violencia laboral e institucional, y cont\u00f3 con la organizaci\u00f3n de la Secretaria de Extensi\u00f3n del Instituto Universitario Aeron\u00e1utico (IUA) y de la Escuela de Suboficiales. ATE \u00a0particip\u00f3 junto a otros gremios [&hellip;]<\/p>\n","protected":false},"author":1,"featured_media":19220,"comment_status":"open","ping_status":"open","sticky":false,"template":"","format":"standard","meta":{"_exactmetrics_skip_tracking":false,"_exactmetrics_sitenote_active":false,"_exactmetrics_sitenote_note":"","_exactmetrics_sitenote_category":0,"jnews-multi-image_gallery":[],"jnews_single_post":[],"jnews_primary_category":[],"jnews_social_meta":[],"jnews_review":[],"enable_review":"","type":"","name":"","summary":"","brand":"","sku":"","good":[],"bad":[],"score_override":"","override_value":"","rating":[],"price":[],"jnews_override_counter":[],"jnews_post_split":[],"footnotes":""},"categories":[325,18,9],"tags":[],"class_list":["post-4628","post","type-post","status-publish","format-standard","has-post-thumbnail","hentry","category-generos-y-diversidades","category-nacionales","category-trabajadores-civiles-ff-aa"],"jetpack_featured_media_url":"https:\/\/atecordoba.org\/wp-content\/uploads\/2020\/05\/logo-nuevochico-e1561581322808.png","_links":{"self":[{"href":"https:\/\/atecordoba.org\/index.php?rest_route=\/wp\/v2\/posts\/4628","targetHints":{"allow":["GET"]}}],"collection":[{"href":"https:\/\/atecordoba.org\/index.php?rest_route=\/wp\/v2\/posts"}],"about":[{"href":"https:\/\/atecordoba.org\/index.php?rest_route=\/wp\/v2\/types\/post"}],"author":[{"embeddable":true,"href":"https:\/\/atecordoba.org\/index.php?rest_route=\/wp\/v2\/users\/1"}],"replies":[{"embeddable":true,"href":"https:\/\/atecordoba.org\/index.php?rest_route=%2Fwp%2Fv2%2Fcomments&post=4628"}],"version-history":[{"count":1,"href":"https:\/\/atecordoba.org\/index.php?rest_route=\/wp\/v2\/posts\/4628\/revisions"}],"predecessor-version":[{"id":20046,"href":"https:\/\/atecordoba.org\/index.php?rest_route=\/wp\/v2\/posts\/4628\/revisions\/20046"}],"wp:featuredmedia":[{"embeddable":true,"href":"https:\/\/atecordoba.org\/index.php?rest_route=\/wp\/v2\/media\/19220"}],"wp:attachment":[{"href":"https:\/\/atecordoba.org\/index.php?rest_route=%2Fwp%2Fv2%2Fmedia&parent=4628"}],"wp:term":[{"taxonomy":"category","embeddable":true,"href":"https:\/\/atecordoba.org\/index.php?rest_route=%2Fwp%2Fv2%2Fcategories&post=4628"},{"taxonomy":"post_tag","embeddable":true,"href":"https:\/\/atecordoba.org\/index.php?rest_route=%2Fwp%2Fv2%2Ftags&post=4628"}],"curies":[{"name":"wp","href":"https:\/\/api.w.org\/{rel}","templated":true}]}}