{"id":46265,"date":"2024-11-04T09:18:16","date_gmt":"2024-11-04T12:18:16","guid":{"rendered":"https:\/\/atecordoba.org\/?p=46265"},"modified":"2024-11-04T11:23:10","modified_gmt":"2024-11-04T14:23:10","slug":"historia-reciente-proyeccion-del-audiovisual-sobre-eberto-arrascaeta-militante-de-far-y-montoneros-en-ate-cordoba","status":"publish","type":"post","link":"https:\/\/atecordoba.org\/?p=46265","title":{"rendered":"Historia reciente: Proyecci\u00f3n del audiovisual sobre Eberto Arrascaeta, militante de FAR y Montoneros en ATE C\u00f3rdoba"},"content":{"rendered":"<p>&nbsp;<\/p>\n<p style=\"text-align: center\"><em>La cita es a las 18:30 horas en el Auditorio H\u00e9ctor \u2018la Perra\u2019 Castro de la sede del CDP, Entre R\u00edos 450, C\u00f3rdoba Capital.<\/em><\/p>\n<p><img loading=\"lazy\" decoding=\"async\" class=\"aligncenter wp-image-46267 size-full\" src=\"https:\/\/atecordoba.org\/wp-content\/uploads\/2024\/11\/flyer-eberto-arrascaeta-1.jpg\" alt=\"\" width=\"998\" height=\"596\" \/><\/p>\n<p>En el marco de las actividades de revalorizaci\u00f3n de la historia y la lucha del movimiento nacional popular, el Consejo Directivo Provincial (CDP) invita a la proyecci\u00f3n del informe audiovisual &#8220;Faroleros en la oscuridad&#8221;, una producci\u00f3n que rescata la historia de Eberto Arrascaeta, ex militante de las FAR y Montoneros, y figura del Cordobazo.<\/p>\n<p>La actividad se realizar\u00e1 este mi\u00e9rcoles 6 de noviembre en el Auditorio H\u00e9ctor \u2018la Perra\u2019 Castro de la sede del CDP, Entre R\u00edos 450, C\u00f3rdoba Capital. La cita es a las 18:30 horas. Est\u00e1n todas y todos invitados a esta oportunidad para recordar y reflexionar sobre nuestro pasado y sus ense\u00f1anzas.<\/p>\n<p>Nos acompa\u00f1ar\u00e1n nuestro secretario general, Federico Giuliani, y el propio Arrascaeta, protagonista de esta historia.<\/p>\n<p><strong>Un relato descarnado y sincero<\/strong><\/p>\n<figure id=\"attachment_46280\" aria-describedby=\"caption-attachment-46280\" style=\"width: 450px\" class=\"wp-caption alignleft\"><img loading=\"lazy\" decoding=\"async\" class=\"wp-image-46280 size-full\" src=\"https:\/\/atecordoba.org\/wp-content\/uploads\/2024\/11\/gustavo-coria.jpg\" alt=\"\" width=\"450\" height=\"427\" srcset=\"https:\/\/atecordoba.org\/wp-content\/uploads\/2024\/11\/gustavo-coria.jpg 450w, https:\/\/atecordoba.org\/wp-content\/uploads\/2024\/11\/gustavo-coria-300x285.jpg 300w\" sizes=\"auto, (max-width: 450px) 100vw, 450px\" \/><figcaption id=\"caption-attachment-46280\" class=\"wp-caption-text\">Gustavo Coria<\/figcaption><\/figure>\n<p>Gustavo Coria es integrante del equipo de \u201cFaroleros en la oscuridad\u201d. Como un anticipo del material que podr\u00e1 verse este mi\u00e9rcoles en ATE C\u00f3rdoba, el periodista describe su trabajo como &#8220;un intento de recuperaci\u00f3n hist\u00f3rica, la b\u00fasqueda del encuentro con nuestra identidad y nuestros mejores valores en la lucha por vivir una vida m\u00e1s digna&#8221;.<\/p>\n<p>En ese contexto, prosigue Coria, &#8220;nos pregunt\u00e1bamos con el equipo qu\u00e9 pasa con muchas voces que fueron parte de nuestra historia y que por no ocupar un lugar de direcci\u00f3n van quedando en el ostracismo. Sus historias van de boca en boca pero con el paso del tiempo se van apagando. Por eso dijimos \u2018vamos a hacer conocer a esas voces\u2019. En un homenaje al compa\u00f1ero Carlos Olmedo, por el combate de Ferreyra, conocimos a Eberto Arrascaeta&#8221;.<\/p>\n<p>&#8220;A partir de eso surgi\u00f3 el contacto y le planteamos la historia. Con los recelos propios de los compa\u00f1eros que vivieron situaciones extremas, pudimos ir conversando y d\u00e1ndole forma a esto que es una gran entrevista de m\u00e1s de tres horas, y que se convirti\u00f3 en un informe audiovisual, insertando im\u00e1genes de archivo que en muchas ocasiones son in\u00e9ditas y tratando de dar contexto hist\u00f3rico a su vivencia&#8221;, explica Coria.<\/p>\n<p>Como integrante del equipo de realizaci\u00f3n, Coria adelanta que &#8220;es un relato descarnado y sincero, honesto, sin concesiones con \u00e9l mismo, y al mismo tiempo un canto a la esperanza, porque Arrascaeta es un compa\u00f1ero que no baj\u00f3 los brazos, que todav\u00eda cree vivir en un mundo m\u00e1s digno, un mundo mejor&#8221;.<\/p>\n<p>&#8220;Por eso estamos orgullosos de haber logrado lo que nos propusimos: que esas voces empiecen a ser conocidas. Espero que quienes puedan ver esta producci\u00f3n la disfruten&#8221;, concluye Coria.<\/p>\n<p><strong>Material in\u00e9dito de Evita en C\u00f3rdoba<\/strong><\/p>\n<p>El video dispuesto a continuaci\u00f3n forma parte del material in\u00e9dito de una visita de Evita a C\u00f3rdoba que forma parte del contexto que Gustavo Coria y el equipo de \u201cFaroleros en la oscuridad\u201d integr\u00f3 el informe audiovisual.<\/p>\n\n<div data-video-id=\"\" class='wp-block-html5-player-video html5_video_players' class=\"wp-block-html5-player-video\" data-nonce=\"a5429a38ce\" data-attributes=\"{&quot;provider&quot;:&quot;library&quot;,&quot;uniqueId&quot;:&quot;h5vp1&quot;,&quot;source&quot;:&quot;https:\\\/\\\/atecordoba.org\\\/wp-content\\\/uploads\\\/2024\\\/11\\\/DESCAMISADOS-DE-CBA.mp4&quot;,&quot;poster&quot;:&quot;&quot;,&quot;options&quot;:{&quot;controls&quot;:[&quot;play-large&quot;,&quot;play&quot;,&quot;progress&quot;,&quot;duration&quot;,&quot;current-time&quot;,&quot;mute&quot;,&quot;volume&quot;,&quot;settings&quot;,&quot;fullscreen&quot;],&quot;settings&quot;:[&quot;captions&quot;,&quot;quality&quot;,&quot;speed&quot;,&quot;loop&quot;],&quot;loadSprite&quot;:true,&quot;autoplay&quot;:false,&quot;playsinline&quot;:true,&quot;seekTime&quot;:10,&quot;volume&quot;:1,&quot;muted&quot;:false,&quot;hideControls&quot;:false,&quot;resetOnEnd&quot;:true,&quot;tooltips&quot;:{&quot;controls&quot;:true,&quot;seek&quot;:true},&quot;captions&quot;:{&quot;active&quot;:false,&quot;language&quot;:&quot;auto&quot;,&quot;update&quot;:true},&quot;ratio&quot;:&quot;16:9&quot;,&quot;storage&quot;:{&quot;enabled&quot;:true,&quot;key&quot;:&quot;plyr&quot;},&quot;speed&quot;:{&quot;options&quot;:[&quot;0.5&quot;,&quot; 0.75&quot;,&quot; 1&quot;,&quot; 1.25&quot;,&quot; 1.5&quot;,&quot; 1.75&quot;,&quot; 2&quot;,&quot; 4&quot;]},&quot;loop&quot;:{&quot;active&quot;:false},&quot;ads&quot;:{&quot;enabled&quot;:false,&quot;tagUrl&quot;:&quot;&quot;},&quot;preload&quot;:&quot;metadata&quot;,&quot;markers&quot;:{&quot;enabled&quot;:false,&quot;points&quot;:[]},&quot;urls&quot;:{&quot;enabled&quot;:false}},&quot;features&quot;:{&quot;popup&quot;:{&quot;enabled&quot;:false},&quot;overlay&quot;:{&quot;enabled&quot;:false,&quot;items&quot;:[]},&quot;endScreen&quot;:{&quot;enabled&quot;:false},&quot;thumbInPause&quot;:{&quot;enabled&quot;:false,&quot;type&quot;:&quot;default&quot;},&quot;watermark&quot;:{&quot;enabled&quot;:false,&quot;type&quot;:&quot;email&quot;,&quot;text&quot;:&quot;&quot;,&quot;color&quot;:&quot;#f00&quot;},&quot;passwordProtected&quot;:{&quot;enabled&quot;:false,&quot;password&quot;:null},&quot;sticky&quot;:{&quot;enabled&quot;:false,&quot;position&quot;:&quot;top_right&quot;},&quot;playWhenVisible&quot;:false,&quot;disablePause&quot;:false,&quot;hideYoutubeUI&quot;:false,&quot;startTime&quot;:false,&quot;hideLoadingPlaceholder&quot;:false,&quot;saveState&quot;:false},&quot;hideYoutubeUI&quot;:false,&quot;additionalCSS&quot;:&quot;&quot;,&quot;additionalID&quot;:&quot;&quot;,&quot;autoplayWhenVisible&quot;:false,&quot;styles&quot;:{&quot;plyr_wrapper&quot;:{&quot;width&quot;:&quot;px&quot;,&quot;borderRadius&quot;:&quot;0px&quot;,&quot;overflow&quot;:&quot;hidden&quot;},&quot;.plyr&quot;:{&quot;--plyr-color-main&quot;:&quot;#00b2ff&quot;}},&quot;imported&quot;:false,&quot;onlyLoggedIn&quot;:{&quot;whoCanSeeThisVideo&quot;:&quot;everyone&quot;,&quot;allowedRoles&quot;:[],&quot;message&quot;:&quot;This video is only for registered users. Please login to view the video.&quot;},&quot;seo&quot;:{&quot;title&quot;:&quot;&quot;,&quot;description&quot;:&quot;&quot;,&quot;duration&quot;:&quot;&quot;},&quot;quality&quot;:[],&quot;subtitle&quot;:[{&quot;label&quot;:&quot;English\\\/en&quot;,&quot;caption_file&quot;:&quot;&quot;}],&quot;thumbInPause&quot;:false,&quot;CSS&quot;:&quot;&quot;,&quot;isCDURL&quot;:false,&quot;posterTime&quot;:20,&quot;chapters&quot;:[],&quot;controls&quot;:{&quot;play-large&quot;:true,&quot;restart&quot;:false,&quot;rewind&quot;:false,&quot;play&quot;:true,&quot;fast-forward&quot;:false,&quot;progress&quot;:true,&quot;current-time&quot;:true,&quot;duration&quot;:false,&quot;mute&quot;:true,&quot;volume&quot;:true,&quot;pip&quot;:false,&quot;airplay&quot;:false,&quot;settings&quot;:true,&quot;downlaod&quot;:false,&quot;fullscreen&quot;:true},&quot;brandColor&quot;:&quot;#00B3FF&quot;,&quot;width&quot;:{&quot;deprecated&quot;:true,&quot;number&quot;:100,&quot;unit&quot;:&quot;%&quot;},&quot;radius&quot;:{&quot;number&quot;:0,&quot;unit&quot;:&quot;px&quot;},&quot;repeat&quot;:false,&quot;autoplay&quot;:false,&quot;muted&quot;:false,&quot;sticky&quot;:false,&quot;stickyPosition&quot;:&quot;top-right&quot;,&quot;popup&quot;:false,&quot;popupType&quot;:&quot;button&quot;,&quot;playsinline&quot;:false,&quot;popupBtnStyle&quot;:{&quot;color&quot;:&quot;#fff&quot;,&quot;backgroundColor&quot;:&quot;#006BA1&quot;,&quot;fontSize&quot;:&quot;16px&quot;,&quot;padding&quot;:{&quot;top&quot;:&quot;10px&quot;,&quot;right&quot;:&quot;20px&quot;,&quot;bottom&quot;:&quot;10px&quot;,&quot;left&quot;:&quot;20px&quot;},&quot;align&quot;:&quot;center&quot;},&quot;popupBtnText&quot;:&quot;Watch Video&quot;,&quot;disablePause&quot;:false,&quot;thumbStyle&quot;:&quot;default&quot;,&quot;resetOnEnd&quot;:false,&quot;autoHideControl&quot;:true,&quot;protected&quot;:false,&quot;protectedText&quot;:&quot;Please enter password to wath the video&quot;,&quot;seekTime&quot;:10,&quot;startTime&quot;:0,&quot;preload&quot;:&quot;metadata&quot;,&quot;overlay&quot;:false,&quot;overlayPosition&quot;:&quot;top_right&quot;,&quot;overlayBackground&quot;:&quot;#333&quot;,&quot;overlayOpacity&quot;:0.8,&quot;overlayTextColor&quot;:&quot;#ffffff&quot;,&quot;overlayFontSize&quot;:{&quot;number&quot;:20,&quot;unit&quot;:&quot;px&quot;},&quot;overlayTextHoverColor&quot;:&quot;#ffffff&quot;,&quot;endScreen&quot;:{&quot;enabled&quot;:false,&quot;text&quot;:&quot;Simple Text&quot;,&quot;btnText&quot;:&quot;Watch Again&quot;,&quot;btnLink&quot;:&quot;&quot;,&quot;btnStyle&quot;:[]},&quot;endscreen&quot;:false,&quot;endscreenText&quot;:&quot;Endscreen text&quot;,&quot;endscreenTextLink&quot;:&quot;#&quot;,&quot;streaming&quot;:false,&quot;streamingType&quot;:&quot;hls&quot;,&quot;speed&quot;:{&quot;1&quot;:true,&quot;2&quot;:true,&quot;3&quot;:true,&quot;0.5&quot;:true,&quot;0.75&quot;:true,&quot;1.25&quot;:true,&quot;1.5&quot;:true,&quot;1.75&quot;:true,&quot;2.5&quot;:true},&quot;captionEnabled&quot;:false,&quot;saveState&quot;:false}\" style=\"aspect-ratio:16\/9\">\n    <div class=\"preload_poster\" style=\"overflow:hidden;aspect-ratio:16:9;\">\n        <svg width=\"36px\" height=\"36px\" viewBox=\"0 0 15 15\" fill=\"none\" xmlns=\"http:\/\/www.w3.org\/2000\/svg\">\n            <path d=\"M4.79062 2.09314C4.63821 1.98427 4.43774 1.96972 4.27121 2.05542C4.10467 2.14112 4 2.31271 4 2.5V12.5C4 12.6873 4.10467 12.8589 4.27121 12.9446C4.43774 13.0303 4.63821 13.0157 4.79062 12.9069L11.7906 7.90687C11.922 7.81301 12 7.66148 12 7.5C12 7.33853 11.922 7.18699 11.7906 7.09314L4.79062 2.09314Z\" fill=\"#fff\" \/>\n        <\/svg>\n    <\/div>\n<\/div>\n\n\n<p>&nbsp;<\/p>\n","protected":false},"excerpt":{"rendered":"<p>&nbsp; La cita es a las 18:30 horas en el Auditorio H\u00e9ctor \u2018la Perra\u2019 Castro de la sede del CDP, Entre R\u00edos 450, C\u00f3rdoba Capital. En el marco de las actividades de revalorizaci\u00f3n de la historia y la lucha del movimiento nacional popular, el Consejo Directivo Provincial (CDP) invita a la proyecci\u00f3n del informe audiovisual [&hellip;]<\/p>\n","protected":false},"author":7,"featured_media":46267,"comment_status":"open","ping_status":"open","sticky":false,"template":"","format":"standard","meta":{"_exactmetrics_skip_tracking":false,"_exactmetrics_sitenote_active":false,"_exactmetrics_sitenote_note":"","_exactmetrics_sitenote_category":0,"jnews-multi-image_gallery":[],"jnews_single_post":{"format":"standard","override":[{"template":"1","parallax":"1","fullscreen":"1","layout":"no-sidebar-narrow","sidebar":"default-sidebar","second_sidebar":"default-sidebar","sticky_sidebar":"1","share_position":"bottom","share_float_style":"share-monocrhome","show_share_counter":"1","show_view_counter":"1","show_post_meta":"1","show_post_author_image":"1","show_post_date":"1","post_date_format":"default","post_date_format_custom":"Y\/m\/d","show_post_category":"1","show_post_reading_time":"0","post_reading_time_wpm":"300","post_calculate_word_method":"str_word_count","show_zoom_button":"0","zoom_button_out_step":"2","zoom_button_in_step":"3","show_post_tag":"1","number_popup_post":"1","show_post_related":"1","show_inline_post_related":"0"}],"image_override":[{"single_post_thumbnail_size":"crop-500","single_post_gallery_size":"crop-500"}],"trending_post_position":"meta","trending_post_label":"Trending","sponsored_post_label":"Sponsored by","disable_ad":"0"},"jnews_primary_category":[],"jnews_social_meta":[],"jnews_review":[],"enable_review":"","type":"percentage","name":"","summary":"","brand":"","sku":"","good":[],"bad":[],"score_override":"","override_value":"","rating":[],"price":[],"jnews_override_counter":{"view_counter_number":"0","share_counter_number":"0","like_counter_number":"0","dislike_counter_number":"0"},"jnews_post_split":{"post_split":[{"template":"1","tag":"h2","numbering":"asc","mode":"normal","first":"0","enable_toc":"0","toc_type":"normal"}]},"footnotes":""},"categories":[341],"tags":[26,395,1396,1395,1397],"class_list":["post-46265","post","type-post","status-publish","format-standard","has-post-thumbnail","hentry","category-cdp","tag-ate","tag-ate-cordoba","tag-far","tag-historia-militante","tag-montoneros"],"jetpack_featured_media_url":"https:\/\/atecordoba.org\/wp-content\/uploads\/2024\/11\/flyer-eberto-arrascaeta-1-e1730722626404.jpg","_links":{"self":[{"href":"https:\/\/atecordoba.org\/index.php?rest_route=\/wp\/v2\/posts\/46265","targetHints":{"allow":["GET"]}}],"collection":[{"href":"https:\/\/atecordoba.org\/index.php?rest_route=\/wp\/v2\/posts"}],"about":[{"href":"https:\/\/atecordoba.org\/index.php?rest_route=\/wp\/v2\/types\/post"}],"author":[{"embeddable":true,"href":"https:\/\/atecordoba.org\/index.php?rest_route=\/wp\/v2\/users\/7"}],"replies":[{"embeddable":true,"href":"https:\/\/atecordoba.org\/index.php?rest_route=%2Fwp%2Fv2%2Fcomments&post=46265"}],"version-history":[{"count":5,"href":"https:\/\/atecordoba.org\/index.php?rest_route=\/wp\/v2\/posts\/46265\/revisions"}],"predecessor-version":[{"id":46281,"href":"https:\/\/atecordoba.org\/index.php?rest_route=\/wp\/v2\/posts\/46265\/revisions\/46281"}],"wp:featuredmedia":[{"embeddable":true,"href":"https:\/\/atecordoba.org\/index.php?rest_route=\/wp\/v2\/media\/46267"}],"wp:attachment":[{"href":"https:\/\/atecordoba.org\/index.php?rest_route=%2Fwp%2Fv2%2Fmedia&parent=46265"}],"wp:term":[{"taxonomy":"category","embeddable":true,"href":"https:\/\/atecordoba.org\/index.php?rest_route=%2Fwp%2Fv2%2Fcategories&post=46265"},{"taxonomy":"post_tag","embeddable":true,"href":"https:\/\/atecordoba.org\/index.php?rest_route=%2Fwp%2Fv2%2Ftags&post=46265"}],"curies":[{"name":"wp","href":"https:\/\/api.w.org\/{rel}","templated":true}]}}