{"id":46244,"date":"2024-11-01T12:08:16","date_gmt":"2024-11-01T15:08:16","guid":{"rendered":"https:\/\/atecordoba.org\/?p=46244"},"modified":"2024-11-01T14:27:00","modified_gmt":"2024-11-01T17:27:00","slug":"el-paritario-nacional-flavio-vergara-en-cordoba-este-las-y-los-estatales-perdimos-un-34-de-nuestros-ingresos","status":"publish","type":"post","link":"https:\/\/atecordoba.org\/?p=46244","title":{"rendered":"El paritario nacional Flavio Vergara, en C\u00f3rdoba: \u201cEste a\u00f1o las y los estatales perdimos un 34% de nuestros ingresos\u201d"},"content":{"rendered":"<p><img loading=\"lazy\" decoding=\"async\" class=\"aligncenter wp-image-46246 \" src=\"https:\/\/atecordoba.org\/wp-content\/uploads\/2024\/11\/IMG_20241031_140036089-883x1024.jpg\" alt=\"\" width=\"647\" height=\"751\" srcset=\"https:\/\/atecordoba.org\/wp-content\/uploads\/2024\/11\/IMG_20241031_140036089-883x1024.jpg 883w, https:\/\/atecordoba.org\/wp-content\/uploads\/2024\/11\/IMG_20241031_140036089-259x300.jpg 259w, https:\/\/atecordoba.org\/wp-content\/uploads\/2024\/11\/IMG_20241031_140036089-768x890.jpg 768w, https:\/\/atecordoba.org\/wp-content\/uploads\/2024\/11\/IMG_20241031_140036089-1325x1536.jpg 1325w, https:\/\/atecordoba.org\/wp-content\/uploads\/2024\/11\/IMG_20241031_140036089-1767x2048.jpg 1767w, https:\/\/atecordoba.org\/wp-content\/uploads\/2024\/11\/IMG_20241031_140036089-750x869.jpg 750w, https:\/\/atecordoba.org\/wp-content\/uploads\/2024\/11\/IMG_20241031_140036089-1140x1321.jpg 1140w\" sizes=\"auto, (max-width: 647px) 100vw, 647px\" \/><\/p>\n<p>En el marco de dos actividades de formaci\u00f3n y debate en el Consejo Directivo Provincial, el paritario nacional de ATE y secretario de Convenios Colectivos de ATE Nacional, Flavio Vergara, estuvo en C\u00f3rdoba, para compartir con las y los compa\u00f1eros su mirada y experiencia respecto a lo que est\u00e1 sucediendo en el Estado y el pa\u00eds, respecto al nivel salarial, el desarrollo de las paritarias que se firmaron ayer, con ATE en disidencia, y la perspectiva de lucha frente al gobierno de Milei y el contubernio de corporaciones que lo sustentan.<\/p>\n<p><strong>-Esta semana vino Milei a C\u00f3rdoba a participar del festejo por un aniversario de la Fundaci\u00f3n Mediterr\u00e1nea y dijo que nunca se sinti\u00f3 tan local como all\u00ed. <\/strong><\/p>\n<p>-Milei viene a destruir todo lo que estaba instituido. Los despidos est\u00e1n afectando la intervenci\u00f3n del Estado en los territorios federales. Si bien dice que le gusta Sarmiento y Alberdi, en realidad est\u00e1 llevando a nuestro pa\u00eds a una etapa pre Estado nacional. Una confederaci\u00f3n de provincias libradas a su suerte que manejen sus propios presupuesto y que se van a quedar sin fondos. Mientras el Estado pierde la capacidad de regulaci\u00f3n en servicio del pueblo y se vuelva una m\u00e1quina de concentrar.<img loading=\"lazy\" decoding=\"async\" class=\"alignright wp-image-46247 \" src=\"https:\/\/atecordoba.org\/wp-content\/uploads\/2024\/11\/IMG-20241101-WA0022-1024x768.jpg\" alt=\"\" width=\"498\" height=\"374\" srcset=\"https:\/\/atecordoba.org\/wp-content\/uploads\/2024\/11\/IMG-20241101-WA0022-1024x768.jpg 1024w, https:\/\/atecordoba.org\/wp-content\/uploads\/2024\/11\/IMG-20241101-WA0022-300x225.jpg 300w, https:\/\/atecordoba.org\/wp-content\/uploads\/2024\/11\/IMG-20241101-WA0022-768x576.jpg 768w, https:\/\/atecordoba.org\/wp-content\/uploads\/2024\/11\/IMG-20241101-WA0022-1536x1153.jpg 1536w, https:\/\/atecordoba.org\/wp-content\/uploads\/2024\/11\/IMG-20241101-WA0022-750x563.jpg 750w, https:\/\/atecordoba.org\/wp-content\/uploads\/2024\/11\/IMG-20241101-WA0022-1140x856.jpg 1140w, https:\/\/atecordoba.org\/wp-content\/uploads\/2024\/11\/IMG-20241101-WA0022.jpg 1599w\" sizes=\"auto, (max-width: 498px) 100vw, 498px\" \/><\/p>\n<p>Su gobierno es violento y su funcionarios son perversos, como lo es \u00e9l mismo, una persona cruel. Disfruta que los jubilados se caguen de hambre, que no tengan medicamentos, gasear pibes, destrozar la educaci\u00f3n p\u00fablica y la universidad, que es el estamento que m\u00e1s empat\u00eda genera como espacio aspiracional donde m\u00e1s del 60% de los estudiantes son primera generaci\u00f3n universitaria, hijos e hijas de laburantes.<\/p>\n<p>Quieren transformar a nuestro pa\u00eds en una colonia de extracci\u00f3n de recursos naturales, como las econom\u00edas de enclave que existen en \u00c1frica. Someten y extraen todo lo que pueden, utilizan para eso las infraestructuras que construimos y el pueblo queda a la veda del camino. Por eso nosotros no podemos estar en la vereda, tenemos que estar en la calle.<\/p>\n<p><strong>-Est\u00e1 instalado que Milei cumple lo que prometi\u00f3 hacer, pero lo toma en funci\u00f3n de conceptos falsos, como que los salarios est\u00e1n aumentando, que las jubilaciones tambi\u00e9n aumentaron. Es decir, hay un gobierno enfrente que vive una realidad paralela. <\/strong><\/p>\n<p>-Si, todo es mentira.<\/p>\n<p><strong>-Qu\u00e9 rol cumple el sindicato a la hora de plantarse en la calle y discutir las mentiras de Milei que vino a plantear en la Mediterr\u00e1nea.<\/strong><\/p>\n<p>-Nosotros tenemos que volver a dar la batalla cultural. Perdimos cuando Milei dijo que ven\u00eda a combatir a la casta. Ahora vemos que esa casta eran los jubilados, los docentes, los estatales. La gente apunta contra los gremios y los partidos pol\u00edticos, pero no ve que, como dec\u00eda Germ\u00e1n Abdala, los trabajadores ejercen su representaci\u00f3n cuando eligen a sus delegados gremiales, cuando eligen a los pol\u00edticos para que los representen en la disputa de intereses que existe de manera permanente. Sabemos que la casta son la Mediterr\u00e1nea, la Rural, la UIA, la Asociaci\u00f3n de Bancos, gente a la que nunca le vemos la cara, que est\u00e1n escondidos detr\u00e1s de un vidrio blindado, y que se est\u00e1n enriqueci\u00e9ndose mientras el resto sufrimos el ajuste. Milei gobierna para ellos, ni siquiera es parte, solo una especie de perro fiel que recibe un hueso y una caricia, como sucedi\u00f3 en C\u00f3rdoba esta semana. Disfruta de la caricia del amo en vez del abrazo de la gente.<img loading=\"lazy\" decoding=\"async\" class=\"alignleft wp-image-46248 \" src=\"https:\/\/atecordoba.org\/wp-content\/uploads\/2024\/11\/IMG-20241101-WA0025-1024x768.jpg\" alt=\"\" width=\"550\" height=\"413\" srcset=\"https:\/\/atecordoba.org\/wp-content\/uploads\/2024\/11\/IMG-20241101-WA0025-1024x768.jpg 1024w, https:\/\/atecordoba.org\/wp-content\/uploads\/2024\/11\/IMG-20241101-WA0025-300x225.jpg 300w, https:\/\/atecordoba.org\/wp-content\/uploads\/2024\/11\/IMG-20241101-WA0025-768x576.jpg 768w, https:\/\/atecordoba.org\/wp-content\/uploads\/2024\/11\/IMG-20241101-WA0025-1536x1153.jpg 1536w, https:\/\/atecordoba.org\/wp-content\/uploads\/2024\/11\/IMG-20241101-WA0025-750x563.jpg 750w, https:\/\/atecordoba.org\/wp-content\/uploads\/2024\/11\/IMG-20241101-WA0025-1140x856.jpg 1140w, https:\/\/atecordoba.org\/wp-content\/uploads\/2024\/11\/IMG-20241101-WA0025.jpg 1599w\" sizes=\"auto, (max-width: 550px) 100vw, 550px\" \/><\/p>\n<p><strong>-Esto expresa en definitiva quienes gobiernan, quienes aportan los funcionarios y los paquetes de leyes a trav\u00e9s de sus estudios jur\u00eddicos. El famoso poder permanente detr\u00e1s de la fachada institucional. <\/strong><\/p>\n<p>-Claramente. Cuando trataron la Ley Omnibus, en enero, nosotros hac\u00edamos un juego de palabras y dec\u00edamos que \u2018Milei maneja el \u00f3mnibus peor los que van arriba son los Elion Musk, los Eurnekian, los Macri\u2019, y toda esa caterva de gente, \u2018llevando a la Argentina desde la Patria a la colonia\u2019. Estamos volviendo 100 a\u00f1os atr\u00e1s. Tenemos que plantarnos porque el nivel de demolici\u00f3n que est\u00e1n llevando a cabo es tan grande que si no los paramos va a ser muy dif\u00edcil volver a instalar un proceso de reconstrucci\u00f3n nacional.<\/p>\n<p><strong>Paritarias 2024<\/strong><\/p>\n<p><strong>-\u00bfC\u00f3mo fue el proceso paritario nacional de este a\u00f1o?<\/strong><\/p>\n<p>-Este a\u00f1o empez\u00f3 con alg\u00fan tipo de debate, siempre con ajuste, pero termina en una farsa. Hoy (por ayer) firmamos en contra pero UPCN volvi\u00f3 a firmar el 2% para noviembre, 1% para diciembre y 30 mil pesos de bono. Una verg\u00fcenza que lo propongan y que lo firmen tambi\u00e9n. Tal vez algunos compa\u00f1eros piensen que antes que nada eso est\u00e1 bien, pero en ATE creemos que hay que saber decir que no. Nadie puede mostrar esa migajas como si fuesen un logro, porque se tergiversan las cosas. Si planteamos que ning\u00fan estatal debe estar por debajo de la l\u00ednea de la pobreza y te ofrecen 7 mil peso de aumento, no te compras un kilo de yerba. \u00bfEse es el aumento que le corresponde al laburante del Estado? \u00bfCon todo lo que estamos perdiendo, con los aumentos de tarifas? Es insostenible.<img loading=\"lazy\" decoding=\"async\" class=\"alignright wp-image-46249 \" src=\"https:\/\/atecordoba.org\/wp-content\/uploads\/2024\/11\/IMG-20241101-WA0027-1024x768.jpg\" alt=\"\" width=\"554\" height=\"416\" srcset=\"https:\/\/atecordoba.org\/wp-content\/uploads\/2024\/11\/IMG-20241101-WA0027-1024x768.jpg 1024w, https:\/\/atecordoba.org\/wp-content\/uploads\/2024\/11\/IMG-20241101-WA0027-300x225.jpg 300w, https:\/\/atecordoba.org\/wp-content\/uploads\/2024\/11\/IMG-20241101-WA0027-768x576.jpg 768w, https:\/\/atecordoba.org\/wp-content\/uploads\/2024\/11\/IMG-20241101-WA0027-1536x1153.jpg 1536w, https:\/\/atecordoba.org\/wp-content\/uploads\/2024\/11\/IMG-20241101-WA0027-750x563.jpg 750w, https:\/\/atecordoba.org\/wp-content\/uploads\/2024\/11\/IMG-20241101-WA0027-1140x856.jpg 1140w, https:\/\/atecordoba.org\/wp-content\/uploads\/2024\/11\/IMG-20241101-WA0027.jpg 1599w\" sizes=\"auto, (max-width: 554px) 100vw, 554px\" \/><\/p>\n<p><strong>-\u00bfCu\u00e1nto fue la p\u00e9rdida de salario real este a\u00f1o?<\/strong><\/p>\n<p>-Hasta hoy el 34%, pero tengamos en cuenta que la paritaria cierra el a\u00f1o que viene. Vemos que el Gobierno en parte est\u00e1 parando la inflaci\u00f3n pero tambi\u00e9n observamos que la inflaci\u00f3n no es el problema principal. La inflaci\u00f3n es el resultado de la puja distributiva entre los que manejan los precios y los que representamos a los asalariados. Cuando te congelan la inflaci\u00f3n pero tambi\u00e9n los salarios m\u00e1s abajo, est\u00e1s perdiendo cada d\u00eda m\u00e1s. Nos va a llevar un tiempo que la gente comprenda que a pesar de la baja de la inflaci\u00f3n los ingresos est\u00e1n cada vez m\u00e1s sumergidos. Hay que trabajar con mucha generosidad y comprensi\u00f3n porque necesitamos que una mayor\u00eda del pueblo se constituya para dar vuelta esta historia.<\/p>\n<p><strong>-\u00bfCu\u00e1l es la perspectiva del a\u00f1o que viene?<\/strong><\/p>\n<p>-En la marcha de esta semana demostramos que el Protocolo de Bullrich no es infalible, ocupamos la calle, m\u00e1s all\u00e1 de una breve refriega con la polic\u00eda. Fundamentalmente debemos demostrar que esta p\u00e9sima paritaria ya estaba cerrada. Nosotros hace dos meses planteamos una cl\u00e1usula de revisi\u00f3n y el gobierno dijo no porque se congelaba la discusi\u00f3n. Pero todas la luchas que dimos en todo el pa\u00eds lograron que la paritaria se reabra, pero lo hicieron coronar al sindicato que acuerda. Anunciaron un acuerdo por los medios que nunca se hab\u00eda discutido y sacaron esta pauta de manera forzosa, con esa miseria. Nosotros fuimos de nuevo a decir que no, que vamos a seguir peleando y que capaz en diciembre vamos a estar nuevamente en la calle pidiendo que se reabra la paritaria. Sino va a ser una navidad muy triste, con familias sin tener un pan dulce arriba de la mesa.<\/p>\n<h3>Segundo encuentro mano a mano en el CDP<\/h3>\n<p>En horas de la tarde se realiz\u00f3 en el auditorio H\u00e9ctor La perra Castro un conversatorio organizado por la secretaria de Acci\u00f3n Pol\u00edtica del CDP, Alejandra Agnone, con la presencia de Flavio Vergara y la participaci\u00f3n de compa\u00f1eros y compa\u00f1eras nacionales de distintos puntos de la provincia.<\/p>\n<p><img loading=\"lazy\" decoding=\"async\" class=\"aligncenter wp-image-46250 \" src=\"https:\/\/atecordoba.org\/wp-content\/uploads\/2024\/11\/IMG-20241101-WA0019-1024x576.jpg\" alt=\"\" width=\"610\" height=\"343\" srcset=\"https:\/\/atecordoba.org\/wp-content\/uploads\/2024\/11\/IMG-20241101-WA0019-1024x576.jpg 1024w, https:\/\/atecordoba.org\/wp-content\/uploads\/2024\/11\/IMG-20241101-WA0019-300x169.jpg 300w, https:\/\/atecordoba.org\/wp-content\/uploads\/2024\/11\/IMG-20241101-WA0019-768x432.jpg 768w, https:\/\/atecordoba.org\/wp-content\/uploads\/2024\/11\/IMG-20241101-WA0019-1536x865.jpg 1536w, https:\/\/atecordoba.org\/wp-content\/uploads\/2024\/11\/IMG-20241101-WA0019-2048x1153.jpg 2048w, https:\/\/atecordoba.org\/wp-content\/uploads\/2024\/11\/IMG-20241101-WA0019-750x422.jpg 750w, https:\/\/atecordoba.org\/wp-content\/uploads\/2024\/11\/IMG-20241101-WA0019-1140x642.jpg 1140w\" sizes=\"auto, (max-width: 610px) 100vw, 610px\" \/><\/p>\n<p>Al valorar la actividad, Agnone se\u00f1al\u00f3 que \u201ccontar con la presencia de nuestro compa\u00f1ero Flavio Vergara y poder encontrarnos mano a mano con \u00e9l,\u00a0 en el contexto de incertidumbre y angustia por la que estamos atravesando los trabajadores Estatales es, no solo una gran oportunidad sino una necesidad para discutir la situaci\u00f3n de los Estatales en la coyuntura pol\u00edtica actual\u201d.<\/p>\n<p>Y remarc\u00f3 que \u201cen este mano a mano, se plasm\u00f3 el esp\u00edritu del encuentro que es el Debate Pol\u00edtico de las y los trabajadores Estatales para lograr obtener herramientas de lucha colectivas en la defensa de nuestros\u00a0derechos\u201d.<\/p>\n<p>En tal sentido, Vergara resalt\u00f3 el valor de este tipo que encuentros \u201cpara charlar mano a mano con los compa\u00f1eros, delegados, con los afiliados y las afiliadas, que tiene por objetivo poder pensar de manera m\u00e1s relajada el estado de situaci\u00f3n que atravesamos, que pas\u00f3 con la mirada del pueblo sobre la importancia del Estado como regulador, como dador de derechos a los m\u00e1s postergados, y c\u00f3mo llegamos a este proceso desquiciado de un gobierno encarnado por una banda de personas medio trastornadas y una realidad dist\u00f3pica que destroza al Estado para ponerlo al servicio de las corporaciones\u201d.<\/p>\n<p>\u201cMe parece que hay que poder conversarlo para que le encontremos el agujero al mate, porque tenemos que ir a buscar a todos los trabajadores y trabajadoras que votaron a este gobierno y hoy se dan cuenta que el problema no era la inflaci\u00f3n, que los tenemos que rescatar para poder encarnar un proceso popular que pueda sacarnos de encima a estos tipos y retome la agenda de la distribuci\u00f3n y la justicia social\u201d, resumi\u00f3 el dirigente, trabajador del Instituto Malbr\u00e1n, ubicado en Capital Federal.<\/p>\n<h3><strong>Charla sobre Convenios Colectivos de Trabajo<\/strong><\/h3>\n<p><img loading=\"lazy\" decoding=\"async\" class=\"aligncenter wp-image-46245 \" src=\"https:\/\/atecordoba.org\/wp-content\/uploads\/2024\/11\/Imagen-de-WhatsApp-2024-11-01-a-las-09.10.07_2c17f3f7-1024x1024.jpg\" alt=\"\" width=\"607\" height=\"607\" srcset=\"https:\/\/atecordoba.org\/wp-content\/uploads\/2024\/11\/Imagen-de-WhatsApp-2024-11-01-a-las-09.10.07_2c17f3f7-1024x1024.jpg 1024w, https:\/\/atecordoba.org\/wp-content\/uploads\/2024\/11\/Imagen-de-WhatsApp-2024-11-01-a-las-09.10.07_2c17f3f7-300x300.jpg 300w, https:\/\/atecordoba.org\/wp-content\/uploads\/2024\/11\/Imagen-de-WhatsApp-2024-11-01-a-las-09.10.07_2c17f3f7-150x150.jpg 150w, https:\/\/atecordoba.org\/wp-content\/uploads\/2024\/11\/Imagen-de-WhatsApp-2024-11-01-a-las-09.10.07_2c17f3f7-768x768.jpg 768w, https:\/\/atecordoba.org\/wp-content\/uploads\/2024\/11\/Imagen-de-WhatsApp-2024-11-01-a-las-09.10.07_2c17f3f7-560x560.jpg 560w, https:\/\/atecordoba.org\/wp-content\/uploads\/2024\/11\/Imagen-de-WhatsApp-2024-11-01-a-las-09.10.07_2c17f3f7-75x75.jpg 75w, https:\/\/atecordoba.org\/wp-content\/uploads\/2024\/11\/Imagen-de-WhatsApp-2024-11-01-a-las-09.10.07_2c17f3f7-350x350.jpg 350w, https:\/\/atecordoba.org\/wp-content\/uploads\/2024\/11\/Imagen-de-WhatsApp-2024-11-01-a-las-09.10.07_2c17f3f7-750x750.jpg 750w, https:\/\/atecordoba.org\/wp-content\/uploads\/2024\/11\/Imagen-de-WhatsApp-2024-11-01-a-las-09.10.07_2c17f3f7.jpg 1080w\" sizes=\"auto, (max-width: 607px) 100vw, 607px\" \/><\/p>\n<p>Hoy se desarroll\u00f3 una charla sobre convenios colectivos de trabajo encabezada por Flavio Vergara, donde dirigentes\/as, delegados\/as y afiliados\/as de ATE pudieron evacuar dudas y plantearon miradas sobre la pol\u00edtica que se viene en nuestro gremio.<\/p>\n<p>En la presentaci\u00f3n de la actividad, el secretario General de ATE C\u00f3rdoba, Federico Giuliani, agradeci\u00f3 el apoyo de Vergara y su equipo de trabajo y destac\u00f3 que &#8220;Flavio es un compa\u00f1ero y un amigo. En ATE antes no se pod\u00edan hablar algunas cosas y ahora si se puede, se est\u00e1 construyendo con mucha m\u00edstica y eso nos llena de fuerza&#8221;.<\/p>\n<p>Adem\u00e1s, mencion\u00f3 y agradeci\u00f3 a Marcela Ch\u00e1vez, secretaria de Convenios Colectivos del CDP, a Ricardo Reyna, Tesorero, y Cintia Conesta Administrativa, que estuvieron en el armado.<\/p>\n<p>&#8220;Es importante que hoy nos saquemos algunas dudas en cuento a las definiciones del Estado&#8221;, dijo el dirigente.<\/p>\n<p>Y agreg\u00f3: &#8220;Tenemos que saber que es un convenio colectivo, para qu\u00e9 sirve. Podemos ahondar en temas t\u00e9cnicos y pol\u00edticos, sin olvidar a nuestros compa\u00f1eros despedidos. A diferencia del macrismo, cuando los despedidos era m\u00e1s del AMBA hoy est\u00e1n impactando en todo el pa\u00eds. \u00a0La mayor\u00eda del vaciamiento y de laos cierres de las oficinas est\u00e1 en las provincias as\u00ed como la mayor\u00eda de los despidos&#8221;.<\/p>\n<p>Giuliani finaliz\u00f3 asegurando que &#8220;hay empresas que se benefician del plan econ\u00f3mico. Porque si hay un vaciamiento del Estado para que lo compre el privado o cinco millones de argentinos y argentinas no coman todos los d\u00edas las cuatro comidas, y un mill\u00f3n y medio de pibes se acuesten sin cenar es porque hay grupos que se la est\u00e1n llevando en pala. No es la crisis igual para todos&#8221;.<\/p>\n<p>&nbsp;<\/p>\n","protected":false},"excerpt":{"rendered":"<p>En el marco de dos actividades de formaci\u00f3n y debate en el Consejo Directivo Provincial, el paritario nacional de ATE y secretario de Convenios Colectivos de ATE Nacional, Flavio Vergara, estuvo en C\u00f3rdoba, para compartir con las y los compa\u00f1eros su mirada y experiencia respecto a lo que est\u00e1 sucediendo en el Estado y el [&hellip;]<\/p>\n","protected":false},"author":7,"featured_media":46256,"comment_status":"open","ping_status":"open","sticky":false,"template":"","format":"standard","meta":{"_exactmetrics_skip_tracking":false,"_exactmetrics_sitenote_active":false,"_exactmetrics_sitenote_note":"","_exactmetrics_sitenote_category":0,"jnews-multi-image_gallery":[],"jnews_single_post":{"format":"standard","override":[{"template":"1","parallax":"1","fullscreen":"1","layout":"no-sidebar-narrow","sidebar":"default-sidebar","second_sidebar":"default-sidebar","sticky_sidebar":"1","share_position":"bottom","share_float_style":"share-monocrhome","show_share_counter":"1","show_view_counter":"1","show_post_meta":"1","show_post_author_image":"1","show_post_date":"1","post_date_format":"default","post_date_format_custom":"Y\/m\/d","show_post_category":"1","show_post_reading_time":"0","post_reading_time_wpm":"300","post_calculate_word_method":"str_word_count","show_zoom_button":"0","zoom_button_out_step":"2","zoom_button_in_step":"3","show_post_tag":"1","number_popup_post":"1","show_post_related":"1","show_inline_post_related":"0"}],"image_override":[{"single_post_thumbnail_size":"crop-500","single_post_gallery_size":"crop-500"}],"trending_post_position":"meta","trending_post_label":"Trending","sponsored_post_label":"Sponsored by","disable_ad":"0"},"jnews_primary_category":[],"jnews_social_meta":[],"jnews_review":[],"enable_review":"","type":"percentage","name":"","summary":"","brand":"","sku":"","good":[],"bad":[],"score_override":"","override_value":"","rating":[],"price":[],"jnews_override_counter":{"view_counter_number":"0","share_counter_number":"0","like_counter_number":"0","dislike_counter_number":"0"},"jnews_post_split":{"post_split":[{"template":"1","tag":"h2","numbering":"asc","mode":"normal","first":"0","enable_toc":"0","toc_type":"normal"}]},"footnotes":""},"categories":[18],"tags":[383],"class_list":["post-46244","post","type-post","status-publish","format-standard","has-post-thumbnail","hentry","category-nacionales","tag-paritarias"],"jetpack_featured_media_url":"https:\/\/atecordoba.org\/wp-content\/uploads\/2024\/11\/IMG_20241031_140023333-2-e1730475956355.jpg","_links":{"self":[{"href":"https:\/\/atecordoba.org\/index.php?rest_route=\/wp\/v2\/posts\/46244","targetHints":{"allow":["GET"]}}],"collection":[{"href":"https:\/\/atecordoba.org\/index.php?rest_route=\/wp\/v2\/posts"}],"about":[{"href":"https:\/\/atecordoba.org\/index.php?rest_route=\/wp\/v2\/types\/post"}],"author":[{"embeddable":true,"href":"https:\/\/atecordoba.org\/index.php?rest_route=\/wp\/v2\/users\/7"}],"replies":[{"embeddable":true,"href":"https:\/\/atecordoba.org\/index.php?rest_route=%2Fwp%2Fv2%2Fcomments&post=46244"}],"version-history":[{"count":8,"href":"https:\/\/atecordoba.org\/index.php?rest_route=\/wp\/v2\/posts\/46244\/revisions"}],"predecessor-version":[{"id":46261,"href":"https:\/\/atecordoba.org\/index.php?rest_route=\/wp\/v2\/posts\/46244\/revisions\/46261"}],"wp:featuredmedia":[{"embeddable":true,"href":"https:\/\/atecordoba.org\/index.php?rest_route=\/wp\/v2\/media\/46256"}],"wp:attachment":[{"href":"https:\/\/atecordoba.org\/index.php?rest_route=%2Fwp%2Fv2%2Fmedia&parent=46244"}],"wp:term":[{"taxonomy":"category","embeddable":true,"href":"https:\/\/atecordoba.org\/index.php?rest_route=%2Fwp%2Fv2%2Fcategories&post=46244"},{"taxonomy":"post_tag","embeddable":true,"href":"https:\/\/atecordoba.org\/index.php?rest_route=%2Fwp%2Fv2%2Ftags&post=46244"}],"curies":[{"name":"wp","href":"https:\/\/api.w.org\/{rel}","templated":true}]}}