{"id":46226,"date":"2024-10-31T14:51:15","date_gmt":"2024-10-31T17:51:15","guid":{"rendered":"https:\/\/atecordoba.org\/?p=46226"},"modified":"2024-10-31T14:52:00","modified_gmt":"2024-10-31T17:52:00","slug":"ate-rechazo-la-paritaria-y-exigio-aumentos-por-encima-de-la-inflacion-es-un-nuevo-capitulo-en-la-historia-de-terror-que-viven-los-estatales","status":"publish","type":"post","link":"https:\/\/atecordoba.org\/?p=46226","title":{"rendered":"ATE rechaz\u00f3 la paritaria del 2% para noviembre y 1% en diciembre: \u201cEs un nuevo cap\u00edtulo en la historia de terror que viven los estatales\u201d"},"content":{"rendered":"<p><img loading=\"lazy\" decoding=\"async\" class=\"aligncenter wp-image-46227 \" src=\"https:\/\/atecordoba.org\/wp-content\/uploads\/2024\/10\/flyer-paritaria-de-terror-1024x1024.jpg\" alt=\"\" width=\"618\" height=\"618\" srcset=\"https:\/\/atecordoba.org\/wp-content\/uploads\/2024\/10\/flyer-paritaria-de-terror-1024x1024.jpg 1024w, https:\/\/atecordoba.org\/wp-content\/uploads\/2024\/10\/flyer-paritaria-de-terror-300x300.jpg 300w, https:\/\/atecordoba.org\/wp-content\/uploads\/2024\/10\/flyer-paritaria-de-terror-150x150.jpg 150w, https:\/\/atecordoba.org\/wp-content\/uploads\/2024\/10\/flyer-paritaria-de-terror-768x768.jpg 768w, https:\/\/atecordoba.org\/wp-content\/uploads\/2024\/10\/flyer-paritaria-de-terror-560x560.jpg 560w, https:\/\/atecordoba.org\/wp-content\/uploads\/2024\/10\/flyer-paritaria-de-terror-75x75.jpg 75w, https:\/\/atecordoba.org\/wp-content\/uploads\/2024\/10\/flyer-paritaria-de-terror-350x350.jpg 350w, https:\/\/atecordoba.org\/wp-content\/uploads\/2024\/10\/flyer-paritaria-de-terror-750x750.jpg 750w, https:\/\/atecordoba.org\/wp-content\/uploads\/2024\/10\/flyer-paritaria-de-terror.jpg 1080w\" sizes=\"auto, (max-width: 618px) 100vw, 618px\" \/><\/p>\n<p>La Asociaci\u00f3n Trabajadores del Estado (ATE) rechaz\u00f3 de plano una nueva paritaria en la Administraci\u00f3n P\u00fablica Nacional luego de que el Gobierno ofreciera un 2% para noviembre y un 1% para diciembre, y un bono por \u00fanica vez de $30.000 no remunerativo.<\/p>\n<p>\u201cEsta paritaria fue un nuevo cap\u00edtulo en la historia de terror que viven los estatales desde el 10 de diciembre\u201d, apunt\u00f3 Rodolfo Aguiar, Secretario General de ATE Nacional.<\/p>\n<p>\u201cEl bono no alcanza ni para cargar medio tanque de nafta, y se necesitar\u00edan cuatro bonos de estos para pagar una sola boleta de luz. Adem\u00e1s, el incremento salarial tiene nulo impacto en el bolsillo de los trabajadores. El Gobierno ha decidido pasar por la trituradora los salarios del Sector P\u00fablico\u201d, alert\u00f3 el dirigente estatal.<\/p>\n<p>En este marco, el Aguiar denunci\u00f3: \u201cHoy los sueldos en la Administraci\u00f3n P\u00fablica est\u00e1n lejos de cubrir las prestaciones m\u00ednimas que est\u00e1n garantizadas por la ley. El empobrecimiento de toda la planta estatal ha sido abrupto. En tan solo 11 meses, el poder adquisitivo ha sido pulverizado\u201d.<\/p>\n<p>\u201cEn este momento, \u00bfQui\u00e9n podr\u00eda avalar un 1% de aumento o un m\u00edsero bono por \u00fanica vez? Seguramente alguien que no siente en carne propia las necesidades de los trabajadores. S\u00f3lo podr\u00eda acordar una recomposici\u00f3n de esta naturaleza alguien que ya no vive ni piensa como los trabajadores\u201d, dispar\u00f3 Rodolfo Aguiar.<\/p>\n<figure id=\"attachment_46228\" aria-describedby=\"caption-attachment-46228\" style=\"width: 1024px\" class=\"wp-caption aligncenter\"><img loading=\"lazy\" decoding=\"async\" class=\"wp-image-46228 size-large\" src=\"https:\/\/atecordoba.org\/wp-content\/uploads\/2024\/10\/paritaria-terror-1024x576.jpg\" alt=\"\" width=\"1024\" height=\"576\" srcset=\"https:\/\/atecordoba.org\/wp-content\/uploads\/2024\/10\/paritaria-terror-1024x576.jpg 1024w, https:\/\/atecordoba.org\/wp-content\/uploads\/2024\/10\/paritaria-terror-300x169.jpg 300w, https:\/\/atecordoba.org\/wp-content\/uploads\/2024\/10\/paritaria-terror-768x432.jpg 768w, https:\/\/atecordoba.org\/wp-content\/uploads\/2024\/10\/paritaria-terror-750x422.jpg 750w, https:\/\/atecordoba.org\/wp-content\/uploads\/2024\/10\/paritaria-terror-1140x641.jpg 1140w, https:\/\/atecordoba.org\/wp-content\/uploads\/2024\/10\/paritaria-terror.jpg 1280w\" sizes=\"auto, (max-width: 1024px) 100vw, 1024px\" \/><figcaption id=\"caption-attachment-46228\" class=\"wp-caption-text\">Representaci\u00f3n de ATE en la paritaria nacional.<\/figcaption><\/figure>\n<p>\u201cEsta \u00faltima negociaci\u00f3n del a\u00f1o acelera la conflictividad en el Estado. En Navidad y A\u00f1o Nuevo todo aumenta y estos n\u00fameros estar\u00e1n a\u00fan m\u00e1s desfasados\u201d, concluy\u00f3 el Secretario General de ATE Nacional.<\/p>\n<p>De esta forma, el 2024 para los estatales cerrar\u00e1 con un aumento salarial del 73%, mientras que la inflaci\u00f3n acumulada en lo que va del a\u00f1o ya supera el 101,6% a falta de tres meses por computar.<\/p>\n<p>De mantenerse la tendencia inflacionaria, a fin de a\u00f1o la p\u00e9rdida del poder adquisitivo en el sector p\u00fablico alcanzar\u00eda el 50%.<\/p>\n<p>En ese marco, el otro gremio signatario del Convenio Colectivo de Trabajo 214\/06 (UPCN) acept\u00f3 la oferta del Gobierno.<\/p>\n<p><strong>ATE, por un aumento que supere la inflaci\u00f3n<\/strong><\/p>\n<p>En la ampliaci\u00f3n del acta paritaria de agosto pasado, ATE ya hab\u00eda planteado la urgencia de una recomposici\u00f3n salarial por encima de la inflaci\u00f3n y que ning\u00fan trabajador\/a quede por debajo de la pobreza. Por eso pidi\u00f3 una revisi\u00f3n de la discusi\u00f3n salarial que se hizo efectiva en octubre, gracias al sostenimiento de las luchas estatales en todo el pa\u00eds.<\/p>\n<p>Vale mencionar que este acuerdo paritario se anticip\u00f3 de manera artera y desleal en los medios de comunicaci\u00f3n, sin que aun hubiese comenzado la discusi\u00f3n salarial formal, logrando la firma afirmativa del otro gremio signatario.<\/p>\n<figure id=\"attachment_46230\" aria-describedby=\"caption-attachment-46230\" style=\"width: 612px\" class=\"wp-caption aligncenter\"><img loading=\"lazy\" decoding=\"async\" class=\"wp-image-46230 \" src=\"https:\/\/atecordoba.org\/wp-content\/uploads\/2024\/10\/acta-ampliacion-paritaria-1.jpg\" alt=\"\" width=\"612\" height=\"615\" srcset=\"https:\/\/atecordoba.org\/wp-content\/uploads\/2024\/10\/acta-ampliacion-paritaria-1.jpg 757w, https:\/\/atecordoba.org\/wp-content\/uploads\/2024\/10\/acta-ampliacion-paritaria-1-298x300.jpg 298w, https:\/\/atecordoba.org\/wp-content\/uploads\/2024\/10\/acta-ampliacion-paritaria-1-150x150.jpg 150w, https:\/\/atecordoba.org\/wp-content\/uploads\/2024\/10\/acta-ampliacion-paritaria-1-75x75.jpg 75w, https:\/\/atecordoba.org\/wp-content\/uploads\/2024\/10\/acta-ampliacion-paritaria-1-750x754.jpg 750w\" sizes=\"auto, (max-width: 612px) 100vw, 612px\" \/><figcaption id=\"caption-attachment-46230\" class=\"wp-caption-text\">Ampliaci\u00f3n del Acta Paritaria de agosto pasado.<\/figcaption><\/figure>\n","protected":false},"excerpt":{"rendered":"<p>La Asociaci\u00f3n Trabajadores del Estado (ATE) rechaz\u00f3 de plano una nueva paritaria en la Administraci\u00f3n P\u00fablica Nacional luego de que el Gobierno ofreciera un 2% para noviembre y un 1% para diciembre, y un bono por \u00fanica vez de $30.000 no remunerativo. \u201cEsta paritaria fue un nuevo cap\u00edtulo en la historia de terror que viven [&hellip;]<\/p>\n","protected":false},"author":7,"featured_media":46231,"comment_status":"open","ping_status":"open","sticky":false,"template":"","format":"standard","meta":{"_exactmetrics_skip_tracking":false,"_exactmetrics_sitenote_active":false,"_exactmetrics_sitenote_note":"","_exactmetrics_sitenote_category":0,"jnews-multi-image_gallery":[],"jnews_single_post":{"format":"standard","override":[{"template":"1","parallax":"1","fullscreen":"1","layout":"no-sidebar-narrow","sidebar":"default-sidebar","second_sidebar":"default-sidebar","sticky_sidebar":"1","share_position":"bottom","share_float_style":"share-monocrhome","show_share_counter":"1","show_view_counter":"1","show_post_meta":"1","show_post_author_image":"1","show_post_date":"1","post_date_format":"default","post_date_format_custom":"Y\/m\/d","show_post_category":"1","show_post_reading_time":"0","post_reading_time_wpm":"300","post_calculate_word_method":"str_word_count","show_zoom_button":"0","zoom_button_out_step":"2","zoom_button_in_step":"3","show_post_tag":"1","number_popup_post":"1","show_post_related":"1","show_inline_post_related":"0"}],"image_override":[{"single_post_thumbnail_size":"crop-500","single_post_gallery_size":"crop-500"}],"trending_post_position":"meta","trending_post_label":"Trending","sponsored_post_label":"Sponsored by","disable_ad":"0"},"jnews_primary_category":[],"jnews_social_meta":[],"jnews_review":[],"enable_review":"","type":"percentage","name":"","summary":"","brand":"","sku":"","good":[],"bad":[],"score_override":"","override_value":"","rating":[],"price":[],"jnews_override_counter":{"view_counter_number":"0","share_counter_number":"0","like_counter_number":"0","dislike_counter_number":"0"},"jnews_post_split":{"post_split":[{"template":"1","tag":"h2","numbering":"asc","mode":"normal","first":"0","enable_toc":"0","toc_type":"normal"}]},"footnotes":""},"categories":[756],"tags":[417,1298,339],"class_list":["post-46226","post","type-post","status-publish","format-standard","has-post-thumbnail","hentry","category-consejo-directivo-nacional-cdn","tag-ajuste","tag-estado-nacional","tag-paritaria-nacional"],"jetpack_featured_media_url":"https:\/\/atecordoba.org\/wp-content\/uploads\/2024\/10\/flyer-paritaria-de-terror-ed.jpg","_links":{"self":[{"href":"https:\/\/atecordoba.org\/index.php?rest_route=\/wp\/v2\/posts\/46226","targetHints":{"allow":["GET"]}}],"collection":[{"href":"https:\/\/atecordoba.org\/index.php?rest_route=\/wp\/v2\/posts"}],"about":[{"href":"https:\/\/atecordoba.org\/index.php?rest_route=\/wp\/v2\/types\/post"}],"author":[{"embeddable":true,"href":"https:\/\/atecordoba.org\/index.php?rest_route=\/wp\/v2\/users\/7"}],"replies":[{"embeddable":true,"href":"https:\/\/atecordoba.org\/index.php?rest_route=%2Fwp%2Fv2%2Fcomments&post=46226"}],"version-history":[{"count":2,"href":"https:\/\/atecordoba.org\/index.php?rest_route=\/wp\/v2\/posts\/46226\/revisions"}],"predecessor-version":[{"id":46234,"href":"https:\/\/atecordoba.org\/index.php?rest_route=\/wp\/v2\/posts\/46226\/revisions\/46234"}],"wp:featuredmedia":[{"embeddable":true,"href":"https:\/\/atecordoba.org\/index.php?rest_route=\/wp\/v2\/media\/46231"}],"wp:attachment":[{"href":"https:\/\/atecordoba.org\/index.php?rest_route=%2Fwp%2Fv2%2Fmedia&parent=46226"}],"wp:term":[{"taxonomy":"category","embeddable":true,"href":"https:\/\/atecordoba.org\/index.php?rest_route=%2Fwp%2Fv2%2Fcategories&post=46226"},{"taxonomy":"post_tag","embeddable":true,"href":"https:\/\/atecordoba.org\/index.php?rest_route=%2Fwp%2Fv2%2Ftags&post=46226"}],"curies":[{"name":"wp","href":"https:\/\/api.w.org\/{rel}","templated":true}]}}