{"id":4621,"date":"2014-10-21T16:51:34","date_gmt":"2014-10-21T19:51:34","guid":{"rendered":"http:\/\/www.atecordoba.org\/?p=4621"},"modified":"2014-10-21T16:51:34","modified_gmt":"2014-10-21T19:51:34","slug":"taller-de-formacion-para-delegados-la-comunicacion-en-el-conflicto-gremial","status":"publish","type":"post","link":"https:\/\/atecordoba.org\/?p=4621","title":{"rendered":"Taller de Formaci\u00f3n para delegados: la comunicaci\u00f3n en el conflicto gremial"},"content":{"rendered":"<p><em>En el marco de la propuesta de capacitaci\u00f3n del Consejo Directivo Provincial (CDP) de ATE C\u00f3rdoba, la Secretar\u00eda de Formaci\u00f3n organiza el\u00a0jueves 23 de octubre un nuevo taller \u00a0para\u00a0 delegados de nuestro gremio, bajo el t\u00edtulo \u201cLa comunicaci\u00f3n en el conflicto gremial\u201d.<\/em><\/p>\n<p><a href=\"http:\/\/www.atecordoba.org\/wp-content\/uploads\/2014\/10\/pag-23-cabeza-formacion.png\"><img loading=\"lazy\" decoding=\"async\" class=\"aligncenter  wp-image-4622\" src=\"http:\/\/www.atecordoba.org\/wp-content\/uploads\/2014\/10\/pag-23-cabeza-formacion.png\" alt=\"pag 23 cabeza - formacion\" width=\"531\" height=\"298\" \/><\/a><\/p>\n<p>El encuentro tiene por objetivo analizar los diferentes elementos y conceptos de la comunicaci\u00f3n en los conflictos gremiales y c\u00f3mo los delegados y delegadas debemos apropiarnos de herramientas y conceptos para disputar el espacio de la comunicaci\u00f3n, como uno de los ejes fundamentales en construcci\u00f3n de los conflictos gremiales.<\/p>\n<p>Para esta oportunidad se contar\u00e1 con el aporte fundamental de los compa\u00f1eros del \u201cObservatorio de Conflictos Sociales\u201d de nuestra CTA C\u00f3rdoba, que ya vienen acompa\u00f1ando en diferentes propuestas de formaci\u00f3n, con importantes aportes del la teor\u00eda y la pr\u00e1ctica.<\/p>\n<p>La cita es el local del C\u00edrculo Sindical de la Prensa (CISPREN), Obispo Trejo 365, de 9.30 a 14 hoas y est\u00e1 destinado a los delegados de ATE\u00a0 que no hayan realizado este m\u00f3dulo en ocasiones anteriores.<\/p>\n<p>Compa\u00f1eras y Compa\u00f1eros la formaci\u00f3n es una tarea constante y fundamentalmente pol\u00edtica. Los esperamos.<\/p>\n<p>Para mayor informaci\u00f3n:<\/p>\n<p>Compa\u00f1era: Cintia Conesta 155640618<\/p>\n<p>Compa\u00f1ero: Gustavo Peyroti\u00a0 153871664<\/p>\n","protected":false},"excerpt":{"rendered":"<p>En el marco de la propuesta de capacitaci\u00f3n del Consejo Directivo Provincial (CDP) de ATE C\u00f3rdoba, la Secretar\u00eda de Formaci\u00f3n organiza el\u00a0jueves 23 de octubre un nuevo taller \u00a0para\u00a0 delegados de nuestro gremio, bajo el t\u00edtulo \u201cLa comunicaci\u00f3n en el conflicto gremial\u201d. El encuentro tiene por objetivo analizar los diferentes elementos y conceptos de la [&hellip;]<\/p>\n","protected":false},"author":1,"featured_media":19220,"comment_status":"open","ping_status":"open","sticky":false,"template":"","format":"standard","meta":{"_exactmetrics_skip_tracking":false,"_exactmetrics_sitenote_active":false,"_exactmetrics_sitenote_note":"","_exactmetrics_sitenote_category":0,"jnews-multi-image_gallery":[],"jnews_single_post":[],"jnews_primary_category":[],"jnews_social_meta":[],"jnews_review":[],"enable_review":"","type":"","name":"","summary":"","brand":"","sku":"","good":[],"bad":[],"score_override":"","override_value":"","rating":[],"price":[],"jnews_override_counter":[],"jnews_post_split":[],"footnotes":""},"categories":[88],"tags":[],"class_list":["post-4621","post","type-post","status-publish","format-standard","has-post-thumbnail","hentry","category-formacion"],"jetpack_featured_media_url":"https:\/\/atecordoba.org\/wp-content\/uploads\/2020\/05\/logo-nuevochico-e1561581322808.png","_links":{"self":[{"href":"https:\/\/atecordoba.org\/index.php?rest_route=\/wp\/v2\/posts\/4621","targetHints":{"allow":["GET"]}}],"collection":[{"href":"https:\/\/atecordoba.org\/index.php?rest_route=\/wp\/v2\/posts"}],"about":[{"href":"https:\/\/atecordoba.org\/index.php?rest_route=\/wp\/v2\/types\/post"}],"author":[{"embeddable":true,"href":"https:\/\/atecordoba.org\/index.php?rest_route=\/wp\/v2\/users\/1"}],"replies":[{"embeddable":true,"href":"https:\/\/atecordoba.org\/index.php?rest_route=%2Fwp%2Fv2%2Fcomments&post=4621"}],"version-history":[{"count":0,"href":"https:\/\/atecordoba.org\/index.php?rest_route=\/wp\/v2\/posts\/4621\/revisions"}],"wp:featuredmedia":[{"embeddable":true,"href":"https:\/\/atecordoba.org\/index.php?rest_route=\/wp\/v2\/media\/19220"}],"wp:attachment":[{"href":"https:\/\/atecordoba.org\/index.php?rest_route=%2Fwp%2Fv2%2Fmedia&parent=4621"}],"wp:term":[{"taxonomy":"category","embeddable":true,"href":"https:\/\/atecordoba.org\/index.php?rest_route=%2Fwp%2Fv2%2Fcategories&post=4621"},{"taxonomy":"post_tag","embeddable":true,"href":"https:\/\/atecordoba.org\/index.php?rest_route=%2Fwp%2Fv2%2Ftags&post=4621"}],"curies":[{"name":"wp","href":"https:\/\/api.w.org\/{rel}","templated":true}]}}