{"id":46209,"date":"2024-10-30T15:27:22","date_gmt":"2024-10-30T18:27:22","guid":{"rendered":"https:\/\/atecordoba.org\/?p=46209"},"modified":"2024-10-30T15:28:29","modified_gmt":"2024-10-30T18:28:29","slug":"paro-nacional-ate-se-movilizo-en-cordoba-y-declaro-a-milei-persona-no-grata","status":"publish","type":"post","link":"https:\/\/atecordoba.org\/?p=46209","title":{"rendered":"\u00a0Paro nacional: ATE se moviliz\u00f3 en C\u00f3rdoba y declar\u00f3 a Milei \u201cpersona no grata\u201d"},"content":{"rendered":"<p><img loading=\"lazy\" decoding=\"async\" class=\"aligncenter wp-image-46210 \" src=\"https:\/\/atecordoba.org\/wp-content\/uploads\/2024\/10\/WhatsApp-Image-2024-10-30-at-14.37.04-scaled.jpeg\" alt=\"\" width=\"611\" height=\"459\" srcset=\"https:\/\/atecordoba.org\/wp-content\/uploads\/2024\/10\/WhatsApp-Image-2024-10-30-at-14.37.04-scaled.jpeg 2560w, https:\/\/atecordoba.org\/wp-content\/uploads\/2024\/10\/WhatsApp-Image-2024-10-30-at-14.37.04-300x225.jpeg 300w, https:\/\/atecordoba.org\/wp-content\/uploads\/2024\/10\/WhatsApp-Image-2024-10-30-at-14.37.04-1024x768.jpeg 1024w, https:\/\/atecordoba.org\/wp-content\/uploads\/2024\/10\/WhatsApp-Image-2024-10-30-at-14.37.04-768x576.jpeg 768w, https:\/\/atecordoba.org\/wp-content\/uploads\/2024\/10\/WhatsApp-Image-2024-10-30-at-14.37.04-1536x1152.jpeg 1536w, https:\/\/atecordoba.org\/wp-content\/uploads\/2024\/10\/WhatsApp-Image-2024-10-30-at-14.37.04-2048x1536.jpeg 2048w, https:\/\/atecordoba.org\/wp-content\/uploads\/2024\/10\/WhatsApp-Image-2024-10-30-at-14.37.04-750x563.jpeg 750w, https:\/\/atecordoba.org\/wp-content\/uploads\/2024\/10\/WhatsApp-Image-2024-10-30-at-14.37.04-1140x855.jpeg 1140w\" sizes=\"auto, (max-width: 611px) 100vw, 611px\" \/><\/p>\n<p>Hoy se concret\u00f3 la segunda jornada del paro nacional por 36 horas resuelto por la conducci\u00f3n nacional de ATE. El Consejo Directivo Provincial (CDP) llev\u00f3 a cabo diversas acciones gremiales con movilizaci\u00f3n en la capital provincial, escrachando el local del partido de Javier Milei en C\u00f3rdoba y luego realizando una protesta ante la Bolsa de Comercio, fijando posici\u00f3n sobre los verdaderos autores intelectuales del ajuste que pesa sobre las y los estatales.<\/p>\n<p><img loading=\"lazy\" decoding=\"async\" class=\"aligncenter wp-image-46211 \" src=\"https:\/\/atecordoba.org\/wp-content\/uploads\/2024\/10\/WhatsApp-Image-2024-10-30-at-14.36.45-scaled.jpeg\" alt=\"\" width=\"613\" height=\"460\" srcset=\"https:\/\/atecordoba.org\/wp-content\/uploads\/2024\/10\/WhatsApp-Image-2024-10-30-at-14.36.45-scaled.jpeg 2560w, https:\/\/atecordoba.org\/wp-content\/uploads\/2024\/10\/WhatsApp-Image-2024-10-30-at-14.36.45-300x225.jpeg 300w, https:\/\/atecordoba.org\/wp-content\/uploads\/2024\/10\/WhatsApp-Image-2024-10-30-at-14.36.45-1024x769.jpeg 1024w, https:\/\/atecordoba.org\/wp-content\/uploads\/2024\/10\/WhatsApp-Image-2024-10-30-at-14.36.45-768x577.jpeg 768w, https:\/\/atecordoba.org\/wp-content\/uploads\/2024\/10\/WhatsApp-Image-2024-10-30-at-14.36.45-1536x1153.jpeg 1536w, https:\/\/atecordoba.org\/wp-content\/uploads\/2024\/10\/WhatsApp-Image-2024-10-30-at-14.36.45-2048x1537.jpeg 2048w, https:\/\/atecordoba.org\/wp-content\/uploads\/2024\/10\/WhatsApp-Image-2024-10-30-at-14.36.45-750x563.jpeg 750w, https:\/\/atecordoba.org\/wp-content\/uploads\/2024\/10\/WhatsApp-Image-2024-10-30-at-14.36.45-1140x856.jpeg 1140w\" sizes=\"auto, (max-width: 613px) 100vw, 613px\" \/><\/p>\n<p>Encabezada por nuestro secretario General, Federico Giuliani, la columna de ATE C\u00f3rdoba march\u00f3 por el centro, llevando a las puertas del local de La Libertad Avanza el repudio de nuestro gremio a la pol\u00edtica de ajuste y hambre que Milei impone sobre la mayor\u00eda de la poblaci\u00f3n, en momentos que el Presidente se aprestaba a dar un discurso ante la Fundaci\u00f3n Mediterr\u00e1nea, en un nuevo aniversario de la entidad empresarial.<\/p>\n<p>El acto, que consisti\u00f3 en una olla popular de mate cocido y pan, estuvo fuertemente custodiado por la polic\u00eda de la provincia, que no alcanz\u00f3 a intervenir cuando durante la protesta las y los compa\u00f1eros fueron agredidos desde un edificio, arrojando algunos huevos y otros objetos contundentes.<\/p>\n<p><img loading=\"lazy\" decoding=\"async\" class=\"aligncenter wp-image-46212 \" src=\"https:\/\/atecordoba.org\/wp-content\/uploads\/2024\/10\/WhatsApp-Image-2024-10-30-at-14.36.44-1-scaled.jpeg\" alt=\"\" width=\"621\" height=\"466\" srcset=\"https:\/\/atecordoba.org\/wp-content\/uploads\/2024\/10\/WhatsApp-Image-2024-10-30-at-14.36.44-1-scaled.jpeg 2560w, https:\/\/atecordoba.org\/wp-content\/uploads\/2024\/10\/WhatsApp-Image-2024-10-30-at-14.36.44-1-300x225.jpeg 300w, https:\/\/atecordoba.org\/wp-content\/uploads\/2024\/10\/WhatsApp-Image-2024-10-30-at-14.36.44-1-1024x769.jpeg 1024w, https:\/\/atecordoba.org\/wp-content\/uploads\/2024\/10\/WhatsApp-Image-2024-10-30-at-14.36.44-1-768x577.jpeg 768w, https:\/\/atecordoba.org\/wp-content\/uploads\/2024\/10\/WhatsApp-Image-2024-10-30-at-14.36.44-1-1536x1153.jpeg 1536w, https:\/\/atecordoba.org\/wp-content\/uploads\/2024\/10\/WhatsApp-Image-2024-10-30-at-14.36.44-1-2048x1537.jpeg 2048w, https:\/\/atecordoba.org\/wp-content\/uploads\/2024\/10\/WhatsApp-Image-2024-10-30-at-14.36.44-1-750x563.jpeg 750w, https:\/\/atecordoba.org\/wp-content\/uploads\/2024\/10\/WhatsApp-Image-2024-10-30-at-14.36.44-1-1140x856.jpeg 1140w\" sizes=\"auto, (max-width: 621px) 100vw, 621px\" \/><\/p>\n<p>\u201cAyer hicimos la previa <a href=\"https:\/\/atecordoba.org\/?p=46155\">yendo a escrachar la Fundaci\u00f3n Mediterr\u00e1nea<\/a>, la usina ideol\u00f3gica del neoliberalismo en Argentina, creada al calor de terrorismo de Estado de la dictadura genocida olig\u00e1rquico-militar. Milei y los gobernantes de C\u00f3rdoba son los t\u00edteres de estos tipos, donde se planifica las pol\u00edticas de ajuste y hambre de nuestra patria. Hoy continuamos las 36 horas de paro nacional de ATE\u201d, dijo Federico Giuliani.<\/p>\n<p><img loading=\"lazy\" decoding=\"async\" class=\"wp-image-46213  aligncenter\" src=\"https:\/\/atecordoba.org\/wp-content\/uploads\/2024\/10\/WhatsApp-Image-2024-10-30-at-14.36.42-769x1024.jpeg\" alt=\"\" width=\"250\" height=\"333\" srcset=\"https:\/\/atecordoba.org\/wp-content\/uploads\/2024\/10\/WhatsApp-Image-2024-10-30-at-14.36.42-769x1024.jpeg 769w, https:\/\/atecordoba.org\/wp-content\/uploads\/2024\/10\/WhatsApp-Image-2024-10-30-at-14.36.42-225x300.jpeg 225w, https:\/\/atecordoba.org\/wp-content\/uploads\/2024\/10\/WhatsApp-Image-2024-10-30-at-14.36.42-768x1023.jpeg 768w, https:\/\/atecordoba.org\/wp-content\/uploads\/2024\/10\/WhatsApp-Image-2024-10-30-at-14.36.42-1153x1536.jpeg 1153w, https:\/\/atecordoba.org\/wp-content\/uploads\/2024\/10\/WhatsApp-Image-2024-10-30-at-14.36.42-1537x2048.jpeg 1537w, https:\/\/atecordoba.org\/wp-content\/uploads\/2024\/10\/WhatsApp-Image-2024-10-30-at-14.36.42-750x999.jpeg 750w, https:\/\/atecordoba.org\/wp-content\/uploads\/2024\/10\/WhatsApp-Image-2024-10-30-at-14.36.42-1140x1519.jpeg 1140w, https:\/\/atecordoba.org\/wp-content\/uploads\/2024\/10\/WhatsApp-Image-2024-10-30-at-14.36.42-scaled.jpeg 1922w\" sizes=\"auto, (max-width: 250px) 100vw, 250px\" \/><\/p>\n<p>Seguidamente, valor\u00f3 la protesta ante el local partidario de Milei. \u201cEstamos haciendo una protesta frente al local de la LLA, en un barrio c\u00e9ntrico y cheto de C\u00f3rdoba, para denunciar que el hambre es un crimen y, si hay un crimen, hay responsables ideol\u00f3gicos y materiales. Actualmente Milei le saca el pan a nuestros hijos e hijas. Es inviable un pa\u00eds que produce alimentos para 400 millones de personas no puede garantizar un plato de comida a los que sufren. Hay 5 millones de compatriotas que comen salteado y 1.5 millones de chicos y chicas que se acuestan sin cenar. Por eso vinimos a hacer un mate cocido con pan frente a un local donde se deben pagar fortunas de alquiler, porque la zona es car\u00edsima, mientras tenemos las barriadas populares hambreadas\u201d, se\u00f1al\u00f3.<\/p>\n<p>Luego, la columna de estatales, junto a compa\u00f1eras y compa\u00f1eros de la CTAA, se traslad\u00f3 la sede la Bolsa de Comercio, donde otro piquete policial hab\u00eda cortado la calle con vallas, por lo que el acto se realiz\u00f3 a media cuadra, en la esquina de Maip\u00fa y Rosario de Santa Fe.<\/p>\n<p>Varias y varios oradores destacaron la iniciativa de nuestro gremio de llevar la protesta callejera a la cara de las entidades empresariales que motorizan y aplauden el ajuste de Milei, brind\u00e1ndole soporte intelectual y aportando funcionarios (la canciller Diana Mondino es integrante de la Bolsa de Comercio y titular del Banco Roela) a la gesti\u00f3n libertaria.<\/p>\n<p><img loading=\"lazy\" decoding=\"async\" class=\"aligncenter wp-image-46214 \" src=\"https:\/\/atecordoba.org\/wp-content\/uploads\/2024\/10\/WhatsApp-Image-2024-10-30-at-14.37.39-1-1024x769.jpeg\" alt=\"\" width=\"611\" height=\"459\" srcset=\"https:\/\/atecordoba.org\/wp-content\/uploads\/2024\/10\/WhatsApp-Image-2024-10-30-at-14.37.39-1-1024x769.jpeg 1024w, https:\/\/atecordoba.org\/wp-content\/uploads\/2024\/10\/WhatsApp-Image-2024-10-30-at-14.37.39-1-300x225.jpeg 300w, https:\/\/atecordoba.org\/wp-content\/uploads\/2024\/10\/WhatsApp-Image-2024-10-30-at-14.37.39-1-768x577.jpeg 768w, https:\/\/atecordoba.org\/wp-content\/uploads\/2024\/10\/WhatsApp-Image-2024-10-30-at-14.37.39-1-1536x1153.jpeg 1536w, https:\/\/atecordoba.org\/wp-content\/uploads\/2024\/10\/WhatsApp-Image-2024-10-30-at-14.37.39-1-2048x1537.jpeg 2048w, https:\/\/atecordoba.org\/wp-content\/uploads\/2024\/10\/WhatsApp-Image-2024-10-30-at-14.37.39-1-750x563.jpeg 750w, https:\/\/atecordoba.org\/wp-content\/uploads\/2024\/10\/WhatsApp-Image-2024-10-30-at-14.37.39-1-1140x856.jpeg 1140w\" sizes=\"auto, (max-width: 611px) 100vw, 611px\" \/><\/p>\n<p>\u201cLa Bolsa de Comercio, entidad que es parte del grupo G6, fija las pol\u00edticas de los que gobiernan para avanzar sobre organizaciones sociales, sindicatos, asambleas ambientales. Le vinimos a decir a Milei que es persona no grata en C\u00f3rdoba\u201d, asegur\u00f3 el dirigente. Se destac\u00f3 la presencia de las y los secretarios Generales de las seccionales Cruz del Eje, R\u00edo Tercero, R\u00edo Cuarto y Adelia Mar\u00eda, as\u00ed como de la secretaria Adjunta de la CTAA C\u00f3rdoba y referente de la Fenat-CTAA, Silvia Alcoba.<\/p>\n<p><img loading=\"lazy\" decoding=\"async\" class=\"alignright wp-image-46215 \" src=\"https:\/\/atecordoba.org\/wp-content\/uploads\/2024\/10\/WhatsApp-Image-2024-10-30-at-14.36.45-1-769x1024.jpeg\" alt=\"\" width=\"394\" height=\"525\" srcset=\"https:\/\/atecordoba.org\/wp-content\/uploads\/2024\/10\/WhatsApp-Image-2024-10-30-at-14.36.45-1-769x1024.jpeg 769w, https:\/\/atecordoba.org\/wp-content\/uploads\/2024\/10\/WhatsApp-Image-2024-10-30-at-14.36.45-1-225x300.jpeg 225w, https:\/\/atecordoba.org\/wp-content\/uploads\/2024\/10\/WhatsApp-Image-2024-10-30-at-14.36.45-1-768x1023.jpeg 768w, https:\/\/atecordoba.org\/wp-content\/uploads\/2024\/10\/WhatsApp-Image-2024-10-30-at-14.36.45-1-1153x1536.jpeg 1153w, https:\/\/atecordoba.org\/wp-content\/uploads\/2024\/10\/WhatsApp-Image-2024-10-30-at-14.36.45-1-1537x2048.jpeg 1537w, https:\/\/atecordoba.org\/wp-content\/uploads\/2024\/10\/WhatsApp-Image-2024-10-30-at-14.36.45-1-750x999.jpeg 750w, https:\/\/atecordoba.org\/wp-content\/uploads\/2024\/10\/WhatsApp-Image-2024-10-30-at-14.36.45-1-1140x1519.jpeg 1140w, https:\/\/atecordoba.org\/wp-content\/uploads\/2024\/10\/WhatsApp-Image-2024-10-30-at-14.36.45-1-scaled.jpeg 1922w\" sizes=\"auto, (max-width: 394px) 100vw, 394px\" \/><\/p>\n<p><strong>Marcha por la universidad<\/strong><\/p>\n<p>Por \u00faltimo la columna de ATE y la CTAA se moviliz\u00f3 a la avenida V\u00e9lez Sarsfield para participar de la marcha que convocaron las organizaciones estudiantiles y el sindicato de docentes, junto a la CGT, la CTA Aut\u00f3noma, la CTA de los Trabajadores y diversas organizaciones sociales.<\/p>\n<p>Durante la jornada de lucha, la secretaria General de ATE Rio Cuarto, Rafaela Alcoba, celebr\u00f3 que las y los estatales \u201cestamos en la calle cumpliendo el mandato de las bases, ya le dijimos al gobierno que no lo vamos a dejar descansar mientras siga ajustando\u201d.<\/p>\n<p>El calor imperante en C\u00f3rdoba, que super\u00f3 los 35 grados, no impidi\u00f3 el protagonismo de ATE en la jornada de lucha. As\u00ed lo destac\u00f3 el secretario General de ATE Cruz del Eje, Beto Pozzi, quien rescat\u00f3 que \u201cayer estuvimos y hoy estamos de nuevo en la calle. Miren las vallas que protegen a la Bolsa de Comercio, por m\u00e1s que nos quieran meter miedo est\u00e1 claro que es el poder quien tiene miedo. Y mandan a la polic\u00eda para proteger a los ricos. Aguante la lucha y aguante la calle\u201d.<\/p>\n<p>&nbsp;<\/p>\n<p>Por su parte, el secretario General de ATE R\u00edo Tercero, David Salto, destac\u00f3 que \u201cen las calles de C\u00f3rdoba estamos los hijos del Cordobazo. Nos quieren criminalizar para que no marchemos pero son ellos (el Gobierno) quienes hacen los cr\u00edmenes, con el ajuste a los jubilados hasta ubicarlos bajo la l\u00ednea de la indigencia, reduciendo el presupuesto universitario y sometiendo al hambre a nuestros chicos, 1.5 millones de ni\u00f1os se acuestan sin comer en Argentina\u201d. Y agreg\u00f3 que \u201csalimos a dar la pelea por una patria justa, libre y soberana, basada en la producci\u00f3n y el trabajo\u201d.<\/p>\n<p>En\u00a0 tanto, la secretaria Adjunta del CDP, Gabriela Alcoba, remarc\u00f3 que \u201cATE fue el primer gremio que le hizo un piquetazo a Milei en diciembre del a\u00f1o pasado. Y lo seguiremos haciendo hasta que termine el ajuste\u201d.<\/p>\n<p><img loading=\"lazy\" decoding=\"async\" class=\"aligncenter wp-image-46217 \" src=\"https:\/\/atecordoba.org\/wp-content\/uploads\/2024\/10\/WhatsApp-Image-2024-10-30-at-14.37.40-1-1024x769.jpeg\" alt=\"\" width=\"623\" height=\"468\" \/><\/p>\n<p>Por \u00faltimo, Federico Giuliani, repudi\u00f3 la innecesaria sobreabundancia policial en las movilizaci\u00f3n de ATE. \u201cSon la narcopolic\u00eda del gatillo f\u00e1cil y la corrupci\u00f3n, que defienden a las corporaciones en vez de cuidar al pueblo en nuestra barriadas populares\u201d.<\/p>\n<p>Y destac\u00f3 el orgullo de ser estatal &#8220;a pesar que nos traten de orcos o de \u00f1oquis. Declaramos a Milei persona no grata en C\u00f3rdoba y estamos en la calle para dar vuelta la tortilla. Porque mientras nuestro pueblo pasa hambre, se enriquecen los Bulgheroni, los Paganni, o Roggio, que gana fortunas con el juego en la provincia\u201d.<\/p>\n<p>El secretario General cerr\u00f3 su discurso afirmando que \u201cla calle es nuestra y tambi\u00e9n la tranquilidad de nuestras conciencias para poder mirar a la familia a los ojos y saber que lo dimos todo para cambiar esta sociedad injusta\u201d.<\/p>\n<p><img loading=\"lazy\" decoding=\"async\" class=\"aligncenter wp-image-46216 \" src=\"https:\/\/atecordoba.org\/wp-content\/uploads\/2024\/10\/WhatsApp-Image-2024-10-30-at-14.37.40-1024x769.jpeg\" alt=\"\" width=\"634\" height=\"476\" srcset=\"https:\/\/atecordoba.org\/wp-content\/uploads\/2024\/10\/WhatsApp-Image-2024-10-30-at-14.37.40-1024x769.jpeg 1024w, https:\/\/atecordoba.org\/wp-content\/uploads\/2024\/10\/WhatsApp-Image-2024-10-30-at-14.37.40-300x225.jpeg 300w, https:\/\/atecordoba.org\/wp-content\/uploads\/2024\/10\/WhatsApp-Image-2024-10-30-at-14.37.40-768x577.jpeg 768w, https:\/\/atecordoba.org\/wp-content\/uploads\/2024\/10\/WhatsApp-Image-2024-10-30-at-14.37.40-1536x1153.jpeg 1536w, https:\/\/atecordoba.org\/wp-content\/uploads\/2024\/10\/WhatsApp-Image-2024-10-30-at-14.37.40-2048x1537.jpeg 2048w, https:\/\/atecordoba.org\/wp-content\/uploads\/2024\/10\/WhatsApp-Image-2024-10-30-at-14.37.40-750x563.jpeg 750w, https:\/\/atecordoba.org\/wp-content\/uploads\/2024\/10\/WhatsApp-Image-2024-10-30-at-14.37.40-1140x856.jpeg 1140w\" sizes=\"auto, (max-width: 634px) 100vw, 634px\" \/><\/p>\n<p>&nbsp;<\/p>\n","protected":false},"excerpt":{"rendered":"<p>Hoy se concret\u00f3 la segunda jornada del paro nacional por 36 horas resuelto por la conducci\u00f3n nacional de ATE. El Consejo Directivo Provincial (CDP) llev\u00f3 a cabo diversas acciones gremiales con movilizaci\u00f3n en la capital provincial, escrachando el local del partido de Javier Milei en C\u00f3rdoba y luego realizando una protesta ante la Bolsa de [&hellip;]<\/p>\n","protected":false},"author":7,"featured_media":46217,"comment_status":"open","ping_status":"open","sticky":false,"template":"","format":"standard","meta":{"_exactmetrics_skip_tracking":false,"_exactmetrics_sitenote_active":false,"_exactmetrics_sitenote_note":"","_exactmetrics_sitenote_category":0,"jnews-multi-image_gallery":[],"jnews_single_post":{"format":"standard","override":[{"template":"1","parallax":"1","fullscreen":"1","layout":"no-sidebar-narrow","sidebar":"default-sidebar","second_sidebar":"default-sidebar","sticky_sidebar":"1","share_position":"bottom","share_float_style":"share-monocrhome","show_share_counter":"1","show_view_counter":"1","show_post_meta":"1","show_post_author_image":"1","show_post_date":"1","post_date_format":"default","post_date_format_custom":"Y\/m\/d","show_post_category":"1","show_post_reading_time":"0","post_reading_time_wpm":"300","post_calculate_word_method":"str_word_count","show_zoom_button":"0","zoom_button_out_step":"2","zoom_button_in_step":"3","show_post_tag":"1","number_popup_post":"1","show_post_related":"1","show_inline_post_related":"0"}],"image_override":[{"single_post_thumbnail_size":"crop-500","single_post_gallery_size":"crop-500"}],"trending_post_position":"meta","trending_post_label":"Trending","sponsored_post_label":"Sponsored by","disable_ad":"0"},"jnews_primary_category":[],"jnews_social_meta":[],"jnews_review":[],"enable_review":"","type":"percentage","name":"","summary":"","brand":"","sku":"","good":[],"bad":[],"score_override":"","override_value":"","rating":[],"price":[],"jnews_override_counter":{"view_counter_number":"0","share_counter_number":"0","like_counter_number":"0","dislike_counter_number":"0"},"jnews_post_split":{"post_split":[{"template":"1","tag":"h2","numbering":"asc","mode":"normal","first":"0","enable_toc":"0","toc_type":"normal"}]},"footnotes":""},"categories":[341],"tags":[1160,595,1393],"class_list":["post-46209","post","type-post","status-publish","format-standard","has-post-thumbnail","hentry","category-cdp","tag-cordoba-2","tag-paro-nacional","tag-repudio-al-milei"],"jetpack_featured_media_url":"https:\/\/atecordoba.org\/wp-content\/uploads\/2024\/10\/WhatsApp-Image-2024-10-30-at-14.37.40-1-scaled-e1730312491517.jpeg","_links":{"self":[{"href":"https:\/\/atecordoba.org\/index.php?rest_route=\/wp\/v2\/posts\/46209","targetHints":{"allow":["GET"]}}],"collection":[{"href":"https:\/\/atecordoba.org\/index.php?rest_route=\/wp\/v2\/posts"}],"about":[{"href":"https:\/\/atecordoba.org\/index.php?rest_route=\/wp\/v2\/types\/post"}],"author":[{"embeddable":true,"href":"https:\/\/atecordoba.org\/index.php?rest_route=\/wp\/v2\/users\/7"}],"replies":[{"embeddable":true,"href":"https:\/\/atecordoba.org\/index.php?rest_route=%2Fwp%2Fv2%2Fcomments&post=46209"}],"version-history":[{"count":2,"href":"https:\/\/atecordoba.org\/index.php?rest_route=\/wp\/v2\/posts\/46209\/revisions"}],"predecessor-version":[{"id":46219,"href":"https:\/\/atecordoba.org\/index.php?rest_route=\/wp\/v2\/posts\/46209\/revisions\/46219"}],"wp:featuredmedia":[{"embeddable":true,"href":"https:\/\/atecordoba.org\/index.php?rest_route=\/wp\/v2\/media\/46217"}],"wp:attachment":[{"href":"https:\/\/atecordoba.org\/index.php?rest_route=%2Fwp%2Fv2%2Fmedia&parent=46209"}],"wp:term":[{"taxonomy":"category","embeddable":true,"href":"https:\/\/atecordoba.org\/index.php?rest_route=%2Fwp%2Fv2%2Fcategories&post=46209"},{"taxonomy":"post_tag","embeddable":true,"href":"https:\/\/atecordoba.org\/index.php?rest_route=%2Fwp%2Fv2%2Ftags&post=46209"}],"curies":[{"name":"wp","href":"https:\/\/api.w.org\/{rel}","templated":true}]}}