{"id":46155,"date":"2024-10-29T14:44:39","date_gmt":"2024-10-29T17:44:39","guid":{"rendered":"https:\/\/atecordoba.org\/?p=46155"},"modified":"2024-10-29T14:47:51","modified_gmt":"2024-10-29T17:47:51","slug":"el-paro-en-cordoba-se-inicio-con-protesta-frente-a-la-fundacion-mediterranea","status":"publish","type":"post","link":"https:\/\/atecordoba.org\/?p=46155","title":{"rendered":"El paro en C\u00f3rdoba se inici\u00f3 con protesta frente a la Fundaci\u00f3n Mediterr\u00e1nea"},"content":{"rendered":"<p><img loading=\"lazy\" decoding=\"async\" class=\"aligncenter wp-image-46156 \" src=\"https:\/\/atecordoba.org\/wp-content\/uploads\/2024\/10\/princiapl-scaled.jpg\" alt=\"\" width=\"622\" height=\"467\" \/><\/p>\n<p>ATE C\u00f3rdoba dio hoy comienzo al paro general por 48 horas con una radio abierta que se transform\u00f3 en escrache y protesta frente a la Fundaci\u00f3n Mediterr\u00e1nea, la &#8220;cueva de Ali Bab\u00e1 y los 40 ladrones, desde donde se orquestan los planes econ\u00f3micos de ajuste sobre el pueblo trabajador y para el saqueo de nuestra patria&#8221;, como describi\u00f3 a la entidad el secretario General del Consejo Directivo Provincial (CDP), Federico Giuliani.<\/p>\n<p><img loading=\"lazy\" decoding=\"async\" class=\"aligncenter wp-image-46157 \" src=\"https:\/\/atecordoba.org\/wp-content\/uploads\/2024\/10\/IMG-20241029-WA0066-scaled.jpg\" alt=\"\" width=\"634\" height=\"476\" srcset=\"https:\/\/atecordoba.org\/wp-content\/uploads\/2024\/10\/IMG-20241029-WA0066-scaled.jpg 2560w, https:\/\/atecordoba.org\/wp-content\/uploads\/2024\/10\/IMG-20241029-WA0066-300x225.jpg 300w, https:\/\/atecordoba.org\/wp-content\/uploads\/2024\/10\/IMG-20241029-WA0066-1024x768.jpg 1024w, https:\/\/atecordoba.org\/wp-content\/uploads\/2024\/10\/IMG-20241029-WA0066-768x576.jpg 768w, https:\/\/atecordoba.org\/wp-content\/uploads\/2024\/10\/IMG-20241029-WA0066-1536x1152.jpg 1536w, https:\/\/atecordoba.org\/wp-content\/uploads\/2024\/10\/IMG-20241029-WA0066-2048x1536.jpg 2048w, https:\/\/atecordoba.org\/wp-content\/uploads\/2024\/10\/IMG-20241029-WA0066-750x563.jpg 750w, https:\/\/atecordoba.org\/wp-content\/uploads\/2024\/10\/IMG-20241029-WA0066-1140x855.jpg 1140w\" sizes=\"auto, (max-width: 634px) 100vw, 634px\" \/><\/p>\n<p>La protesta se inici\u00f3 a las 11 horas ante la gremial empresarial que ma\u00f1ana recibir\u00e1 a Javier Milei, para celebrar un aniversario de su creaci\u00f3n.<\/p>\n<p>&#8220;Esta Fundaci\u00f3n naci\u00f3 al calor de una dictadura genocida olig\u00e1rquico-militar en la d\u00e9cada del \u201970. Y hay que escracharlos donde est\u00e1n porque los gobiernos son los gerentes de turno de sus planes econ\u00f3micos, son t\u00edteres y payasos de un modelo de sociedad que quieren llevar adelante. Ac\u00e1 adentro est\u00e1n esos guantes blancos que no solo se roban la guita de nuestro pueblo sino que tambi\u00e9n se quieren quedar con el futuro de nuestros hijos e hijas&#8221;, fustig\u00f3 Giuliani a los mediterr\u00e1neos.<\/p>\n<p><img loading=\"lazy\" decoding=\"async\" class=\"aligncenter wp-image-46158 \" src=\"https:\/\/atecordoba.org\/wp-content\/uploads\/2024\/10\/IMG-20241029-WA0072-scaled.jpg\" alt=\"\" width=\"635\" height=\"477\" srcset=\"https:\/\/atecordoba.org\/wp-content\/uploads\/2024\/10\/IMG-20241029-WA0072-scaled.jpg 2560w, https:\/\/atecordoba.org\/wp-content\/uploads\/2024\/10\/IMG-20241029-WA0072-300x225.jpg 300w, https:\/\/atecordoba.org\/wp-content\/uploads\/2024\/10\/IMG-20241029-WA0072-1024x769.jpg 1024w, https:\/\/atecordoba.org\/wp-content\/uploads\/2024\/10\/IMG-20241029-WA0072-768x577.jpg 768w, https:\/\/atecordoba.org\/wp-content\/uploads\/2024\/10\/IMG-20241029-WA0072-1536x1153.jpg 1536w, https:\/\/atecordoba.org\/wp-content\/uploads\/2024\/10\/IMG-20241029-WA0072-2048x1537.jpg 2048w, https:\/\/atecordoba.org\/wp-content\/uploads\/2024\/10\/IMG-20241029-WA0072-750x563.jpg 750w, https:\/\/atecordoba.org\/wp-content\/uploads\/2024\/10\/IMG-20241029-WA0072-1140x856.jpg 1140w\" sizes=\"auto, (max-width: 635px) 100vw, 635px\" \/><\/p>\n<p>La actividad cont\u00f3 con la presencia de compa\u00f1eras y compa\u00f1eros nacionales, provinciales y municipales, junto a grupos militantes de la Fenat-CTAA, organizaciones estudiantiles universitarias como la 29 de Mayo y Juntos por Sociales, y organizaciones sociales amigas, como Cuba MTR.<\/p>\n<p>Junto a Federico Giuliani, encabezaron la protesta la secretaria Adjunta de ATE, Gabriela Alcoba, el secretario General de ATE Cruz del Eje, Beto Pozzi, y el secretario Gremial de ATE, Jorge Chalup.<\/p>\n<p>Nuestro gremio llev\u00f3 la protesta a las puertas de la Mediterr\u00e1nea porque &#8220;los gobiernos son gerentes de este poder permanente&#8221;, sentenci\u00f3 Giuliani.<\/p>\n<p><img loading=\"lazy\" decoding=\"async\" class=\"aligncenter wp-image-46159 \" src=\"https:\/\/atecordoba.org\/wp-content\/uploads\/2024\/10\/IMG-20241029-WA0073-scaled.jpg\" alt=\"\" width=\"629\" height=\"472\" srcset=\"https:\/\/atecordoba.org\/wp-content\/uploads\/2024\/10\/IMG-20241029-WA0073-scaled.jpg 2560w, https:\/\/atecordoba.org\/wp-content\/uploads\/2024\/10\/IMG-20241029-WA0073-300x225.jpg 300w, https:\/\/atecordoba.org\/wp-content\/uploads\/2024\/10\/IMG-20241029-WA0073-1024x769.jpg 1024w, https:\/\/atecordoba.org\/wp-content\/uploads\/2024\/10\/IMG-20241029-WA0073-768x577.jpg 768w, https:\/\/atecordoba.org\/wp-content\/uploads\/2024\/10\/IMG-20241029-WA0073-1536x1153.jpg 1536w, https:\/\/atecordoba.org\/wp-content\/uploads\/2024\/10\/IMG-20241029-WA0073-2048x1537.jpg 2048w, https:\/\/atecordoba.org\/wp-content\/uploads\/2024\/10\/IMG-20241029-WA0073-750x563.jpg 750w, https:\/\/atecordoba.org\/wp-content\/uploads\/2024\/10\/IMG-20241029-WA0073-1140x856.jpg 1140w\" sizes=\"auto, (max-width: 629px) 100vw, 629px\" \/><\/p>\n<p>El dirigente resalt\u00f3 &#8220;esta iniciativa pol\u00edtica de nuestro sindicato y nuestra central, porque la clase trabajadora tiene que estar a la vanguardia de las luchas organizadas de nuestro pueblo. Claro que nos da verg\u00fcenza esa dirigencia sindical y pol\u00edtica tibia que especula seg\u00fan c\u00f3mo le va a Milei. Hay que decirles que ma\u00f1ana hay, virtualmente y de manera subjetiva, un paro general&#8221;. De esta forma, Giuliani alent\u00f3 a llenar las calles de C\u00f3rdoba ma\u00f1ana porque Milei es &#8220;persona no grata, como se lo hicimos saber el pasado 25 de mayo&#8221;.<\/p>\n<p><img loading=\"lazy\" decoding=\"async\" class=\"aligncenter wp-image-46160 \" src=\"https:\/\/atecordoba.org\/wp-content\/uploads\/2024\/10\/IMG-20241029-WA0069-scaled.jpg\" alt=\"\" width=\"618\" height=\"464\" srcset=\"https:\/\/atecordoba.org\/wp-content\/uploads\/2024\/10\/IMG-20241029-WA0069-scaled.jpg 2560w, https:\/\/atecordoba.org\/wp-content\/uploads\/2024\/10\/IMG-20241029-WA0069-300x225.jpg 300w, https:\/\/atecordoba.org\/wp-content\/uploads\/2024\/10\/IMG-20241029-WA0069-1024x768.jpg 1024w, https:\/\/atecordoba.org\/wp-content\/uploads\/2024\/10\/IMG-20241029-WA0069-768x576.jpg 768w, https:\/\/atecordoba.org\/wp-content\/uploads\/2024\/10\/IMG-20241029-WA0069-1536x1152.jpg 1536w, https:\/\/atecordoba.org\/wp-content\/uploads\/2024\/10\/IMG-20241029-WA0069-2048x1536.jpg 2048w, https:\/\/atecordoba.org\/wp-content\/uploads\/2024\/10\/IMG-20241029-WA0069-750x563.jpg 750w, https:\/\/atecordoba.org\/wp-content\/uploads\/2024\/10\/IMG-20241029-WA0069-1140x855.jpg 1140w\" sizes=\"auto, (max-width: 618px) 100vw, 618px\" \/><\/p>\n<p>Y destac\u00f3 que &#8220;hay m\u00e1s de una decena de organizaciones sindicales combativas que van al paro ma\u00f1ana 30 de octubre. Nos parece importante marcarle la calle a la burocracia sindical porque la salida y el rumbo que hay que tomar es junto a la clase trabajadora que la est\u00e1 pasando mal, que la est\u00e1 peleando y la sufre fuera del sistema laboral pero que dentro de su lucha y su orgullos est\u00e1n las propuestas para salir del nefasto estado al que nos quiere llevar el gobierno nacional&#8221;.<\/p>\n<p><img loading=\"lazy\" decoding=\"async\" class=\"aligncenter wp-image-46161 \" src=\"https:\/\/atecordoba.org\/wp-content\/uploads\/2024\/10\/IMG-20241029-WA0091-scaled.jpg\" alt=\"\" width=\"624\" height=\"468\" srcset=\"https:\/\/atecordoba.org\/wp-content\/uploads\/2024\/10\/IMG-20241029-WA0091-scaled.jpg 2560w, https:\/\/atecordoba.org\/wp-content\/uploads\/2024\/10\/IMG-20241029-WA0091-300x225.jpg 300w, https:\/\/atecordoba.org\/wp-content\/uploads\/2024\/10\/IMG-20241029-WA0091-1024x769.jpg 1024w, https:\/\/atecordoba.org\/wp-content\/uploads\/2024\/10\/IMG-20241029-WA0091-768x577.jpg 768w, https:\/\/atecordoba.org\/wp-content\/uploads\/2024\/10\/IMG-20241029-WA0091-1536x1153.jpg 1536w, https:\/\/atecordoba.org\/wp-content\/uploads\/2024\/10\/IMG-20241029-WA0091-2048x1537.jpg 2048w, https:\/\/atecordoba.org\/wp-content\/uploads\/2024\/10\/IMG-20241029-WA0091-750x563.jpg 750w, https:\/\/atecordoba.org\/wp-content\/uploads\/2024\/10\/IMG-20241029-WA0091-1140x856.jpg 1140w\" sizes=\"auto, (max-width: 624px) 100vw, 624px\" \/><\/p>\n<p>En el \u00faltimo tramo de su alocuci\u00f3n, Giuliani dijo que &#8220;es un verso que vinieron a terminar con el Estado, la realidad es que atacan el estado de bienestar que le garantiza derechos a nuestro pueblo y a generar condiciones para saquear el Estado y ponerlo al servicio de la minor\u00eda concentrada y los grupos econ\u00f3micos que est\u00e1n en la Mediterr\u00e1nea.\u00a0Ma\u00f1ana marchamos porque es necesario trazar el horizonte de un paro general que construya nuestros sue\u00f1os en la pesadilla de los que mandan hasta que se vaya Javier Milei de la Casa Rosada&#8221;.<\/p>\n<p><strong>Voces de la radio abierta<\/strong><\/p>\n<p><strong>Beto Pozzi (ATE Cruz del Eje)<\/strong>: &#8220;estamos en la provincia de la resistencia ind\u00edgena, obrera y estudiantil. Los de la Fundaci\u00f3n Mediterr\u00e1nea son los due\u00f1os de un pa\u00eds que en realidad es nuestro. Los trabajadores somos los due\u00f1os de la patria&#8221;.<\/p>\n<p><strong>Gabriela Alcoba (secretaria Adjunta)<\/strong>: &#8220;felicitamos a la militancia por esta hermosa jornada de lucha, que sali\u00f3 del Plenario General de Delegados del viernes y donde nos comprometimos a poner el cuero a esta protesta. Este gobierno habr\u00e1 venido a atacar nuestros derechos pero nunca podr\u00e1 detener nuestros sue\u00f1os&#8221;.<\/p>\n<p><strong>Jorge Chalup (secretario Gremial)<\/strong>: &#8220;La Fundaci\u00f3n Mediterr\u00e1nea es la usina del poder olig\u00e1rquico. De ac\u00e1 surgieron los Cavallo del ajuste de los &#8217;90 que reivindica Milei&#8221;.<\/p>\n<p><strong>Silvia Alcoba (Secretaria General FENAT-CTAA)<\/strong>: &#8220;Milei viene a generar desempleo y a cerrar f\u00e1bricas. Nosotros no vamos a salir de las calles. Hace mucho que le estamos diciendo desde los sindicatos y las organizaciones sociales que basta de este gobierno&#8221;.<\/p>\n<p><strong>Lucas Loyola (ATE Bell Ville)<\/strong>: &#8220;las pol\u00edticas del gobierno nacional afectan tambi\u00e9n a provincias y municipios. Debemos ser conscientes que hay que defender cada puesto de trabajo y los salarios. Los municipales del interior estamos por debajo de la l\u00ednea de la indigencia&#8221;.<\/p>\n<p><strong>Leandro Rueda (ATE INTI)<\/strong>: &#8220;En Argentina se est\u00e1 cometiendo un cientificidio. En el INTI ya perdimos un 30% de la capacidad operativa por los retiros obligatorios que los disfrazan de retiros voluntarios&#8221;.<\/p>\n<p><strong>Eugenia Palacio (ATE Anses)<\/strong>: &#8220;Estamos haciendo camino contra los ide\u00f3logos del ajuste. Para este gobierno los enemigos son los trabajadores. En marzo se lanza la jubilaci\u00f3n privada, pero desde ATE sabemos que la jubilaci\u00f3n es un derecho constitucional y que su \u00fanica garant\u00eda de cumplimiento es el Estado&#8221;.<\/p>\n<p><strong>Alejandra Agnone (ATE Senasa)<\/strong>: &#8220;La Fundaci\u00f3n Mediterr\u00e1nea es la contracara de nuestro pueblo, de la distribuci\u00f3n de la riqueza, de nuestros recursos naturales. ATE es el s\u00edmbolo de la lucha y que sepan en este gobierno que los vamos a escrachar y los vamos a echar&#8221;.<\/p>\n<p><strong>Malena Berger (ATE Trabajo):<\/strong> &#8220;\u00a1Que orgullo ser de ATE! Los trabajadores no somos &#8216;la casta&#8217;, por eso vamos a seguir resistiendo y cont\u00e1ndole a la gente lo que hacemos por el pueblo. Sin Estado no hay patria ni derechos&#8221;.<\/p>\n<p><strong>Soledad Piccoli (ATE Desarrollo Social):<\/strong> &#8220;En el CDR ya son 32 los despidos, exigimos su reincorporaci\u00f3n inmediata y por eso sostenemos este paro general en todo el pa\u00eds&#8221;.<\/p>\n<div id='gallery_1' class='gallery galleryid-46155 gallery-columns-4 gallery-size-thumbnail'><figure class='gallery-item'>\n                <div class='gallery-icon landscape'>\n                    <a href='https:\/\/atecordoba.org\/wp-content\/uploads\/2024\/10\/IMG-20241029-WA0066-1-scaled.jpg'><img loading=\"lazy\" decoding=\"async\" width=\"150\" height=\"150\" src=\"\" class=\"attachment-thumbnail size-thumbnail lazyload\" alt=\"\" data-src=\"https:\/\/atecordoba.org\/wp-content\/uploads\/2024\/10\/IMG-20241029-WA0066-1-150x150.jpg\" data-sizes=\"auto\" data-srcset=\"https:\/\/atecordoba.org\/wp-content\/uploads\/2024\/10\/IMG-20241029-WA0066-1-150x150.jpg 150w, https:\/\/atecordoba.org\/wp-content\/uploads\/2024\/10\/IMG-20241029-WA0066-1-560x560.jpg 560w, https:\/\/atecordoba.org\/wp-content\/uploads\/2024\/10\/IMG-20241029-WA0066-1-75x75.jpg 75w, https:\/\/atecordoba.org\/wp-content\/uploads\/2024\/10\/IMG-20241029-WA0066-1-350x350.jpg 350w\" data-expand=\"700\" \/><\/a>\n                <\/div><\/figure><figure class='gallery-item'>\n                <div class='gallery-icon portrait'>\n                    <a href='https:\/\/atecordoba.org\/wp-content\/uploads\/2024\/10\/IMG-20241029-WA0070-scaled.jpg'><img loading=\"lazy\" decoding=\"async\" width=\"150\" height=\"150\" src=\"\" class=\"attachment-thumbnail size-thumbnail lazyload\" alt=\"\" data-src=\"https:\/\/atecordoba.org\/wp-content\/uploads\/2024\/10\/IMG-20241029-WA0070-150x150.jpg\" data-sizes=\"auto\" data-srcset=\"https:\/\/atecordoba.org\/wp-content\/uploads\/2024\/10\/IMG-20241029-WA0070-150x150.jpg 150w, https:\/\/atecordoba.org\/wp-content\/uploads\/2024\/10\/IMG-20241029-WA0070-560x560.jpg 560w, https:\/\/atecordoba.org\/wp-content\/uploads\/2024\/10\/IMG-20241029-WA0070-75x75.jpg 75w, https:\/\/atecordoba.org\/wp-content\/uploads\/2024\/10\/IMG-20241029-WA0070-350x350.jpg 350w\" data-expand=\"700\" \/><\/a>\n                <\/div><\/figure><figure class='gallery-item'>\n                <div class='gallery-icon landscape'>\n                    <a href='https:\/\/atecordoba.org\/wp-content\/uploads\/2024\/10\/IMG-20241029-WA0074-scaled.jpg'><img loading=\"lazy\" decoding=\"async\" width=\"150\" height=\"150\" src=\"\" class=\"attachment-thumbnail size-thumbnail lazyload\" alt=\"\" data-src=\"https:\/\/atecordoba.org\/wp-content\/uploads\/2024\/10\/IMG-20241029-WA0074-150x150.jpg\" data-sizes=\"auto\" data-srcset=\"https:\/\/atecordoba.org\/wp-content\/uploads\/2024\/10\/IMG-20241029-WA0074-150x150.jpg 150w, https:\/\/atecordoba.org\/wp-content\/uploads\/2024\/10\/IMG-20241029-WA0074-560x560.jpg 560w, https:\/\/atecordoba.org\/wp-content\/uploads\/2024\/10\/IMG-20241029-WA0074-75x75.jpg 75w, https:\/\/atecordoba.org\/wp-content\/uploads\/2024\/10\/IMG-20241029-WA0074-350x350.jpg 350w\" data-expand=\"700\" \/><\/a>\n                <\/div><\/figure><figure class='gallery-item'>\n                <div class='gallery-icon landscape'>\n                    <a href='https:\/\/atecordoba.org\/wp-content\/uploads\/2024\/10\/IMG-20241029-WA0075-scaled.jpg'><img loading=\"lazy\" decoding=\"async\" width=\"150\" height=\"150\" src=\"\" class=\"attachment-thumbnail size-thumbnail lazyload\" alt=\"\" data-src=\"https:\/\/atecordoba.org\/wp-content\/uploads\/2024\/10\/IMG-20241029-WA0075-150x150.jpg\" data-sizes=\"auto\" data-srcset=\"https:\/\/atecordoba.org\/wp-content\/uploads\/2024\/10\/IMG-20241029-WA0075-150x150.jpg 150w, https:\/\/atecordoba.org\/wp-content\/uploads\/2024\/10\/IMG-20241029-WA0075-560x560.jpg 560w, https:\/\/atecordoba.org\/wp-content\/uploads\/2024\/10\/IMG-20241029-WA0075-75x75.jpg 75w, https:\/\/atecordoba.org\/wp-content\/uploads\/2024\/10\/IMG-20241029-WA0075-350x350.jpg 350w\" data-expand=\"700\" \/><\/a>\n                <\/div><\/figure><br style=\"clear: both\" \/><figure class='gallery-item'>\n                <div class='gallery-icon landscape'>\n                    <a href='https:\/\/atecordoba.org\/wp-content\/uploads\/2024\/10\/IMG-20241029-WA0076-scaled.jpg'><img loading=\"lazy\" decoding=\"async\" width=\"150\" height=\"150\" src=\"\" class=\"attachment-thumbnail size-thumbnail lazyload\" alt=\"\" data-src=\"https:\/\/atecordoba.org\/wp-content\/uploads\/2024\/10\/IMG-20241029-WA0076-150x150.jpg\" data-sizes=\"auto\" data-srcset=\"https:\/\/atecordoba.org\/wp-content\/uploads\/2024\/10\/IMG-20241029-WA0076-150x150.jpg 150w, https:\/\/atecordoba.org\/wp-content\/uploads\/2024\/10\/IMG-20241029-WA0076-560x560.jpg 560w, https:\/\/atecordoba.org\/wp-content\/uploads\/2024\/10\/IMG-20241029-WA0076-75x75.jpg 75w, https:\/\/atecordoba.org\/wp-content\/uploads\/2024\/10\/IMG-20241029-WA0076-350x350.jpg 350w\" data-expand=\"700\" \/><\/a>\n                <\/div><\/figure><figure class='gallery-item'>\n                <div class='gallery-icon landscape'>\n                    <a href='https:\/\/atecordoba.org\/wp-content\/uploads\/2024\/10\/IMG-20241029-WA0077-scaled.jpg'><img loading=\"lazy\" decoding=\"async\" width=\"150\" height=\"150\" src=\"\" class=\"attachment-thumbnail size-thumbnail lazyload\" alt=\"\" data-src=\"https:\/\/atecordoba.org\/wp-content\/uploads\/2024\/10\/IMG-20241029-WA0077-150x150.jpg\" data-sizes=\"auto\" data-srcset=\"https:\/\/atecordoba.org\/wp-content\/uploads\/2024\/10\/IMG-20241029-WA0077-150x150.jpg 150w, https:\/\/atecordoba.org\/wp-content\/uploads\/2024\/10\/IMG-20241029-WA0077-560x560.jpg 560w, https:\/\/atecordoba.org\/wp-content\/uploads\/2024\/10\/IMG-20241029-WA0077-75x75.jpg 75w, https:\/\/atecordoba.org\/wp-content\/uploads\/2024\/10\/IMG-20241029-WA0077-350x350.jpg 350w\" data-expand=\"700\" \/><\/a>\n                <\/div><\/figure><figure class='gallery-item'>\n                <div class='gallery-icon landscape'>\n                    <a href='https:\/\/atecordoba.org\/wp-content\/uploads\/2024\/10\/IMG-20241029-WA0078-scaled.jpg'><img loading=\"lazy\" decoding=\"async\" width=\"150\" height=\"150\" src=\"\" class=\"attachment-thumbnail size-thumbnail lazyload\" alt=\"\" data-src=\"https:\/\/atecordoba.org\/wp-content\/uploads\/2024\/10\/IMG-20241029-WA0078-150x150.jpg\" data-sizes=\"auto\" data-srcset=\"https:\/\/atecordoba.org\/wp-content\/uploads\/2024\/10\/IMG-20241029-WA0078-150x150.jpg 150w, https:\/\/atecordoba.org\/wp-content\/uploads\/2024\/10\/IMG-20241029-WA0078-560x560.jpg 560w, https:\/\/atecordoba.org\/wp-content\/uploads\/2024\/10\/IMG-20241029-WA0078-75x75.jpg 75w, https:\/\/atecordoba.org\/wp-content\/uploads\/2024\/10\/IMG-20241029-WA0078-350x350.jpg 350w\" data-expand=\"700\" \/><\/a>\n                <\/div><\/figure><figure class='gallery-item'>\n                <div class='gallery-icon landscape'>\n                    <a href='https:\/\/atecordoba.org\/wp-content\/uploads\/2024\/10\/IMG-20241029-WA0079-scaled.jpg'><img loading=\"lazy\" decoding=\"async\" width=\"150\" height=\"150\" src=\"\" class=\"attachment-thumbnail size-thumbnail lazyload\" alt=\"\" data-src=\"https:\/\/atecordoba.org\/wp-content\/uploads\/2024\/10\/IMG-20241029-WA0079-150x150.jpg\" data-sizes=\"auto\" data-srcset=\"https:\/\/atecordoba.org\/wp-content\/uploads\/2024\/10\/IMG-20241029-WA0079-150x150.jpg 150w, https:\/\/atecordoba.org\/wp-content\/uploads\/2024\/10\/IMG-20241029-WA0079-560x560.jpg 560w, https:\/\/atecordoba.org\/wp-content\/uploads\/2024\/10\/IMG-20241029-WA0079-75x75.jpg 75w, https:\/\/atecordoba.org\/wp-content\/uploads\/2024\/10\/IMG-20241029-WA0079-350x350.jpg 350w\" data-expand=\"700\" \/><\/a>\n                <\/div><\/figure><br style=\"clear: both\" \/><figure class='gallery-item'>\n                <div class='gallery-icon landscape'>\n                    <a href='https:\/\/atecordoba.org\/wp-content\/uploads\/2024\/10\/IMG-20241029-WA0080-scaled.jpg'><img loading=\"lazy\" decoding=\"async\" width=\"150\" height=\"150\" src=\"\" class=\"attachment-thumbnail size-thumbnail lazyload\" alt=\"\" data-src=\"https:\/\/atecordoba.org\/wp-content\/uploads\/2024\/10\/IMG-20241029-WA0080-150x150.jpg\" data-sizes=\"auto\" data-srcset=\"https:\/\/atecordoba.org\/wp-content\/uploads\/2024\/10\/IMG-20241029-WA0080-150x150.jpg 150w, https:\/\/atecordoba.org\/wp-content\/uploads\/2024\/10\/IMG-20241029-WA0080-560x560.jpg 560w, https:\/\/atecordoba.org\/wp-content\/uploads\/2024\/10\/IMG-20241029-WA0080-75x75.jpg 75w, https:\/\/atecordoba.org\/wp-content\/uploads\/2024\/10\/IMG-20241029-WA0080-350x350.jpg 350w\" data-expand=\"700\" \/><\/a>\n                <\/div><\/figure><figure class='gallery-item'>\n                <div class='gallery-icon landscape'>\n                    <a href='https:\/\/atecordoba.org\/wp-content\/uploads\/2024\/10\/IMG-20241029-WA0081-scaled.jpg'><img loading=\"lazy\" decoding=\"async\" width=\"150\" height=\"150\" src=\"\" class=\"attachment-thumbnail size-thumbnail lazyload\" alt=\"\" data-src=\"https:\/\/atecordoba.org\/wp-content\/uploads\/2024\/10\/IMG-20241029-WA0081-150x150.jpg\" data-sizes=\"auto\" data-srcset=\"https:\/\/atecordoba.org\/wp-content\/uploads\/2024\/10\/IMG-20241029-WA0081-150x150.jpg 150w, https:\/\/atecordoba.org\/wp-content\/uploads\/2024\/10\/IMG-20241029-WA0081-560x560.jpg 560w, https:\/\/atecordoba.org\/wp-content\/uploads\/2024\/10\/IMG-20241029-WA0081-75x75.jpg 75w, https:\/\/atecordoba.org\/wp-content\/uploads\/2024\/10\/IMG-20241029-WA0081-350x350.jpg 350w\" data-expand=\"700\" \/><\/a>\n                <\/div><\/figure><figure class='gallery-item'>\n                <div class='gallery-icon landscape'>\n                    <a href='https:\/\/atecordoba.org\/wp-content\/uploads\/2024\/10\/IMG-20241029-WA0082-scaled.jpg'><img loading=\"lazy\" decoding=\"async\" width=\"150\" height=\"150\" src=\"\" class=\"attachment-thumbnail size-thumbnail lazyload\" alt=\"\" data-src=\"https:\/\/atecordoba.org\/wp-content\/uploads\/2024\/10\/IMG-20241029-WA0082-150x150.jpg\" data-sizes=\"auto\" data-srcset=\"https:\/\/atecordoba.org\/wp-content\/uploads\/2024\/10\/IMG-20241029-WA0082-150x150.jpg 150w, https:\/\/atecordoba.org\/wp-content\/uploads\/2024\/10\/IMG-20241029-WA0082-560x560.jpg 560w, https:\/\/atecordoba.org\/wp-content\/uploads\/2024\/10\/IMG-20241029-WA0082-75x75.jpg 75w, https:\/\/atecordoba.org\/wp-content\/uploads\/2024\/10\/IMG-20241029-WA0082-350x350.jpg 350w\" data-expand=\"700\" \/><\/a>\n                <\/div><\/figure><figure class='gallery-item'>\n                <div class='gallery-icon landscape'>\n                    <a href='https:\/\/atecordoba.org\/wp-content\/uploads\/2024\/10\/IMG-20241029-WA0083-scaled.jpg'><img loading=\"lazy\" decoding=\"async\" width=\"150\" height=\"150\" src=\"\" class=\"attachment-thumbnail size-thumbnail lazyload\" alt=\"\" data-src=\"https:\/\/atecordoba.org\/wp-content\/uploads\/2024\/10\/IMG-20241029-WA0083-150x150.jpg\" data-sizes=\"auto\" data-srcset=\"https:\/\/atecordoba.org\/wp-content\/uploads\/2024\/10\/IMG-20241029-WA0083-150x150.jpg 150w, https:\/\/atecordoba.org\/wp-content\/uploads\/2024\/10\/IMG-20241029-WA0083-560x560.jpg 560w, https:\/\/atecordoba.org\/wp-content\/uploads\/2024\/10\/IMG-20241029-WA0083-75x75.jpg 75w, https:\/\/atecordoba.org\/wp-content\/uploads\/2024\/10\/IMG-20241029-WA0083-350x350.jpg 350w\" data-expand=\"700\" \/><\/a>\n                <\/div><\/figure><br style=\"clear: both\" \/><figure class='gallery-item'>\n                <div class='gallery-icon landscape'>\n                    <a href='https:\/\/atecordoba.org\/wp-content\/uploads\/2024\/10\/IMG-20241029-WA0084-scaled.jpg'><img loading=\"lazy\" decoding=\"async\" width=\"150\" height=\"150\" src=\"\" class=\"attachment-thumbnail size-thumbnail lazyload\" alt=\"\" data-src=\"https:\/\/atecordoba.org\/wp-content\/uploads\/2024\/10\/IMG-20241029-WA0084-150x150.jpg\" data-sizes=\"auto\" data-srcset=\"https:\/\/atecordoba.org\/wp-content\/uploads\/2024\/10\/IMG-20241029-WA0084-150x150.jpg 150w, https:\/\/atecordoba.org\/wp-content\/uploads\/2024\/10\/IMG-20241029-WA0084-560x560.jpg 560w, https:\/\/atecordoba.org\/wp-content\/uploads\/2024\/10\/IMG-20241029-WA0084-75x75.jpg 75w, https:\/\/atecordoba.org\/wp-content\/uploads\/2024\/10\/IMG-20241029-WA0084-350x350.jpg 350w\" data-expand=\"700\" \/><\/a>\n                <\/div><\/figure><figure class='gallery-item'>\n                <div class='gallery-icon landscape'>\n                    <a href='https:\/\/atecordoba.org\/wp-content\/uploads\/2024\/10\/IMG-20241029-WA0085-scaled.jpg'><img loading=\"lazy\" decoding=\"async\" width=\"150\" height=\"150\" src=\"\" class=\"attachment-thumbnail size-thumbnail lazyload\" alt=\"\" data-src=\"https:\/\/atecordoba.org\/wp-content\/uploads\/2024\/10\/IMG-20241029-WA0085-150x150.jpg\" data-sizes=\"auto\" data-srcset=\"https:\/\/atecordoba.org\/wp-content\/uploads\/2024\/10\/IMG-20241029-WA0085-150x150.jpg 150w, https:\/\/atecordoba.org\/wp-content\/uploads\/2024\/10\/IMG-20241029-WA0085-560x560.jpg 560w, https:\/\/atecordoba.org\/wp-content\/uploads\/2024\/10\/IMG-20241029-WA0085-75x75.jpg 75w, https:\/\/atecordoba.org\/wp-content\/uploads\/2024\/10\/IMG-20241029-WA0085-350x350.jpg 350w\" data-expand=\"700\" \/><\/a>\n                <\/div><\/figure><figure class='gallery-item'>\n                <div class='gallery-icon portrait'>\n                    <a href='https:\/\/atecordoba.org\/wp-content\/uploads\/2024\/10\/IMG-20241029-WA0086-scaled.jpg'><img loading=\"lazy\" decoding=\"async\" width=\"150\" height=\"150\" src=\"\" class=\"attachment-thumbnail size-thumbnail lazyload\" alt=\"\" data-src=\"https:\/\/atecordoba.org\/wp-content\/uploads\/2024\/10\/IMG-20241029-WA0086-150x150.jpg\" data-sizes=\"auto\" data-srcset=\"https:\/\/atecordoba.org\/wp-content\/uploads\/2024\/10\/IMG-20241029-WA0086-150x150.jpg 150w, https:\/\/atecordoba.org\/wp-content\/uploads\/2024\/10\/IMG-20241029-WA0086-560x560.jpg 560w, https:\/\/atecordoba.org\/wp-content\/uploads\/2024\/10\/IMG-20241029-WA0086-75x75.jpg 75w, https:\/\/atecordoba.org\/wp-content\/uploads\/2024\/10\/IMG-20241029-WA0086-350x350.jpg 350w\" data-expand=\"700\" \/><\/a>\n                <\/div><\/figure><figure class='gallery-item'>\n                <div class='gallery-icon landscape'>\n                    <a href='https:\/\/atecordoba.org\/wp-content\/uploads\/2024\/10\/IMG-20241029-WA0088-scaled.jpg'><img loading=\"lazy\" decoding=\"async\" width=\"150\" height=\"150\" src=\"\" class=\"attachment-thumbnail size-thumbnail lazyload\" alt=\"\" data-src=\"https:\/\/atecordoba.org\/wp-content\/uploads\/2024\/10\/IMG-20241029-WA0088-150x150.jpg\" data-sizes=\"auto\" data-srcset=\"https:\/\/atecordoba.org\/wp-content\/uploads\/2024\/10\/IMG-20241029-WA0088-150x150.jpg 150w, https:\/\/atecordoba.org\/wp-content\/uploads\/2024\/10\/IMG-20241029-WA0088-560x560.jpg 560w, https:\/\/atecordoba.org\/wp-content\/uploads\/2024\/10\/IMG-20241029-WA0088-75x75.jpg 75w, https:\/\/atecordoba.org\/wp-content\/uploads\/2024\/10\/IMG-20241029-WA0088-350x350.jpg 350w\" data-expand=\"700\" \/><\/a>\n                <\/div><\/figure><br style=\"clear: both\" \/><figure class='gallery-item'>\n                <div class='gallery-icon landscape'>\n                    <a href='https:\/\/atecordoba.org\/wp-content\/uploads\/2024\/10\/IMG-20241029-WA0089-scaled.jpg'><img loading=\"lazy\" decoding=\"async\" width=\"150\" height=\"150\" src=\"\" class=\"attachment-thumbnail size-thumbnail lazyload\" alt=\"\" data-src=\"https:\/\/atecordoba.org\/wp-content\/uploads\/2024\/10\/IMG-20241029-WA0089-150x150.jpg\" data-sizes=\"auto\" data-srcset=\"https:\/\/atecordoba.org\/wp-content\/uploads\/2024\/10\/IMG-20241029-WA0089-150x150.jpg 150w, https:\/\/atecordoba.org\/wp-content\/uploads\/2024\/10\/IMG-20241029-WA0089-560x560.jpg 560w, https:\/\/atecordoba.org\/wp-content\/uploads\/2024\/10\/IMG-20241029-WA0089-75x75.jpg 75w, https:\/\/atecordoba.org\/wp-content\/uploads\/2024\/10\/IMG-20241029-WA0089-350x350.jpg 350w\" data-expand=\"700\" \/><\/a>\n                <\/div><\/figure><figure class='gallery-item'>\n                <div class='gallery-icon portrait'>\n                    <a href='https:\/\/atecordoba.org\/wp-content\/uploads\/2024\/10\/IMG-20241029-WA0092-scaled.jpg'><img loading=\"lazy\" decoding=\"async\" width=\"150\" height=\"150\" src=\"\" class=\"attachment-thumbnail size-thumbnail lazyload\" alt=\"\" data-src=\"https:\/\/atecordoba.org\/wp-content\/uploads\/2024\/10\/IMG-20241029-WA0092-150x150.jpg\" data-sizes=\"auto\" data-srcset=\"https:\/\/atecordoba.org\/wp-content\/uploads\/2024\/10\/IMG-20241029-WA0092-150x150.jpg 150w, https:\/\/atecordoba.org\/wp-content\/uploads\/2024\/10\/IMG-20241029-WA0092-560x560.jpg 560w, https:\/\/atecordoba.org\/wp-content\/uploads\/2024\/10\/IMG-20241029-WA0092-75x75.jpg 75w, https:\/\/atecordoba.org\/wp-content\/uploads\/2024\/10\/IMG-20241029-WA0092-350x350.jpg 350w\" data-expand=\"700\" \/><\/a>\n                <\/div><\/figure><figure class='gallery-item'>\n                <div class='gallery-icon portrait'>\n                    <a href='https:\/\/atecordoba.org\/wp-content\/uploads\/2024\/10\/IMG-20241029-WA0093-scaled.jpg'><img loading=\"lazy\" decoding=\"async\" width=\"150\" height=\"150\" src=\"\" class=\"attachment-thumbnail size-thumbnail lazyload\" alt=\"\" data-src=\"https:\/\/atecordoba.org\/wp-content\/uploads\/2024\/10\/IMG-20241029-WA0093-150x150.jpg\" data-sizes=\"auto\" data-srcset=\"https:\/\/atecordoba.org\/wp-content\/uploads\/2024\/10\/IMG-20241029-WA0093-150x150.jpg 150w, https:\/\/atecordoba.org\/wp-content\/uploads\/2024\/10\/IMG-20241029-WA0093-560x560.jpg 560w, https:\/\/atecordoba.org\/wp-content\/uploads\/2024\/10\/IMG-20241029-WA0093-75x75.jpg 75w, https:\/\/atecordoba.org\/wp-content\/uploads\/2024\/10\/IMG-20241029-WA0093-350x350.jpg 350w\" data-expand=\"700\" \/><\/a>\n                <\/div><\/figure><figure class='gallery-item'>\n                <div class='gallery-icon landscape'>\n                    <a href='https:\/\/atecordoba.org\/wp-content\/uploads\/2024\/10\/IMG-20241029-WA0094-scaled.jpg'><img loading=\"lazy\" decoding=\"async\" width=\"150\" height=\"150\" src=\"\" class=\"attachment-thumbnail size-thumbnail lazyload\" alt=\"\" data-src=\"https:\/\/atecordoba.org\/wp-content\/uploads\/2024\/10\/IMG-20241029-WA0094-150x150.jpg\" data-sizes=\"auto\" data-srcset=\"https:\/\/atecordoba.org\/wp-content\/uploads\/2024\/10\/IMG-20241029-WA0094-150x150.jpg 150w, https:\/\/atecordoba.org\/wp-content\/uploads\/2024\/10\/IMG-20241029-WA0094-560x560.jpg 560w, https:\/\/atecordoba.org\/wp-content\/uploads\/2024\/10\/IMG-20241029-WA0094-75x75.jpg 75w, https:\/\/atecordoba.org\/wp-content\/uploads\/2024\/10\/IMG-20241029-WA0094-350x350.jpg 350w\" data-expand=\"700\" \/><\/a>\n                <\/div><\/figure><br style=\"clear: both\" \/><figure class='gallery-item'>\n                <div class='gallery-icon landscape'>\n                    <a href='https:\/\/atecordoba.org\/wp-content\/uploads\/2024\/10\/IMG-20241029-WA0095-scaled.jpg'><img loading=\"lazy\" decoding=\"async\" width=\"150\" height=\"150\" src=\"\" class=\"attachment-thumbnail size-thumbnail lazyload\" alt=\"\" data-src=\"https:\/\/atecordoba.org\/wp-content\/uploads\/2024\/10\/IMG-20241029-WA0095-150x150.jpg\" data-sizes=\"auto\" data-srcset=\"https:\/\/atecordoba.org\/wp-content\/uploads\/2024\/10\/IMG-20241029-WA0095-150x150.jpg 150w, https:\/\/atecordoba.org\/wp-content\/uploads\/2024\/10\/IMG-20241029-WA0095-560x560.jpg 560w, https:\/\/atecordoba.org\/wp-content\/uploads\/2024\/10\/IMG-20241029-WA0095-75x75.jpg 75w, https:\/\/atecordoba.org\/wp-content\/uploads\/2024\/10\/IMG-20241029-WA0095-350x350.jpg 350w\" data-expand=\"700\" \/><\/a>\n                <\/div><\/figure><figure class='gallery-item'>\n                <div class='gallery-icon landscape'>\n                    <a href='https:\/\/atecordoba.org\/wp-content\/uploads\/2024\/10\/IMG-20241029-WA0096-scaled.jpg'><img loading=\"lazy\" decoding=\"async\" width=\"150\" height=\"150\" src=\"\" class=\"attachment-thumbnail size-thumbnail lazyload\" alt=\"\" data-src=\"https:\/\/atecordoba.org\/wp-content\/uploads\/2024\/10\/IMG-20241029-WA0096-150x150.jpg\" data-sizes=\"auto\" data-srcset=\"https:\/\/atecordoba.org\/wp-content\/uploads\/2024\/10\/IMG-20241029-WA0096-150x150.jpg 150w, https:\/\/atecordoba.org\/wp-content\/uploads\/2024\/10\/IMG-20241029-WA0096-560x560.jpg 560w, https:\/\/atecordoba.org\/wp-content\/uploads\/2024\/10\/IMG-20241029-WA0096-75x75.jpg 75w, https:\/\/atecordoba.org\/wp-content\/uploads\/2024\/10\/IMG-20241029-WA0096-350x350.jpg 350w\" data-expand=\"700\" \/><\/a>\n                <\/div><\/figure><figure class='gallery-item'>\n                <div class='gallery-icon landscape'>\n                    <a href='https:\/\/atecordoba.org\/wp-content\/uploads\/2024\/10\/IMG-20241029-WA0098-scaled.jpg'><img loading=\"lazy\" decoding=\"async\" width=\"150\" height=\"150\" src=\"\" class=\"attachment-thumbnail size-thumbnail lazyload\" alt=\"\" data-src=\"https:\/\/atecordoba.org\/wp-content\/uploads\/2024\/10\/IMG-20241029-WA0098-150x150.jpg\" data-sizes=\"auto\" data-srcset=\"https:\/\/atecordoba.org\/wp-content\/uploads\/2024\/10\/IMG-20241029-WA0098-150x150.jpg 150w, https:\/\/atecordoba.org\/wp-content\/uploads\/2024\/10\/IMG-20241029-WA0098-560x560.jpg 560w, https:\/\/atecordoba.org\/wp-content\/uploads\/2024\/10\/IMG-20241029-WA0098-75x75.jpg 75w, https:\/\/atecordoba.org\/wp-content\/uploads\/2024\/10\/IMG-20241029-WA0098-350x350.jpg 350w\" data-expand=\"700\" \/><\/a>\n                <\/div><\/figure><figure class='gallery-item'>\n                <div class='gallery-icon landscape'>\n                    <a href='https:\/\/atecordoba.org\/wp-content\/uploads\/2024\/10\/IMG-20241029-WA0099-scaled.jpg'><img loading=\"lazy\" decoding=\"async\" width=\"150\" height=\"150\" src=\"\" class=\"attachment-thumbnail size-thumbnail lazyload\" alt=\"\" data-src=\"https:\/\/atecordoba.org\/wp-content\/uploads\/2024\/10\/IMG-20241029-WA0099-150x150.jpg\" data-sizes=\"auto\" data-srcset=\"https:\/\/atecordoba.org\/wp-content\/uploads\/2024\/10\/IMG-20241029-WA0099-150x150.jpg 150w, https:\/\/atecordoba.org\/wp-content\/uploads\/2024\/10\/IMG-20241029-WA0099-560x560.jpg 560w, https:\/\/atecordoba.org\/wp-content\/uploads\/2024\/10\/IMG-20241029-WA0099-75x75.jpg 75w, https:\/\/atecordoba.org\/wp-content\/uploads\/2024\/10\/IMG-20241029-WA0099-350x350.jpg 350w\" data-expand=\"700\" \/><\/a>\n                <\/div><\/figure><br style=\"clear: both\" \/><figure class='gallery-item'>\n                <div class='gallery-icon landscape'>\n                    <a href='https:\/\/atecordoba.org\/wp-content\/uploads\/2024\/10\/IMG-20241029-WA0100-scaled.jpg'><img loading=\"lazy\" decoding=\"async\" width=\"150\" height=\"150\" src=\"\" class=\"attachment-thumbnail size-thumbnail lazyload\" alt=\"\" data-src=\"https:\/\/atecordoba.org\/wp-content\/uploads\/2024\/10\/IMG-20241029-WA0100-150x150.jpg\" data-sizes=\"auto\" data-srcset=\"https:\/\/atecordoba.org\/wp-content\/uploads\/2024\/10\/IMG-20241029-WA0100-150x150.jpg 150w, https:\/\/atecordoba.org\/wp-content\/uploads\/2024\/10\/IMG-20241029-WA0100-560x560.jpg 560w, https:\/\/atecordoba.org\/wp-content\/uploads\/2024\/10\/IMG-20241029-WA0100-75x75.jpg 75w, https:\/\/atecordoba.org\/wp-content\/uploads\/2024\/10\/IMG-20241029-WA0100-350x350.jpg 350w\" data-expand=\"700\" \/><\/a>\n                <\/div><\/figure><figure class='gallery-item'>\n                <div class='gallery-icon landscape'>\n                    <a href='https:\/\/atecordoba.org\/wp-content\/uploads\/2024\/10\/IMG-20241029-WA0103-scaled.jpg'><img loading=\"lazy\" decoding=\"async\" width=\"150\" height=\"150\" src=\"\" class=\"attachment-thumbnail size-thumbnail lazyload\" alt=\"\" data-src=\"https:\/\/atecordoba.org\/wp-content\/uploads\/2024\/10\/IMG-20241029-WA0103-150x150.jpg\" data-sizes=\"auto\" data-srcset=\"https:\/\/atecordoba.org\/wp-content\/uploads\/2024\/10\/IMG-20241029-WA0103-150x150.jpg 150w, https:\/\/atecordoba.org\/wp-content\/uploads\/2024\/10\/IMG-20241029-WA0103-560x560.jpg 560w, https:\/\/atecordoba.org\/wp-content\/uploads\/2024\/10\/IMG-20241029-WA0103-75x75.jpg 75w, https:\/\/atecordoba.org\/wp-content\/uploads\/2024\/10\/IMG-20241029-WA0103-350x350.jpg 350w\" data-expand=\"700\" \/><\/a>\n                <\/div><\/figure><figure class='gallery-item'>\n                <div class='gallery-icon landscape'>\n                    <a href='https:\/\/atecordoba.org\/wp-content\/uploads\/2024\/10\/IMG-20241029-WA0104-scaled.jpg'><img loading=\"lazy\" decoding=\"async\" width=\"150\" height=\"150\" src=\"\" class=\"attachment-thumbnail size-thumbnail lazyload\" alt=\"\" data-src=\"https:\/\/atecordoba.org\/wp-content\/uploads\/2024\/10\/IMG-20241029-WA0104-150x150.jpg\" data-sizes=\"auto\" data-srcset=\"https:\/\/atecordoba.org\/wp-content\/uploads\/2024\/10\/IMG-20241029-WA0104-150x150.jpg 150w, https:\/\/atecordoba.org\/wp-content\/uploads\/2024\/10\/IMG-20241029-WA0104-560x560.jpg 560w, https:\/\/atecordoba.org\/wp-content\/uploads\/2024\/10\/IMG-20241029-WA0104-75x75.jpg 75w, https:\/\/atecordoba.org\/wp-content\/uploads\/2024\/10\/IMG-20241029-WA0104-350x350.jpg 350w\" data-expand=\"700\" \/><\/a>\n                <\/div><\/figure><figure class='gallery-item'>\n                <div class='gallery-icon landscape'>\n                    <a href='https:\/\/atecordoba.org\/wp-content\/uploads\/2024\/10\/IMG-20241029-WA0105-scaled.jpg'><img loading=\"lazy\" decoding=\"async\" width=\"150\" height=\"150\" src=\"\" class=\"attachment-thumbnail size-thumbnail lazyload\" alt=\"\" data-src=\"https:\/\/atecordoba.org\/wp-content\/uploads\/2024\/10\/IMG-20241029-WA0105-150x150.jpg\" data-sizes=\"auto\" data-srcset=\"https:\/\/atecordoba.org\/wp-content\/uploads\/2024\/10\/IMG-20241029-WA0105-150x150.jpg 150w, https:\/\/atecordoba.org\/wp-content\/uploads\/2024\/10\/IMG-20241029-WA0105-560x560.jpg 560w, https:\/\/atecordoba.org\/wp-content\/uploads\/2024\/10\/IMG-20241029-WA0105-75x75.jpg 75w, https:\/\/atecordoba.org\/wp-content\/uploads\/2024\/10\/IMG-20241029-WA0105-350x350.jpg 350w\" data-expand=\"700\" \/><\/a>\n                <\/div><\/figure><br style=\"clear: both\" \/>\n            <\/div>\n\n<p>&nbsp;<\/p>\n<p>&nbsp;<\/p>\n","protected":false},"excerpt":{"rendered":"<p>ATE C\u00f3rdoba dio hoy comienzo al paro general por 48 horas con una radio abierta que se transform\u00f3 en escrache y protesta frente a la Fundaci\u00f3n Mediterr\u00e1nea, la &#8220;cueva de Ali Bab\u00e1 y los 40 ladrones, desde donde se orquestan los planes econ\u00f3micos de ajuste sobre el pueblo trabajador y para el saqueo de nuestra [&hellip;]<\/p>\n","protected":false},"author":7,"featured_media":46156,"comment_status":"open","ping_status":"open","sticky":false,"template":"","format":"standard","meta":{"_exactmetrics_skip_tracking":false,"_exactmetrics_sitenote_active":false,"_exactmetrics_sitenote_note":"","_exactmetrics_sitenote_category":0,"jnews-multi-image_gallery":[],"jnews_single_post":{"format":"standard","override":[{"template":"1","parallax":"1","fullscreen":"1","layout":"no-sidebar-narrow","sidebar":"default-sidebar","second_sidebar":"default-sidebar","sticky_sidebar":"1","share_position":"bottom","share_float_style":"share-monocrhome","show_share_counter":"1","show_view_counter":"1","show_post_meta":"1","show_post_author_image":"1","show_post_date":"1","post_date_format":"default","post_date_format_custom":"Y\/m\/d","show_post_category":"1","show_post_reading_time":"0","post_reading_time_wpm":"300","post_calculate_word_method":"str_word_count","show_zoom_button":"0","zoom_button_out_step":"2","zoom_button_in_step":"3","show_post_tag":"1","number_popup_post":"1","show_post_related":"1","show_inline_post_related":"0"}],"image_override":[{"single_post_thumbnail_size":"crop-500","single_post_gallery_size":"crop-500"}],"trending_post_position":"meta","trending_post_label":"Trending","sponsored_post_label":"Sponsored by","disable_ad":"0"},"jnews_primary_category":[],"jnews_social_meta":[],"jnews_review":[],"enable_review":"","type":"percentage","name":"","summary":"","brand":"","sku":"","good":[],"bad":[],"score_override":"","override_value":"","rating":[],"price":[],"jnews_override_counter":{"view_counter_number":"0","share_counter_number":"0","like_counter_number":"0","dislike_counter_number":"0"},"jnews_post_split":{"post_split":[{"template":"1","tag":"h2","numbering":"asc","mode":"normal","first":"0","enable_toc":"0","toc_type":"normal"}]},"footnotes":""},"categories":[341],"tags":[],"class_list":["post-46155","post","type-post","status-publish","format-standard","has-post-thumbnail","hentry","category-cdp"],"jetpack_featured_media_url":"https:\/\/atecordoba.org\/wp-content\/uploads\/2024\/10\/princiapl-scaled-e1730223862460.jpg","_links":{"self":[{"href":"https:\/\/atecordoba.org\/index.php?rest_route=\/wp\/v2\/posts\/46155","targetHints":{"allow":["GET"]}}],"collection":[{"href":"https:\/\/atecordoba.org\/index.php?rest_route=\/wp\/v2\/posts"}],"about":[{"href":"https:\/\/atecordoba.org\/index.php?rest_route=\/wp\/v2\/types\/post"}],"author":[{"embeddable":true,"href":"https:\/\/atecordoba.org\/index.php?rest_route=\/wp\/v2\/users\/7"}],"replies":[{"embeddable":true,"href":"https:\/\/atecordoba.org\/index.php?rest_route=%2Fwp%2Fv2%2Fcomments&post=46155"}],"version-history":[{"count":2,"href":"https:\/\/atecordoba.org\/index.php?rest_route=\/wp\/v2\/posts\/46155\/revisions"}],"predecessor-version":[{"id":46197,"href":"https:\/\/atecordoba.org\/index.php?rest_route=\/wp\/v2\/posts\/46155\/revisions\/46197"}],"wp:featuredmedia":[{"embeddable":true,"href":"https:\/\/atecordoba.org\/index.php?rest_route=\/wp\/v2\/media\/46156"}],"wp:attachment":[{"href":"https:\/\/atecordoba.org\/index.php?rest_route=%2Fwp%2Fv2%2Fmedia&parent=46155"}],"wp:term":[{"taxonomy":"category","embeddable":true,"href":"https:\/\/atecordoba.org\/index.php?rest_route=%2Fwp%2Fv2%2Fcategories&post=46155"},{"taxonomy":"post_tag","embeddable":true,"href":"https:\/\/atecordoba.org\/index.php?rest_route=%2Fwp%2Fv2%2Ftags&post=46155"}],"curies":[{"name":"wp","href":"https:\/\/api.w.org\/{rel}","templated":true}]}}