{"id":46137,"date":"2024-10-29T09:33:55","date_gmt":"2024-10-29T12:33:55","guid":{"rendered":"https:\/\/atecordoba.org\/?p=46137"},"modified":"2024-10-29T09:34:56","modified_gmt":"2024-10-29T12:34:56","slug":"unidad-organizacion-y-solidaridad-para-enfrentar-la-crisis-en-el-polo-quimico-de-rio-tercero","status":"publish","type":"post","link":"https:\/\/atecordoba.org\/?p=46137","title":{"rendered":"Unidad, organizaci\u00f3n y solidaridad para enfrentar la crisis en el Polo Qu\u00edmico de R\u00edo Tercero"},"content":{"rendered":"<p><img loading=\"lazy\" decoding=\"async\" class=\"aligncenter wp-image-46138 \" src=\"https:\/\/atecordoba.org\/wp-content\/uploads\/2024\/10\/464867051_2594085830783650_6096800051937303717_n-1536x1152-1-1024x768.jpg\" alt=\"\" width=\"621\" height=\"466\" \/><\/p>\n<p>ATE y la CTA Aut\u00f3noma C\u00f3rdoba participaron ayer por la tarde-noche de la marcha convocada por el Sindicato del Personal de Industrias Qu\u00edmicas y Petroqu\u00edmicas de R\u00edo Tercero (SPIQyP) que cont\u00f3 con la intervenci\u00f3n de los vecinos de la ciudad para reclamar por los 125 despidos en Petroqu\u00edmica R\u00edo Tercero, industria que decidi\u00f3 este mes el cierre de su planta de TDI y la desvinculaci\u00f3n de los operarios de ese sector.<\/p>\n<p>Con la presencia de Federico Giuliani; Silvia Alcoba; Jorge Chalup; Rafaela Alcoba; David Salto y Emanuel Berardo, entre otros, Secretario General de ATE y la CTA-A C\u00f3rdoba; Secretaria Adjunta de la Central y de la Federaci\u00f3n Nacional Territorial (FeNaT-CTAA); Secretario Gremial del Consejo Directivo Provincial de ATE y Secretario General de la CTA Aut\u00f3noma Regional C\u00f3rdoba Capital; Secretaria General de ATE y la CTA-A R\u00edo Cuarto; Secretario General de ATE R\u00edo Tercero; y referente del Polo Obrero, respectivamente, la movilizaci\u00f3n por las calles de la ciudad de R\u00edo Tercero fue ruidosa y masiva y el reclamo de no cierre de la planta de Petroqu\u00edmica, de la reincorporaci\u00f3n de los despedidos, contra el vaciamiento de Fabricaciones Militares y en defensa de la Soberan\u00eda Nacional, fue un\u00e1nime.<\/p>\n<p><img loading=\"lazy\" decoding=\"async\" class=\" wp-image-46139 alignleft\" src=\"https:\/\/atecordoba.org\/wp-content\/uploads\/2024\/10\/464880081_18424421740072689_9218001453230857321_n-300x157-1.jpg\" alt=\"\" width=\"394\" height=\"206\" \/><\/p>\n<p>Giuliani se\u00f1al\u00f3: \u201cDecimos no al cierre de las fabricas en esta ciudad. No solamente estamos en la defensa de cada puesto de trabajo, de cada familia que ha quedado en la calle por los despidos de un grupo concentrado y de poder que no tiene escr\u00fapulos, sino que tambi\u00e9n estamos defendiendo la Soberan\u00eda Nacional ante la entrega del cipayo y vendepatria de Javier Milei. En las calles, con la lucha, vamos a dar vuelta la tortilla hasta que Milei se vaya de la Rosada\u201d.<\/p>\n<p>ATE ve peligrar fuentes laborales en la F\u00e1brica Militar R\u00edo Tercero. El temor es que el cierre de la planta de TDI en Petroqu\u00edmica obligue a la industria estatal a cerrar su planta de \u00e1cido n\u00edtrico. \u201cLas autoridades nacionales vienen por un modelo econ\u00f3mico de destrucci\u00f3n de las industrias y por lo tanto de las fuentes de trabajo\u201d, dijeron desde el sindicato de los estatales.<img loading=\"lazy\" decoding=\"async\" class=\" wp-image-46140 alignright\" src=\"https:\/\/atecordoba.org\/wp-content\/uploads\/2024\/10\/464923991_18424421749072689_5885063400582026077_n-300x157-1.jpg\" alt=\"\" width=\"422\" height=\"221\" \/><\/p>\n<p>Hasta el momento, el pedido a las autoridades municipales, provinciales y nacionales de que tomen nota sobre lo que est\u00e1 pasando ha ca\u00eddo en saco roto.<\/p>\n<p><strong>Trabajo obliga a Petroqu\u00edmica a retroceder con los despidos<\/strong><\/p>\n<p>La Secretaria de Trabajo de la Provincia de C\u00f3rdoba declar\u00f3 ineficaces los despidos y dispensas efectuados al personal de Petroqu\u00edmica R\u00edo Tercero e intim\u00f3 a la empresa a retroceder con esa decisi\u00f3n. Es la segunda intimaci\u00f3n de este tipo que Trabajo le hace a la industria del polo qu\u00edmico de R\u00edo Tercero. La primera la dict\u00f3 el 15 de octubre pasado y no fue acatada por Petroqu\u00edmica. Nada indica que lo haga en esta oportunidad, m\u00e1s cuando este mismo lunes volvi\u00f3 a ratificar los despidos.<img loading=\"lazy\" decoding=\"async\" class=\" wp-image-46141 alignleft\" src=\"https:\/\/atecordoba.org\/wp-content\/uploads\/2024\/10\/t-300x169-1.jpg\" alt=\"\" width=\"415\" height=\"234\" \/><\/p>\n<p>Todo viene de cuando hace dos semanas Petroqu\u00edmica R\u00edo Tercero resolvi\u00f3 desvincular a 125 operarios de los 375 que emplea en esta ciudad -un tercio de su plantel-, decisi\u00f3n que deriv\u00f3 en un conflicto laboral.<\/p>\n<p>Esos despidos guardan relaci\u00f3n con la decisi\u00f3n de Petroqu\u00edmica de cerrar su planta de TDI, su principal unidad de producci\u00f3n, argumentando problemas de competitividad frente al mismo producto que ingresa desde mercados asi\u00e1ticos.<\/p>\n<p>Al mismo tiempo que este lunes 28 de octubre Petroqu\u00edmica ratific\u00f3 esos despidos, la cartera laboral de la Provincia determin\u00f3 que la compa\u00f1\u00eda omiti\u00f3 cumplir tr\u00e1mites obligatorios para realizar esos despidos y dispensas, enmarcados en el procedimiento preventivo de crisis de empresa regulado por la Ley 24.013.<img loading=\"lazy\" decoding=\"async\" class=\" wp-image-46142 alignright\" src=\"https:\/\/atecordoba.org\/wp-content\/uploads\/2024\/10\/tu-300x169-1.jpg\" alt=\"\" width=\"401\" height=\"226\" \/><\/p>\n<p>Dispensa se le llama a la condici\u00f3n que queda un trabajador cuando no se le permite ingresar a su puesto de trabajo y se le abona el 100 por ciento de su salario.<\/p>\n<p><strong>Incumplimiento<\/strong><\/p>\n<p>La resoluci\u00f3n de la Secretar\u00eda de Trabajo dijo que esos pasos no se pueden omitir cuando \u00ablas empresas invocan razones de naturaleza econ\u00f3mica, fuerza mayor, innovaci\u00f3n tecnol\u00f3gica y\/o reestructuraci\u00f3n empresarial con el objeto de suspender, despedir o reducir jornadas\u00bb.<\/p>\n<p>La decisi\u00f3n de la Cartera Laboral impone a la empresa \u00abla obligaci\u00f3n de retractar los despidos y suspensiones producidas por la empleadora en el marco de la decisi\u00f3n de levantar la producci\u00f3n del Diisocianato de Tolueno (TDI)\u00bb.<\/p>\n<p>\u00abPetroqu\u00edmica R\u00edo Tercero SA debe reestablecer la actividad con su personal, del mismo modo que tiene la obligaci\u00f3n de abonar los salarios ca\u00eddos de los dependientes comprendidos en las medidas que asciende a un aproximado de trescientos cincuenta trabajadores, convencionados y fuera de convenio\u00bb, dice la resoluci\u00f3n de Trabajo.<img loading=\"lazy\" decoding=\"async\" class=\" wp-image-46143 alignleft\" src=\"https:\/\/atecordoba.org\/wp-content\/uploads\/2024\/10\/tur-300x169-1.jpg\" alt=\"\" width=\"424\" height=\"239\" \/><\/p>\n<p>El personal de la planta qu\u00edmica riotercerense est\u00e1 representado por el Sindicato del Personal de la Industria Qu\u00edmica y Petroqu\u00edmica de R\u00edo Tercero que viene participando activamente en el conflicto.<\/p>\n<p>La cartera que conduce Omar Sereno argument\u00f3 que los despidos y dispensas se produjeron cuando estaba vigente un acuerdo de suspensiones por una parada t\u00e9cnica motivada por el recambio de un transformador.<\/p>\n<p>Ese acuerdo fue firmado entre Petroqu\u00edmica y el Sindicato Qu\u00edmico con vigencia desde el 30 de septiembre hasta el 13 de octubre y homologado por la cartera Laboral.<\/p>\n<p>Desde Trabajo se hab\u00eda explicado que Petroqu\u00edmica no argument\u00f3 una situaci\u00f3n de crisis para producir despidos, por eso se considera que se hicieron sin seguir el procedimiento correspondiente.<\/p>\n<p><strong>Despidos nulos<\/strong><\/p>\n<p>Ante esto, la titular de la Delegaci\u00f3n R\u00edo Tercero de la Autoridad Administrativa Laboral, Romina Carezzano, tom\u00f3 intervenci\u00f3n e intim\u00f3 d\u00edas atr\u00e1s a la empresa a retrotraer las medidas bajo el apercibimiento de declararlas nulas e ineficaces, lo que se dictamin\u00f3 este lunes. Trabajo hab\u00eda exigido a Petroqu\u00edmica dejar ingresar al personal, lo que debi\u00f3 haber cumplido a partir del pasado viernes 18 de octubre.<img loading=\"lazy\" decoding=\"async\" class=\" wp-image-46144 alignright\" src=\"https:\/\/atecordoba.org\/wp-content\/uploads\/2024\/10\/turco-300x169-1.jpg\" alt=\"\" width=\"394\" height=\"222\" \/><\/p>\n<p>\u00abAnte la falta de acatamiento por parte Petroqu\u00edmica R\u00edo Tercero SA de las intimaciones referidas, la Secretaria de Trabajo dict\u00f3 el instrumento que declar\u00f3 la nulidad de los despidos y de las suspensiones\u00bb, dice el dictamen de la cartera laboral.<\/p>\n<p>La falta de acatamiento por parte de Petroqu\u00edmica provoc\u00f3 \u00abun profundo malestar en las m\u00e1ximas autoridades de la Cartera de Trabajo\u00bb, dijeron allegados a esa secretar\u00eda.<\/p>\n<p>\u00abEn dicho organismo consideran que se trata de una conducta err\u00e1tica y de mala fe negocial por parte de la patronal, de marcado desinter\u00e9s en el cumplimiento del marco legal aplicable\u00bb, se expres\u00f3.<\/p>\n<p>&nbsp;<\/p>\n","protected":false},"excerpt":{"rendered":"<p>ATE y la CTA Aut\u00f3noma C\u00f3rdoba participaron ayer por la tarde-noche de la marcha convocada por el Sindicato del Personal de Industrias Qu\u00edmicas y Petroqu\u00edmicas de R\u00edo Tercero (SPIQyP) que cont\u00f3 con la intervenci\u00f3n de los vecinos de la ciudad para reclamar por los 125 despidos en Petroqu\u00edmica R\u00edo Tercero, industria que decidi\u00f3 este mes [&hellip;]<\/p>\n","protected":false},"author":7,"featured_media":46138,"comment_status":"open","ping_status":"open","sticky":false,"template":"","format":"standard","meta":{"_exactmetrics_skip_tracking":false,"_exactmetrics_sitenote_active":false,"_exactmetrics_sitenote_note":"","_exactmetrics_sitenote_category":0,"jnews-multi-image_gallery":[],"jnews_single_post":{"format":"standard","override":[{"template":"1","parallax":"1","fullscreen":"1","layout":"no-sidebar-narrow","sidebar":"default-sidebar","second_sidebar":"default-sidebar","sticky_sidebar":"1","share_position":"bottom","share_float_style":"share-monocrhome","show_share_counter":"1","show_view_counter":"1","show_post_meta":"1","show_post_author_image":"1","show_post_date":"1","post_date_format":"default","post_date_format_custom":"Y\/m\/d","show_post_category":"1","show_post_reading_time":"0","post_reading_time_wpm":"300","post_calculate_word_method":"str_word_count","show_zoom_button":"0","zoom_button_out_step":"2","zoom_button_in_step":"3","show_post_tag":"1","number_popup_post":"1","show_post_related":"1","show_inline_post_related":"0"}],"image_override":[{"single_post_thumbnail_size":"crop-500","single_post_gallery_size":"crop-500"}],"trending_post_position":"meta","trending_post_label":"Trending","sponsored_post_label":"Sponsored by","disable_ad":"0"},"jnews_primary_category":[],"jnews_social_meta":[],"jnews_review":[],"enable_review":"","type":"percentage","name":"","summary":"","brand":"","sku":"","good":[],"bad":[],"score_override":"","override_value":"","rating":[],"price":[],"jnews_override_counter":{"view_counter_number":"0","share_counter_number":"0","like_counter_number":"0","dislike_counter_number":"0"},"jnews_post_split":{"post_split":[{"template":"1","tag":"h2","numbering":"asc","mode":"normal","first":"0","enable_toc":"0","toc_type":"normal"}]},"footnotes":""},"categories":[10],"tags":[417,164,1390],"class_list":["post-46137","post","type-post","status-publish","format-standard","has-post-thumbnail","hentry","category-accion-politica","tag-ajuste","tag-despidos","tag-petroquimica-rio-tercero"],"jetpack_featured_media_url":"https:\/\/atecordoba.org\/wp-content\/uploads\/2024\/10\/464867051_2594085830783650_6096800051937303717_n-1536x1152-1-e1730205228806.jpg","_links":{"self":[{"href":"https:\/\/atecordoba.org\/index.php?rest_route=\/wp\/v2\/posts\/46137","targetHints":{"allow":["GET"]}}],"collection":[{"href":"https:\/\/atecordoba.org\/index.php?rest_route=\/wp\/v2\/posts"}],"about":[{"href":"https:\/\/atecordoba.org\/index.php?rest_route=\/wp\/v2\/types\/post"}],"author":[{"embeddable":true,"href":"https:\/\/atecordoba.org\/index.php?rest_route=\/wp\/v2\/users\/7"}],"replies":[{"embeddable":true,"href":"https:\/\/atecordoba.org\/index.php?rest_route=%2Fwp%2Fv2%2Fcomments&post=46137"}],"version-history":[{"count":2,"href":"https:\/\/atecordoba.org\/index.php?rest_route=\/wp\/v2\/posts\/46137\/revisions"}],"predecessor-version":[{"id":46147,"href":"https:\/\/atecordoba.org\/index.php?rest_route=\/wp\/v2\/posts\/46137\/revisions\/46147"}],"wp:featuredmedia":[{"embeddable":true,"href":"https:\/\/atecordoba.org\/index.php?rest_route=\/wp\/v2\/media\/46138"}],"wp:attachment":[{"href":"https:\/\/atecordoba.org\/index.php?rest_route=%2Fwp%2Fv2%2Fmedia&parent=46137"}],"wp:term":[{"taxonomy":"category","embeddable":true,"href":"https:\/\/atecordoba.org\/index.php?rest_route=%2Fwp%2Fv2%2Fcategories&post=46137"},{"taxonomy":"post_tag","embeddable":true,"href":"https:\/\/atecordoba.org\/index.php?rest_route=%2Fwp%2Fv2%2Ftags&post=46137"}],"curies":[{"name":"wp","href":"https:\/\/api.w.org\/{rel}","templated":true}]}}