{"id":46110,"date":"2024-10-28T10:05:17","date_gmt":"2024-10-28T13:05:17","guid":{"rendered":"https:\/\/atecordoba.org\/?p=46110"},"modified":"2024-10-28T10:11:07","modified_gmt":"2024-10-28T13:11:07","slug":"paro-nacional-la-medida-de-fuerza-sera-por-48-horas-en-cordoba-en-todas-las-dependencias-nacionales-provinciales-y-municipales","status":"publish","type":"post","link":"https:\/\/atecordoba.org\/?p=46110","title":{"rendered":"Paro Nacional: la medida de fuerza ser\u00e1 por 48 horas en C\u00f3rdoba en todas las dependencias nacionales, provinciales y municipales"},"content":{"rendered":"<p><img loading=\"lazy\" decoding=\"async\" class=\"aligncenter wp-image-46113 \" src=\"https:\/\/atecordoba.org\/wp-content\/uploads\/2024\/10\/Imagen-de-WhatsApp-2024-10-28-a-las-09.22.12_1409b4fb.jpg\" alt=\"\" width=\"603\" height=\"603\" srcset=\"https:\/\/atecordoba.org\/wp-content\/uploads\/2024\/10\/Imagen-de-WhatsApp-2024-10-28-a-las-09.22.12_1409b4fb.jpg 1080w, https:\/\/atecordoba.org\/wp-content\/uploads\/2024\/10\/Imagen-de-WhatsApp-2024-10-28-a-las-09.22.12_1409b4fb-300x300.jpg 300w, https:\/\/atecordoba.org\/wp-content\/uploads\/2024\/10\/Imagen-de-WhatsApp-2024-10-28-a-las-09.22.12_1409b4fb-1024x1024.jpg 1024w, https:\/\/atecordoba.org\/wp-content\/uploads\/2024\/10\/Imagen-de-WhatsApp-2024-10-28-a-las-09.22.12_1409b4fb-150x150.jpg 150w, https:\/\/atecordoba.org\/wp-content\/uploads\/2024\/10\/Imagen-de-WhatsApp-2024-10-28-a-las-09.22.12_1409b4fb-768x768.jpg 768w, https:\/\/atecordoba.org\/wp-content\/uploads\/2024\/10\/Imagen-de-WhatsApp-2024-10-28-a-las-09.22.12_1409b4fb-560x560.jpg 560w, https:\/\/atecordoba.org\/wp-content\/uploads\/2024\/10\/Imagen-de-WhatsApp-2024-10-28-a-las-09.22.12_1409b4fb-75x75.jpg 75w, https:\/\/atecordoba.org\/wp-content\/uploads\/2024\/10\/Imagen-de-WhatsApp-2024-10-28-a-las-09.22.12_1409b4fb-350x350.jpg 350w, https:\/\/atecordoba.org\/wp-content\/uploads\/2024\/10\/Imagen-de-WhatsApp-2024-10-28-a-las-09.22.12_1409b4fb-750x750.jpg 750w\" sizes=\"auto, (max-width: 603px) 100vw, 603px\" \/><\/p>\n<p>En reclamo de la inmediata reapertura de las paritarias para frenar la p\u00e9rdida del poder adquisitivo en el Sector P\u00fablico, el Consejo Directivo Provincial (CDP) resolvi\u00f3 llevar a cabo paro de actividades en toda la administraci\u00f3n p\u00fablica por 48 horas. La medida de fuerza se har\u00e1 efectiva ma\u00f1ana 29 y el mi\u00e9rcoles 30 de octubre, en consonancia a lo dispuesto por la conducci\u00f3n nacional de nuestro gremio.<\/p>\n<p>A la grilla de reclamos ante el gobierno de Milei se suman el cese de despidos y del cierre de organismos, as\u00ed como\u00a0 la reincorporaci\u00f3n de todos los trabajadores ileg\u00edtimamente cesanteados durante esta gesti\u00f3n, entre otros puntos.<\/p>\n<p>ATE exige un salario inicial de $ 1.500.000 para cubrir la canasta b\u00e1sica total, que devuelva dignidad a los ingresos en el Estado, sector que viene sufriendo durante el actual gobierno la p\u00e9rdida de poder adquisitivo m\u00e1s importante del conjunto de las y los trabajadores.<\/p>\n<p>En ese marco, el<a href=\"https:\/\/atecordoba.org\/?p=46092\"> Plenario General de Delegados realizado el viernes pasado<\/a> aprob\u00f3 que durante el paro se lleven adelante una serie de acciones gremiales callejeras a los fines de mostrar el rechazo de los estatales a la visita de Milei, que se realizar\u00eda el mi\u00e9rcoles 30 de octubre, para &#8220;celebrar&#8221; un aniversario de la Fundaci\u00f3n Mediterr\u00e1nea.<\/p>\n<p><img loading=\"lazy\" decoding=\"async\" class=\"aligncenter wp-image-46114 \" src=\"https:\/\/atecordoba.org\/wp-content\/uploads\/2024\/10\/Imagen-de-WhatsApp-2024-10-28-a-las-09.22.11_525bcf95-1021x1024.jpg\" alt=\"\" width=\"605\" height=\"607\" srcset=\"https:\/\/atecordoba.org\/wp-content\/uploads\/2024\/10\/Imagen-de-WhatsApp-2024-10-28-a-las-09.22.11_525bcf95-1021x1024.jpg 1021w, https:\/\/atecordoba.org\/wp-content\/uploads\/2024\/10\/Imagen-de-WhatsApp-2024-10-28-a-las-09.22.11_525bcf95-300x300.jpg 300w, https:\/\/atecordoba.org\/wp-content\/uploads\/2024\/10\/Imagen-de-WhatsApp-2024-10-28-a-las-09.22.11_525bcf95-150x150.jpg 150w, https:\/\/atecordoba.org\/wp-content\/uploads\/2024\/10\/Imagen-de-WhatsApp-2024-10-28-a-las-09.22.11_525bcf95-768x770.jpg 768w, https:\/\/atecordoba.org\/wp-content\/uploads\/2024\/10\/Imagen-de-WhatsApp-2024-10-28-a-las-09.22.11_525bcf95-75x75.jpg 75w, https:\/\/atecordoba.org\/wp-content\/uploads\/2024\/10\/Imagen-de-WhatsApp-2024-10-28-a-las-09.22.11_525bcf95-350x350.jpg 350w, https:\/\/atecordoba.org\/wp-content\/uploads\/2024\/10\/Imagen-de-WhatsApp-2024-10-28-a-las-09.22.11_525bcf95-750x752.jpg 750w, https:\/\/atecordoba.org\/wp-content\/uploads\/2024\/10\/Imagen-de-WhatsApp-2024-10-28-a-las-09.22.11_525bcf95.jpg 1080w\" sizes=\"auto, (max-width: 605px) 100vw, 605px\" \/><\/p>\n<p>Por eso, ATE convoca a participar de una radio abierta frente a la entidad empresarial, de larga trayectoria generando planes de ajuste contra los trabajadores en general y los estatales en particular, ma\u00f1ana 29 de octubre, donde se declarar\u00e1 a Milei &#8220;persona no grata&#8221; en las provincia. La cita es a las 10 horas en Ituzaing\u00f3 1368, del barrio Nueva C\u00f3rdoba.<\/p>\n<p><strong>Escrache a la Bolsa de Comercio y marcha universitaria<\/strong><\/p>\n<p>En tanto, el mi\u00e9rcoles 30 de octubre ATE se concentrar\u00e1 en la sede del CDP para marchar en primer t\u00e9rmino a la Bolsa de Comercio de C\u00f3rdoba, Rosario de Santa Fe 231, para expresar el rechazo a la entidad, una verdadera tribuna del ajuste en la provincia que promueve el achique del Estado y la p\u00e9rdida de derechos de las y los trabajadores.<\/p>\n<p>Seguidamente, la columna de las y los estatales cordobeses se sumar\u00e1 a la movilizaci\u00f3n de la comunidad universitaria, que se encuentra en un largo plan de lucha para rechazar el brutal ajuste presupuestario que Milei impone a la educaci\u00f3n p\u00fablica, los agravios permanentes del mandatario al sistema universitario y contra el veto presidencial, que anul\u00f3 la ley de Congreso que hab\u00eda aprobado una actualizaci\u00f3n presupuestaria para sostener la actividad en las universidades p\u00fablicas.<\/p>\n<p>&nbsp;<\/p>\n<p>&nbsp;<\/p>\n","protected":false},"excerpt":{"rendered":"<p>En reclamo de la inmediata reapertura de las paritarias para frenar la p\u00e9rdida del poder adquisitivo en el Sector P\u00fablico, el Consejo Directivo Provincial (CDP) resolvi\u00f3 llevar a cabo paro de actividades en toda la administraci\u00f3n p\u00fablica por 48 horas. La medida de fuerza se har\u00e1 efectiva ma\u00f1ana 29 y el mi\u00e9rcoles 30 de octubre, [&hellip;]<\/p>\n","protected":false},"author":7,"featured_media":46120,"comment_status":"open","ping_status":"open","sticky":false,"template":"","format":"standard","meta":{"_exactmetrics_skip_tracking":false,"_exactmetrics_sitenote_active":false,"_exactmetrics_sitenote_note":"","_exactmetrics_sitenote_category":0,"jnews-multi-image_gallery":[],"jnews_single_post":{"format":"standard","override":[{"template":"1","parallax":"1","fullscreen":"1","layout":"no-sidebar-narrow","sidebar":"default-sidebar","second_sidebar":"default-sidebar","sticky_sidebar":"1","share_position":"bottom","share_float_style":"share-monocrhome","show_share_counter":"1","show_view_counter":"1","show_post_meta":"1","show_post_author_image":"1","show_post_date":"1","post_date_format":"default","post_date_format_custom":"Y\/m\/d","show_post_category":"1","show_post_reading_time":"0","post_reading_time_wpm":"300","post_calculate_word_method":"str_word_count","show_zoom_button":"0","zoom_button_out_step":"2","zoom_button_in_step":"3","show_post_tag":"1","number_popup_post":"1","show_post_related":"1","show_inline_post_related":"0"}],"image_override":[{"single_post_thumbnail_size":"crop-500","single_post_gallery_size":"crop-500"}],"trending_post_position":"meta","trending_post_label":"Trending","sponsored_post_label":"Sponsored by","disable_ad":"0"},"jnews_primary_category":[],"jnews_social_meta":[],"jnews_review":[],"enable_review":"","type":"percentage","name":"","summary":"","brand":"","sku":"","good":[],"bad":[],"score_override":"","override_value":"","rating":[],"price":[],"jnews_override_counter":{"view_counter_number":"0","share_counter_number":"0","like_counter_number":"0","dislike_counter_number":"0"},"jnews_post_split":{"post_split":[{"template":"1","tag":"h2","numbering":"asc","mode":"normal","first":"0","enable_toc":"0","toc_type":"normal"}]},"footnotes":""},"categories":[341],"tags":[1388,1387,1386,1389,595],"class_list":["post-46110","post","type-post","status-publish","format-standard","has-post-thumbnail","hentry","category-cdp","tag-bolsa-de-comercio-de-cordoba","tag-defensa-del-estado","tag-fundacion-mediterranea","tag-marcha-universitaria","tag-paro-nacional"],"jetpack_featured_media_url":"https:\/\/atecordoba.org\/wp-content\/uploads\/2024\/10\/port-2.jpg","_links":{"self":[{"href":"https:\/\/atecordoba.org\/index.php?rest_route=\/wp\/v2\/posts\/46110","targetHints":{"allow":["GET"]}}],"collection":[{"href":"https:\/\/atecordoba.org\/index.php?rest_route=\/wp\/v2\/posts"}],"about":[{"href":"https:\/\/atecordoba.org\/index.php?rest_route=\/wp\/v2\/types\/post"}],"author":[{"embeddable":true,"href":"https:\/\/atecordoba.org\/index.php?rest_route=\/wp\/v2\/users\/7"}],"replies":[{"embeddable":true,"href":"https:\/\/atecordoba.org\/index.php?rest_route=%2Fwp%2Fv2%2Fcomments&post=46110"}],"version-history":[{"count":3,"href":"https:\/\/atecordoba.org\/index.php?rest_route=\/wp\/v2\/posts\/46110\/revisions"}],"predecessor-version":[{"id":46118,"href":"https:\/\/atecordoba.org\/index.php?rest_route=\/wp\/v2\/posts\/46110\/revisions\/46118"}],"wp:featuredmedia":[{"embeddable":true,"href":"https:\/\/atecordoba.org\/index.php?rest_route=\/wp\/v2\/media\/46120"}],"wp:attachment":[{"href":"https:\/\/atecordoba.org\/index.php?rest_route=%2Fwp%2Fv2%2Fmedia&parent=46110"}],"wp:term":[{"taxonomy":"category","embeddable":true,"href":"https:\/\/atecordoba.org\/index.php?rest_route=%2Fwp%2Fv2%2Fcategories&post=46110"},{"taxonomy":"post_tag","embeddable":true,"href":"https:\/\/atecordoba.org\/index.php?rest_route=%2Fwp%2Fv2%2Ftags&post=46110"}],"curies":[{"name":"wp","href":"https:\/\/api.w.org\/{rel}","templated":true}]}}