{"id":46092,"date":"2024-10-25T14:16:29","date_gmt":"2024-10-25T17:16:29","guid":{"rendered":"https:\/\/atecordoba.org\/?p=46092"},"modified":"2024-10-28T09:38:41","modified_gmt":"2024-10-28T12:38:41","slug":"plenario-general-resolvio-movilizar-masivamente-en-cordoba-durante-el-paro-nacional-de-36-horas-del-29-y-30-de-octubre","status":"publish","type":"post","link":"https:\/\/atecordoba.org\/?p=46092","title":{"rendered":"Plenario General resolvi\u00f3 movilizar masivamente en C\u00f3rdoba durante el paro nacional de 36 horas del 29 y 30 de octubre"},"content":{"rendered":"<p><img loading=\"lazy\" decoding=\"async\" class=\"aligncenter wp-image-46093 \" src=\"https:\/\/atecordoba.org\/wp-content\/uploads\/2024\/10\/IMG-20241025-WA0040-1024x768.jpg\" alt=\"\" width=\"611\" height=\"459\" \/><\/p>\n<p>Hoy por la ma\u00f1ana se llev\u00f3 a cabo en el Consejo Directivo Provincial (CDP) un Plenario General de Delegadas y Delegados convocado por nuestra conducci\u00f3n provincial, que ratific\u00f3 la convocatoria a la Jornada Nacional de Lucha dispuesta por ATE Nacional de 36 horas, a partir del martes 29 de octubre a las 12 del mediod\u00eda.<\/p>\n<p>El c\u00f3nclave se desarroll\u00f3 en el auditorio H\u00e9ctor La Perra Castro del CDP y estuvo encabezado por la secretaria General Adjunta de ATE C\u00f3rdoba, Gabriela Alcoba, el secretario Gremial, Jorge Chalup, y su par de Organizaci\u00f3n, Javier Bracamonte.<\/p>\n<p><img loading=\"lazy\" decoding=\"async\" class=\"aligncenter wp-image-46094 \" src=\"https:\/\/atecordoba.org\/wp-content\/uploads\/2024\/10\/IMG-20241025-WA0037-1024x768.jpg\" alt=\"\" width=\"623\" height=\"468\" srcset=\"https:\/\/atecordoba.org\/wp-content\/uploads\/2024\/10\/IMG-20241025-WA0037-1024x768.jpg 1024w, https:\/\/atecordoba.org\/wp-content\/uploads\/2024\/10\/IMG-20241025-WA0037-300x225.jpg 300w, https:\/\/atecordoba.org\/wp-content\/uploads\/2024\/10\/IMG-20241025-WA0037-768x576.jpg 768w, https:\/\/atecordoba.org\/wp-content\/uploads\/2024\/10\/IMG-20241025-WA0037-750x563.jpg 750w, https:\/\/atecordoba.org\/wp-content\/uploads\/2024\/10\/IMG-20241025-WA0037.jpg 1032w\" sizes=\"auto, (max-width: 623px) 100vw, 623px\" \/><\/p>\n<p>Participaron compa\u00f1eras y compa\u00f1eros nacionales, provinciales y municipales, y se defini\u00f3 realizar diversas acciones gremiales callejeras para acompa\u00f1ar y tener presencia p\u00fablica durante la medida de fuerza. Estuvo presente el secretario General de la seccional ATE Cruz del Eje, Beto Pozzi.<\/p>\n<p>As\u00ed, el 29 de octubre ATE realizar\u00e1 una radio abierta frente a la Fundaci\u00f3n Mediterr\u00e1nea, que recibir\u00e1 a Milei en el marco de un aniversario de dicha entidad. En tanto &#8220;el 30 de octubre nos movilizaremos junto a los estudiantes universitarios, para confluir en una sola concentraci\u00f3n tanto los reclamos de las y los estatales con el plan de lucha que lleva adelante la comunidad universitaria en defensa de la educaci\u00f3n p\u00fablica&#8221;, dijo Chalup al finalizar el Plenario. Ese mismo mi\u00e9rcoles, antes marchar con estudiantes, docentes y no docentes, ATE realizar\u00e1 un escrache a la sede de la Bolsa de Comercio de C\u00f3rdoba, otro de los focos de apoyo corporativo a la pol\u00edtica de ajuste y represi\u00f3n que lleva adelante Javier Milei.<\/p>\n<p><img loading=\"lazy\" decoding=\"async\" class=\"aligncenter wp-image-46095 \" src=\"https:\/\/atecordoba.org\/wp-content\/uploads\/2024\/10\/IMG-20241025-WA0035-1024x768.jpg\" alt=\"\" width=\"625\" height=\"469\" srcset=\"https:\/\/atecordoba.org\/wp-content\/uploads\/2024\/10\/IMG-20241025-WA0035-1024x768.jpg 1024w, https:\/\/atecordoba.org\/wp-content\/uploads\/2024\/10\/IMG-20241025-WA0035-300x225.jpg 300w, https:\/\/atecordoba.org\/wp-content\/uploads\/2024\/10\/IMG-20241025-WA0035-768x576.jpg 768w, https:\/\/atecordoba.org\/wp-content\/uploads\/2024\/10\/IMG-20241025-WA0035-750x563.jpg 750w, https:\/\/atecordoba.org\/wp-content\/uploads\/2024\/10\/IMG-20241025-WA0035.jpg 1032w\" sizes=\"auto, (max-width: 625px) 100vw, 625px\" \/><\/p>\n<p>Entre los sectores que participaron del plenario se destacaron municipales de R\u00edo Primero, Mendiolaza, as\u00ed como delegadas y delegados provinciales de hospitales p\u00fablicos y los sectores nacionales con presencia en la provincia, que transmitieron al conjunto la situaci\u00f3n de cada uno de los sectores, para luego realizar un an\u00e1lisis de coyuntura.<\/p>\n<p>El paro nacional lleva adelante como reclamo principal la inmediata reapertura de las paritarias para frenar la p\u00e9rdida del poder adquisitivo en el Sector P\u00fablico, a lo que se sumar\u00e1 la exigencia por el cese de despidos y cierre de organismos, y la reincorporaci\u00f3n de todos los trabajadores ileg\u00edtimamente cesanteados durante esta gesti\u00f3n, entre otros puntos.<\/p>\n<p><img loading=\"lazy\" decoding=\"async\" class=\"aligncenter wp-image-46096 \" src=\"https:\/\/atecordoba.org\/wp-content\/uploads\/2024\/10\/Imagen-de-WhatsApp-2024-10-25-a-las-14.10.27_a86b6d5e-1024x768.jpg\" alt=\"\" width=\"619\" height=\"465\" srcset=\"https:\/\/atecordoba.org\/wp-content\/uploads\/2024\/10\/Imagen-de-WhatsApp-2024-10-25-a-las-14.10.27_a86b6d5e-1024x768.jpg 1024w, https:\/\/atecordoba.org\/wp-content\/uploads\/2024\/10\/Imagen-de-WhatsApp-2024-10-25-a-las-14.10.27_a86b6d5e-300x225.jpg 300w, https:\/\/atecordoba.org\/wp-content\/uploads\/2024\/10\/Imagen-de-WhatsApp-2024-10-25-a-las-14.10.27_a86b6d5e-768x576.jpg 768w, https:\/\/atecordoba.org\/wp-content\/uploads\/2024\/10\/Imagen-de-WhatsApp-2024-10-25-a-las-14.10.27_a86b6d5e-750x563.jpg 750w, https:\/\/atecordoba.org\/wp-content\/uploads\/2024\/10\/Imagen-de-WhatsApp-2024-10-25-a-las-14.10.27_a86b6d5e.jpg 1032w\" sizes=\"auto, (max-width: 619px) 100vw, 619px\" \/><\/p>\n<p>Durante el Plenario, Alcoba hizo un raconto de las acciones que se llevaron a cabo las \u00faltimas semanas, destacando la movilizaci\u00f3n a Cruz del Eje en apoyo al conflicto municipal y la reciente movilizaci\u00f3n en R\u00edo Tercero, donde estuvo el secretario General de ATE Nacional, Rodolfo Aguiar, en solidaridad con los trabajadores despedidos de Petroqu\u00edmica R\u00edo Tercero. &#8220;M\u00e1s que nunca est\u00e1n dadas las condiciones para proseguir el plan de lucha y las medidas de fuerza. Hoy para no ser pobre ATE INDEC fij\u00f3 el piso de ingresos en 1.5 mill\u00f3n de pesos. Muchos estatales somos pobres y tenemos que revertir esta situaci\u00f3n&#8221;, dijo Alcoba a las y los delegados presentes. &#8220;Fuimos los primeros que hicimos piquetazo a Milei cuando asumi\u00f3 en diciembre y estamos reconstruyendo la C\u00f3rdoba rebelde. Vamos a hacer una acci\u00f3n para mostrar el rechazo de los estatales a la visita de Milei&#8221;, remarc\u00f3.<\/p>\n<p><strong>Marcha al APROSS<\/strong><\/p>\n<p>Por otro lado, el Plenario aprob\u00f3 tambi\u00e9n que el 6 de noviembre realizaremos una jornada de mucha donde ATE va a marchar a la sede de APROSS, para repudiar los aumentos desmedidos que impuso el gobierno provincial para sus afiliados, que impactan en los salarios de los provinciales y los municipales.<\/p>\n<p>&nbsp;<\/p>\n<p>&nbsp;<\/p>\n<p>&nbsp;<\/p>\n","protected":false},"excerpt":{"rendered":"<p>Hoy por la ma\u00f1ana se llev\u00f3 a cabo en el Consejo Directivo Provincial (CDP) un Plenario General de Delegadas y Delegados convocado por nuestra conducci\u00f3n provincial, que ratific\u00f3 la convocatoria a la Jornada Nacional de Lucha dispuesta por ATE Nacional de 36 horas, a partir del martes 29 de octubre a las 12 del mediod\u00eda. [&hellip;]<\/p>\n","protected":false},"author":7,"featured_media":46093,"comment_status":"open","ping_status":"open","sticky":false,"template":"","format":"standard","meta":{"_exactmetrics_skip_tracking":false,"_exactmetrics_sitenote_active":false,"_exactmetrics_sitenote_note":"","_exactmetrics_sitenote_category":0,"jnews-multi-image_gallery":[],"jnews_single_post":{"format":"standard","override":[{"template":"1","parallax":"1","fullscreen":"1","layout":"no-sidebar-narrow","sidebar":"default-sidebar","second_sidebar":"default-sidebar","sticky_sidebar":"1","share_position":"bottom","share_float_style":"share-monocrhome","show_share_counter":"1","show_view_counter":"1","show_post_meta":"1","show_post_author_image":"1","show_post_date":"1","post_date_format":"default","post_date_format_custom":"Y\/m\/d","show_post_category":"1","show_post_reading_time":"0","post_reading_time_wpm":"300","post_calculate_word_method":"str_word_count","show_zoom_button":"0","zoom_button_out_step":"2","zoom_button_in_step":"3","show_post_tag":"1","number_popup_post":"1","show_post_related":"1","show_inline_post_related":"0"}],"image_override":[{"single_post_thumbnail_size":"crop-500","single_post_gallery_size":"crop-500"}],"trending_post_position":"meta","trending_post_label":"Trending","sponsored_post_label":"Sponsored by","disable_ad":"0"},"jnews_primary_category":[],"jnews_social_meta":[],"jnews_review":[],"enable_review":"","type":"percentage","name":"","summary":"","brand":"","sku":"","good":[],"bad":[],"score_override":"","override_value":"","rating":[],"price":[],"jnews_override_counter":{"view_counter_number":"0","share_counter_number":"0","like_counter_number":"0","dislike_counter_number":"0"},"jnews_post_split":{"post_split":[{"template":"1","tag":"h2","numbering":"asc","mode":"normal","first":"0","enable_toc":"0","toc_type":"normal"}]},"footnotes":""},"categories":[341],"tags":[352,595],"class_list":["post-46092","post","type-post","status-publish","format-standard","has-post-thumbnail","hentry","category-cdp","tag-jornada-de-lucha","tag-paro-nacional"],"jetpack_featured_media_url":"https:\/\/atecordoba.org\/wp-content\/uploads\/2024\/10\/IMG-20241025-WA0040-e1729876402840.jpg","_links":{"self":[{"href":"https:\/\/atecordoba.org\/index.php?rest_route=\/wp\/v2\/posts\/46092","targetHints":{"allow":["GET"]}}],"collection":[{"href":"https:\/\/atecordoba.org\/index.php?rest_route=\/wp\/v2\/posts"}],"about":[{"href":"https:\/\/atecordoba.org\/index.php?rest_route=\/wp\/v2\/types\/post"}],"author":[{"embeddable":true,"href":"https:\/\/atecordoba.org\/index.php?rest_route=\/wp\/v2\/users\/7"}],"replies":[{"embeddable":true,"href":"https:\/\/atecordoba.org\/index.php?rest_route=%2Fwp%2Fv2%2Fcomments&post=46092"}],"version-history":[{"count":3,"href":"https:\/\/atecordoba.org\/index.php?rest_route=\/wp\/v2\/posts\/46092\/revisions"}],"predecessor-version":[{"id":46112,"href":"https:\/\/atecordoba.org\/index.php?rest_route=\/wp\/v2\/posts\/46092\/revisions\/46112"}],"wp:featuredmedia":[{"embeddable":true,"href":"https:\/\/atecordoba.org\/index.php?rest_route=\/wp\/v2\/media\/46093"}],"wp:attachment":[{"href":"https:\/\/atecordoba.org\/index.php?rest_route=%2Fwp%2Fv2%2Fmedia&parent=46092"}],"wp:term":[{"taxonomy":"category","embeddable":true,"href":"https:\/\/atecordoba.org\/index.php?rest_route=%2Fwp%2Fv2%2Fcategories&post=46092"},{"taxonomy":"post_tag","embeddable":true,"href":"https:\/\/atecordoba.org\/index.php?rest_route=%2Fwp%2Fv2%2Ftags&post=46092"}],"curies":[{"name":"wp","href":"https:\/\/api.w.org\/{rel}","templated":true}]}}