{"id":46070,"date":"2024-10-23T14:49:27","date_gmt":"2024-10-23T17:49:27","guid":{"rendered":"https:\/\/atecordoba.org\/?p=46070"},"modified":"2024-10-23T14:49:27","modified_gmt":"2024-10-23T17:49:27","slug":"ate-cordoba-invita-a-la-jornada-provincial-de-lucha-en-rio-tercero","status":"publish","type":"post","link":"https:\/\/atecordoba.org\/?p=46070","title":{"rendered":"ATE C\u00f3rdoba invita a la Jornada Provincial de Lucha en R\u00edo Tercero"},"content":{"rendered":"<p><strong><a href=\"https:\/\/atecordoba.org\/wp-content\/uploads\/2024\/10\/WhatsApp-Image-2024-10-22-at-7.32.55-PM.jpeg\"><img loading=\"lazy\" decoding=\"async\" class=\"alignnone wp-image-46071 size-full\" src=\"https:\/\/atecordoba.org\/wp-content\/uploads\/2024\/10\/WhatsApp-Image-2024-10-22-at-7.32.55-PM.jpeg\" alt=\"\" width=\"1080\" height=\"1080\" srcset=\"https:\/\/atecordoba.org\/wp-content\/uploads\/2024\/10\/WhatsApp-Image-2024-10-22-at-7.32.55-PM.jpeg 1080w, https:\/\/atecordoba.org\/wp-content\/uploads\/2024\/10\/WhatsApp-Image-2024-10-22-at-7.32.55-PM-300x300.jpeg 300w, https:\/\/atecordoba.org\/wp-content\/uploads\/2024\/10\/WhatsApp-Image-2024-10-22-at-7.32.55-PM-1024x1024.jpeg 1024w, https:\/\/atecordoba.org\/wp-content\/uploads\/2024\/10\/WhatsApp-Image-2024-10-22-at-7.32.55-PM-150x150.jpeg 150w, https:\/\/atecordoba.org\/wp-content\/uploads\/2024\/10\/WhatsApp-Image-2024-10-22-at-7.32.55-PM-768x768.jpeg 768w, https:\/\/atecordoba.org\/wp-content\/uploads\/2024\/10\/WhatsApp-Image-2024-10-22-at-7.32.55-PM-560x560.jpeg 560w, https:\/\/atecordoba.org\/wp-content\/uploads\/2024\/10\/WhatsApp-Image-2024-10-22-at-7.32.55-PM-75x75.jpeg 75w, https:\/\/atecordoba.org\/wp-content\/uploads\/2024\/10\/WhatsApp-Image-2024-10-22-at-7.32.55-PM-350x350.jpeg 350w, https:\/\/atecordoba.org\/wp-content\/uploads\/2024\/10\/WhatsApp-Image-2024-10-22-at-7.32.55-PM-750x750.jpeg 750w\" sizes=\"auto, (max-width: 1080px) 100vw, 1080px\" \/><\/a><\/strong><\/p>\n<p><strong>ATE C\u00f3rdoba<\/strong> convoca a todos los trabajadores y a la comunidad a participar de la <strong>Jornada Provincial de Lucha<\/strong> contra el cierre de la <strong>Petroqu\u00edmica R\u00edo Tercero<\/strong> y en defensa de los trabajadores despedidos. La movilizaci\u00f3n, organizada junto al <strong>Sindicato del Personal de Industrias Qu\u00edmicas y Petroqu\u00edmicas de R\u00edo Tercero (SPIQyP)<\/strong> y la <strong>CTA Aut\u00f3noma de C\u00f3rdoba<\/strong>, se llevar\u00e1 a cabo este <strong>jueves 24 de octubre<\/strong>, a partir de las <strong>9:00 hs<\/strong>, con un corte en la Autov\u00eda \u201cBrigadier Juan Bautista Bustos\u201d a la altura de Almafuerte.<\/p>\n<p>La situaci\u00f3n de la Petroqu\u00edmica R\u00edo Tercero es cr\u00edtica: el cierre de la planta y los despidos han afectado profundamente a las familias trabajadoras y a la econom\u00eda regional. Esta actividad busca visibilizar la lucha por la reincorporaci\u00f3n de los despedidos y la continuidad de una industria fundamental para la regi\u00f3n.<\/p>\n<p><strong>Federico Giuliani<\/strong>, Secretario General de ATE y la <strong>CTA Aut\u00f3noma C\u00f3rdoba<\/strong>, enfatiz\u00f3 la importancia de la unidad en esta lucha: \u201cEstamos convencidos de que para frenar el \u2018industricidio\u2019 de Milei y la casta hace falta la m\u00e1s profunda unidad de los que luchan y no se resignan. Es tiempo de convocar a un Plan de Lucha y Huelga General\u201d.<\/p>\n<p>A la reuni\u00f3n organizativa previa, asistieron <strong>ATE C\u00f3rdoba<\/strong>, la <strong>CTA Aut\u00f3noma<\/strong>, el <strong>SPIQyP<\/strong>, representantes del <strong>Polo Piquetero<\/strong>, y delegados de <strong>ATE F\u00e1brica Militar R\u00edo Tercero<\/strong>, reforzando el compromiso con la defensa de la industria nacional y de los derechos de los trabajadores.<\/p>\n<p><strong>Lucas Felici<\/strong>, Secretario Gremial del SPIQyP, manifest\u00f3: \u201cVamos a luchar hasta que nos duela el alma porque se trata del futuro de nuestros hijos y de toda una ciudad que necesita recuperar la industria nacional. Esta masacre laboral se revierte con la unidad de todos\u201d.<\/p>\n<p>El <strong>17 de octubre<\/strong>, el Ministerio de Trabajo de la Provincia de C\u00f3rdoba intim\u00f3 a la empresa a revertir los despidos en base a acuerdos previos. A pesar de esta medida, la fuerte presencia policial en la f\u00e1brica refleja la tensi\u00f3n en la zona y la necesidad de una respuesta colectiva.<\/p>\n<p>La convocatoria de ATE C\u00f3rdoba resalta la urgencia de mantener la movilizaci\u00f3n activa: \u201c<strong>En defensa de las fuentes laborales, de la Soberan\u00eda Nacional y de una ciudad que se muere sin f\u00e1bricas que inyectan recursos a la econom\u00eda regional, nos encontramos este jueves 24 de octubre a las 9 hs en Autov\u00eda 36 y el cruce de Almafuerte. La resignaci\u00f3n no hace historia<\/strong>\u201d.<\/p>\n<p><strong>ATE C\u00f3rdoba<\/strong> invita a todos a sumarse a esta jornada para defender la industria y el empleo, demostrando que la fuerza de los trabajadores organizados es la herramienta para enfrentar las pol\u00edticas de ajuste y desindustrializaci\u00f3n que afectan a nuestro pa\u00eds.<\/p>\n<p>#NoAlCierre #Petroqu\u00edmicaR\u00edoTercero #UnidadDeLosTrabajadores #Soberan\u00edaNacional #ATELucha<\/p>\n","protected":false},"excerpt":{"rendered":"<p>ATE C\u00f3rdoba convoca a todos los trabajadores y a la comunidad a participar de la Jornada Provincial de Lucha contra el cierre de la Petroqu\u00edmica R\u00edo Tercero y en defensa de los trabajadores despedidos. La movilizaci\u00f3n, organizada junto al Sindicato del Personal de Industrias Qu\u00edmicas y Petroqu\u00edmicas de R\u00edo Tercero (SPIQyP) y la CTA Aut\u00f3noma [&hellip;]<\/p>\n","protected":false},"author":3,"featured_media":46071,"comment_status":"open","ping_status":"open","sticky":false,"template":"","format":"standard","meta":{"_exactmetrics_skip_tracking":false,"_exactmetrics_sitenote_active":false,"_exactmetrics_sitenote_note":"","_exactmetrics_sitenote_category":0,"jnews-multi-image_gallery":[],"jnews_single_post":{"format":"standard","override":[{"template":"1","parallax":"1","fullscreen":"1","layout":"no-sidebar-narrow","sidebar":"default-sidebar","second_sidebar":"default-sidebar","sticky_sidebar":"1","share_position":"bottom","share_float_style":"share-monocrhome","show_share_counter":"1","show_view_counter":"1","show_post_meta":"1","show_post_author_image":"1","show_post_date":"1","post_date_format":"default","post_date_format_custom":"Y\/m\/d","show_post_category":"1","show_post_reading_time":"0","post_reading_time_wpm":"300","post_calculate_word_method":"str_word_count","show_zoom_button":"0","zoom_button_out_step":"2","zoom_button_in_step":"3","show_post_tag":"1","number_popup_post":"1","show_post_related":"1","show_inline_post_related":"0"}],"image_override":[{"single_post_thumbnail_size":"crop-500","single_post_gallery_size":"crop-500"}],"trending_post_position":"meta","trending_post_label":"Trending","sponsored_post_label":"Sponsored by","disable_ad":"0"},"jnews_primary_category":[],"jnews_social_meta":[],"jnews_review":[],"enable_review":"","type":"percentage","name":"","summary":"","brand":"","sku":"","good":[],"bad":[],"score_override":"","override_value":"","rating":[],"price":[],"jnews_override_counter":{"view_counter_number":"0","share_counter_number":"0","like_counter_number":"0","dislike_counter_number":"0"},"jnews_post_split":{"post_split":[{"template":"1","tag":"h2","numbering":"asc","mode":"normal","first":"0","enable_toc":"0","toc_type":"normal"}]},"footnotes":""},"categories":[20],"tags":[],"class_list":["post-46070","post","type-post","status-publish","format-standard","has-post-thumbnail","hentry","category-municipales"],"jetpack_featured_media_url":"https:\/\/atecordoba.org\/wp-content\/uploads\/2024\/10\/WhatsApp-Image-2024-10-22-at-7.32.55-PM.jpeg","_links":{"self":[{"href":"https:\/\/atecordoba.org\/index.php?rest_route=\/wp\/v2\/posts\/46070","targetHints":{"allow":["GET"]}}],"collection":[{"href":"https:\/\/atecordoba.org\/index.php?rest_route=\/wp\/v2\/posts"}],"about":[{"href":"https:\/\/atecordoba.org\/index.php?rest_route=\/wp\/v2\/types\/post"}],"author":[{"embeddable":true,"href":"https:\/\/atecordoba.org\/index.php?rest_route=\/wp\/v2\/users\/3"}],"replies":[{"embeddable":true,"href":"https:\/\/atecordoba.org\/index.php?rest_route=%2Fwp%2Fv2%2Fcomments&post=46070"}],"version-history":[{"count":1,"href":"https:\/\/atecordoba.org\/index.php?rest_route=\/wp\/v2\/posts\/46070\/revisions"}],"predecessor-version":[{"id":46072,"href":"https:\/\/atecordoba.org\/index.php?rest_route=\/wp\/v2\/posts\/46070\/revisions\/46072"}],"wp:featuredmedia":[{"embeddable":true,"href":"https:\/\/atecordoba.org\/index.php?rest_route=\/wp\/v2\/media\/46071"}],"wp:attachment":[{"href":"https:\/\/atecordoba.org\/index.php?rest_route=%2Fwp%2Fv2%2Fmedia&parent=46070"}],"wp:term":[{"taxonomy":"category","embeddable":true,"href":"https:\/\/atecordoba.org\/index.php?rest_route=%2Fwp%2Fv2%2Fcategories&post=46070"},{"taxonomy":"post_tag","embeddable":true,"href":"https:\/\/atecordoba.org\/index.php?rest_route=%2Fwp%2Fv2%2Ftags&post=46070"}],"curies":[{"name":"wp","href":"https:\/\/api.w.org\/{rel}","templated":true}]}}