{"id":46056,"date":"2024-10-23T13:03:28","date_gmt":"2024-10-23T16:03:28","guid":{"rendered":"https:\/\/atecordoba.org\/?p=46056"},"modified":"2024-10-23T13:51:31","modified_gmt":"2024-10-23T16:51:31","slug":"paro-de-municipales-en-cruz-del-eje-jornada-de-lucha-por-nuestros-derechos-laborales","status":"publish","type":"post","link":"https:\/\/atecordoba.org\/?p=46056","title":{"rendered":"Paro de Municipales en Cruz del Eje: Jornada de Lucha por nuestros Derechos Laborales"},"content":{"rendered":"<p><a href=\"https:\/\/atecordoba.org\/wp-content\/uploads\/2024\/10\/WhatsApp-Image-2024-10-23-at-11.53.34-AM.jpeg\"><img loading=\"lazy\" decoding=\"async\" class=\"alignnone wp-image-46065 size-full\" src=\"https:\/\/atecordoba.org\/wp-content\/uploads\/2024\/10\/WhatsApp-Image-2024-10-23-at-11.53.34-AM.jpeg\" alt=\"\" width=\"1280\" height=\"720\" srcset=\"https:\/\/atecordoba.org\/wp-content\/uploads\/2024\/10\/WhatsApp-Image-2024-10-23-at-11.53.34-AM.jpeg 1280w, https:\/\/atecordoba.org\/wp-content\/uploads\/2024\/10\/WhatsApp-Image-2024-10-23-at-11.53.34-AM-300x169.jpeg 300w, https:\/\/atecordoba.org\/wp-content\/uploads\/2024\/10\/WhatsApp-Image-2024-10-23-at-11.53.34-AM-1024x576.jpeg 1024w, https:\/\/atecordoba.org\/wp-content\/uploads\/2024\/10\/WhatsApp-Image-2024-10-23-at-11.53.34-AM-768x432.jpeg 768w, https:\/\/atecordoba.org\/wp-content\/uploads\/2024\/10\/WhatsApp-Image-2024-10-23-at-11.53.34-AM-750x422.jpeg 750w, https:\/\/atecordoba.org\/wp-content\/uploads\/2024\/10\/WhatsApp-Image-2024-10-23-at-11.53.34-AM-1140x641.jpeg 1140w\" sizes=\"auto, (max-width: 1280px) 100vw, 1280px\" \/><\/a><\/p>\n<p>En el d\u00eda de hoy, mi\u00e9rcoles 23 de octubre, ATE Cruz del Eje junto con el Consejo Directivo Provincial de ATE C\u00f3rdoba, llevaron a cabo una <strong>Jornada Provincial de Lucha<\/strong> en la ciudad de Cruz del Eje. Esta medida de fuerza se realiz\u00f3 en respuesta a una serie de violaciones de los derechos laborales por parte del intendente Renato Raschetti (Juntos por el Cambio), quien despidi\u00f3 a tres trabajadores municipales, dos de ellos con cargos dentro del secretariado de la Comisi\u00f3n Directiva de ATE Cruz del Eje, y uno de ellos delegado sindical.<\/p>\n<h3>Despidos y Persecuci\u00f3n Sindical<\/h3>\n<p><a href=\"https:\/\/atecordoba.org\/wp-content\/uploads\/2024\/10\/WhatsApp-Image-2024-10-23-at-11.53.36-AM.jpeg\"><img loading=\"lazy\" decoding=\"async\" class=\"alignnone size-medium wp-image-46064\" src=\"https:\/\/atecordoba.org\/wp-content\/uploads\/2024\/10\/WhatsApp-Image-2024-10-23-at-11.53.36-AM-300x169.jpeg\" alt=\"\" width=\"300\" height=\"169\" srcset=\"https:\/\/atecordoba.org\/wp-content\/uploads\/2024\/10\/WhatsApp-Image-2024-10-23-at-11.53.36-AM-300x169.jpeg 300w, https:\/\/atecordoba.org\/wp-content\/uploads\/2024\/10\/WhatsApp-Image-2024-10-23-at-11.53.36-AM-1024x576.jpeg 1024w, https:\/\/atecordoba.org\/wp-content\/uploads\/2024\/10\/WhatsApp-Image-2024-10-23-at-11.53.36-AM-768x432.jpeg 768w, https:\/\/atecordoba.org\/wp-content\/uploads\/2024\/10\/WhatsApp-Image-2024-10-23-at-11.53.36-AM-750x422.jpeg 750w, https:\/\/atecordoba.org\/wp-content\/uploads\/2024\/10\/WhatsApp-Image-2024-10-23-at-11.53.36-AM-1140x641.jpeg 1140w, https:\/\/atecordoba.org\/wp-content\/uploads\/2024\/10\/WhatsApp-Image-2024-10-23-at-11.53.36-AM.jpeg 1280w\" sizes=\"auto, (max-width: 300px) 100vw, 300px\" \/><\/a> <a href=\"https:\/\/atecordoba.org\/wp-content\/uploads\/2024\/10\/WhatsApp-Image-2024-10-23-at-11.53.32-AM.jpeg\"><img loading=\"lazy\" decoding=\"async\" class=\"alignnone size-medium wp-image-46063\" src=\"https:\/\/atecordoba.org\/wp-content\/uploads\/2024\/10\/WhatsApp-Image-2024-10-23-at-11.53.32-AM-300x169.jpeg\" alt=\"\" width=\"300\" height=\"169\" srcset=\"https:\/\/atecordoba.org\/wp-content\/uploads\/2024\/10\/WhatsApp-Image-2024-10-23-at-11.53.32-AM-300x169.jpeg 300w, https:\/\/atecordoba.org\/wp-content\/uploads\/2024\/10\/WhatsApp-Image-2024-10-23-at-11.53.32-AM-1024x576.jpeg 1024w, https:\/\/atecordoba.org\/wp-content\/uploads\/2024\/10\/WhatsApp-Image-2024-10-23-at-11.53.32-AM-768x432.jpeg 768w, https:\/\/atecordoba.org\/wp-content\/uploads\/2024\/10\/WhatsApp-Image-2024-10-23-at-11.53.32-AM-750x422.jpeg 750w, https:\/\/atecordoba.org\/wp-content\/uploads\/2024\/10\/WhatsApp-Image-2024-10-23-at-11.53.32-AM-1140x641.jpeg 1140w, https:\/\/atecordoba.org\/wp-content\/uploads\/2024\/10\/WhatsApp-Image-2024-10-23-at-11.53.32-AM.jpeg 1280w\" sizes=\"auto, (max-width: 300px) 100vw, 300px\" \/><\/a><\/p>\n<p>Los despidos no solo vulneran la normativa laboral vigente, sino que adem\u00e1s constituyen una clara violaci\u00f3n a la <strong>tutela sindical<\/strong>, un derecho fundamental que protege a los representantes gremiales de ser despedidos o sancionados por el ejercicio de sus funciones. Este ataque contra los dirigentes de ATE en Cruz del Eje es una muestra de <strong>persecuci\u00f3n sindical<\/strong>, afectando gravemente la libertad y la democracia sindical dentro del municipio.<\/p>\n<h3><a href=\"https:\/\/atecordoba.org\/wp-content\/uploads\/2024\/10\/WhatsApp-Image-2024-10-23-at-11.27.13-AM.jpeg\"><img loading=\"lazy\" decoding=\"async\" class=\"size-medium wp-image-46062 alignleft\" src=\"https:\/\/atecordoba.org\/wp-content\/uploads\/2024\/10\/WhatsApp-Image-2024-10-23-at-11.27.13-AM-169x300.jpeg\" alt=\"\" width=\"169\" height=\"300\" srcset=\"https:\/\/atecordoba.org\/wp-content\/uploads\/2024\/10\/WhatsApp-Image-2024-10-23-at-11.27.13-AM-169x300.jpeg 169w, https:\/\/atecordoba.org\/wp-content\/uploads\/2024\/10\/WhatsApp-Image-2024-10-23-at-11.27.13-AM-576x1024.jpeg 576w, https:\/\/atecordoba.org\/wp-content\/uploads\/2024\/10\/WhatsApp-Image-2024-10-23-at-11.27.13-AM.jpeg 720w\" sizes=\"auto, (max-width: 169px) 100vw, 169px\" \/><\/a>Reclamos y Protestas<\/h3>\n<p>Adem\u00e1s de denunciar los despidos injustificados, la jornada de protesta incluy\u00f3 el reclamo de apertura de <strong>paritarias<\/strong> y la mejora urgente de los salarios, que actualmente se encuentran por debajo de la l\u00ednea de la indigencia. Asimismo, se rechazaron medidas regresivas que han implicado la <strong>quita de categor\u00edas de recategorizaci\u00f3n<\/strong> previamente otorgadas a las y los trabajadores.<\/p>\n<h3>ATE, el Sindicato de Lucha<\/h3>\n<p>En este contexto, ATE reitera su llamado a las y los trabajadores municipales para que se <strong>afilien y sindicalicen<\/strong>. Somos el sindicato que lucha por los derechos de las y los trabajadores, enfrentando la persecuci\u00f3n sindical y exigiendo condiciones dignas en el trabajo. La defensa de la clase trabajadora es nuestra prioridad, y no permitiremos que se vulneren nuestros derechos sin una respuesta organizada y combativa.<\/p>\n<p>La jornada de lucha comenz\u00f3 a las 10 horas, con una concentraci\u00f3n en la <strong>Ruta Nacional 38<\/strong> y calle Sarmiento, para luego marchar hacia el edificio del Municipio de Cruz del Eje, donde las y los trabajadores visibilizaron sus demandas y la necesidad de respuestas inmediatas por parte de las autoridades municipales.<\/p>\n<p>Por \u00faltimo tras una reuni\u00f3n con el municipio al finalizar la jornada se acord\u00f3 un cuarto intermedio para el d\u00eda Viernes donde se buscar\u00e1 destrabar este conflicto.<\/p>\n<p><a href=\"https:\/\/atecordoba.org\/wp-content\/uploads\/2024\/10\/WhatsApp-Image-2024-10-23-at-11.12.49-AM.jpeg\"><img loading=\"lazy\" decoding=\"async\" class=\"alignnone size-medium wp-image-46061\" src=\"https:\/\/atecordoba.org\/wp-content\/uploads\/2024\/10\/WhatsApp-Image-2024-10-23-at-11.12.49-AM-169x300.jpeg\" alt=\"\" width=\"169\" height=\"300\" srcset=\"https:\/\/atecordoba.org\/wp-content\/uploads\/2024\/10\/WhatsApp-Image-2024-10-23-at-11.12.49-AM-169x300.jpeg 169w, https:\/\/atecordoba.org\/wp-content\/uploads\/2024\/10\/WhatsApp-Image-2024-10-23-at-11.12.49-AM-576x1024.jpeg 576w, https:\/\/atecordoba.org\/wp-content\/uploads\/2024\/10\/WhatsApp-Image-2024-10-23-at-11.12.49-AM.jpeg 720w\" sizes=\"auto, (max-width: 169px) 100vw, 169px\" \/><\/a> <a href=\"https:\/\/atecordoba.org\/wp-content\/uploads\/2024\/10\/WhatsApp-Image-2024-10-23-at-11.12.49-AM-1.jpeg\"><img loading=\"lazy\" decoding=\"async\" class=\"alignnone size-medium wp-image-46060\" src=\"https:\/\/atecordoba.org\/wp-content\/uploads\/2024\/10\/WhatsApp-Image-2024-10-23-at-11.12.49-AM-1-300x169.jpeg\" alt=\"\" width=\"300\" height=\"169\" srcset=\"https:\/\/atecordoba.org\/wp-content\/uploads\/2024\/10\/WhatsApp-Image-2024-10-23-at-11.12.49-AM-1-300x169.jpeg 300w, https:\/\/atecordoba.org\/wp-content\/uploads\/2024\/10\/WhatsApp-Image-2024-10-23-at-11.12.49-AM-1-1024x576.jpeg 1024w, https:\/\/atecordoba.org\/wp-content\/uploads\/2024\/10\/WhatsApp-Image-2024-10-23-at-11.12.49-AM-1-768x432.jpeg 768w, https:\/\/atecordoba.org\/wp-content\/uploads\/2024\/10\/WhatsApp-Image-2024-10-23-at-11.12.49-AM-1-750x422.jpeg 750w, https:\/\/atecordoba.org\/wp-content\/uploads\/2024\/10\/WhatsApp-Image-2024-10-23-at-11.12.49-AM-1-1140x641.jpeg 1140w, https:\/\/atecordoba.org\/wp-content\/uploads\/2024\/10\/WhatsApp-Image-2024-10-23-at-11.12.49-AM-1.jpeg 1280w\" sizes=\"auto, (max-width: 300px) 100vw, 300px\" \/><\/a> <a href=\"https:\/\/atecordoba.org\/wp-content\/uploads\/2024\/10\/WhatsApp-Image-2024-10-23-at-11.12.51-AM.jpeg\"><img loading=\"lazy\" decoding=\"async\" class=\"alignnone size-medium wp-image-46058\" src=\"https:\/\/atecordoba.org\/wp-content\/uploads\/2024\/10\/WhatsApp-Image-2024-10-23-at-11.12.51-AM-169x300.jpeg\" alt=\"\" width=\"169\" height=\"300\" srcset=\"https:\/\/atecordoba.org\/wp-content\/uploads\/2024\/10\/WhatsApp-Image-2024-10-23-at-11.12.51-AM-169x300.jpeg 169w, https:\/\/atecordoba.org\/wp-content\/uploads\/2024\/10\/WhatsApp-Image-2024-10-23-at-11.12.51-AM-576x1024.jpeg 576w, https:\/\/atecordoba.org\/wp-content\/uploads\/2024\/10\/WhatsApp-Image-2024-10-23-at-11.12.51-AM.jpeg 720w\" sizes=\"auto, (max-width: 169px) 100vw, 169px\" \/><\/a><\/p>\n<p><strong>\u00a1Seguimos en la lucha por los derechos de las y los trabajadores municipales!<\/strong><\/p>\n<hr \/>\n<h3>\u00a1Afiliate a ATE y Defend\u00e9 Tus Derechos!<\/h3>\n<p>#ATEC\u00f3rdoba #JornadaDeLucha #DerechosLaborales #Persecuci\u00f3nSindical #CruzDelEje<\/p>\n","protected":false},"excerpt":{"rendered":"<p>En el d\u00eda de hoy, mi\u00e9rcoles 23 de octubre, ATE Cruz del Eje junto con el Consejo Directivo Provincial de ATE C\u00f3rdoba, llevaron a cabo una Jornada Provincial de Lucha en la ciudad de Cruz del Eje. Esta medida de fuerza se realiz\u00f3 en respuesta a una serie de violaciones de los derechos laborales por [&hellip;]<\/p>\n","protected":false},"author":3,"featured_media":46065,"comment_status":"open","ping_status":"open","sticky":false,"template":"","format":"standard","meta":{"_exactmetrics_skip_tracking":false,"_exactmetrics_sitenote_active":false,"_exactmetrics_sitenote_note":"","_exactmetrics_sitenote_category":0,"jnews-multi-image_gallery":[],"jnews_single_post":{"format":"standard","override":[{"template":"1","parallax":"1","fullscreen":"1","layout":"no-sidebar-narrow","sidebar":"default-sidebar","second_sidebar":"default-sidebar","sticky_sidebar":"1","share_position":"bottom","share_float_style":"share-monocrhome","show_share_counter":"1","show_view_counter":"1","show_post_meta":"1","show_post_author_image":"1","show_post_date":"1","post_date_format":"default","post_date_format_custom":"Y\/m\/d","show_post_category":"1","show_post_reading_time":"0","post_reading_time_wpm":"300","post_calculate_word_method":"str_word_count","show_zoom_button":"0","zoom_button_out_step":"2","zoom_button_in_step":"3","show_post_tag":"1","number_popup_post":"1","show_post_related":"1","show_inline_post_related":"0"}],"image_override":[{"single_post_thumbnail_size":"crop-500","single_post_gallery_size":"crop-500"}],"trending_post_position":"meta","trending_post_label":"Trending","sponsored_post_label":"Sponsored by","disable_ad":"0"},"jnews_primary_category":[],"jnews_social_meta":[],"jnews_review":[],"enable_review":"","type":"percentage","name":"","summary":"","brand":"","sku":"","good":[],"bad":[],"score_override":"","override_value":"","rating":[],"price":[],"jnews_override_counter":{"view_counter_number":"0","share_counter_number":"0","like_counter_number":"0","dislike_counter_number":"0"},"jnews_post_split":{"post_split":[{"template":"1","tag":"h2","numbering":"asc","mode":"normal","first":"0","enable_toc":"0","toc_type":"normal"}]},"footnotes":""},"categories":[20],"tags":[],"class_list":["post-46056","post","type-post","status-publish","format-standard","has-post-thumbnail","hentry","category-municipales"],"jetpack_featured_media_url":"https:\/\/atecordoba.org\/wp-content\/uploads\/2024\/10\/WhatsApp-Image-2024-10-23-at-11.53.34-AM.jpeg","_links":{"self":[{"href":"https:\/\/atecordoba.org\/index.php?rest_route=\/wp\/v2\/posts\/46056","targetHints":{"allow":["GET"]}}],"collection":[{"href":"https:\/\/atecordoba.org\/index.php?rest_route=\/wp\/v2\/posts"}],"about":[{"href":"https:\/\/atecordoba.org\/index.php?rest_route=\/wp\/v2\/types\/post"}],"author":[{"embeddable":true,"href":"https:\/\/atecordoba.org\/index.php?rest_route=\/wp\/v2\/users\/3"}],"replies":[{"embeddable":true,"href":"https:\/\/atecordoba.org\/index.php?rest_route=%2Fwp%2Fv2%2Fcomments&post=46056"}],"version-history":[{"count":3,"href":"https:\/\/atecordoba.org\/index.php?rest_route=\/wp\/v2\/posts\/46056\/revisions"}],"predecessor-version":[{"id":46068,"href":"https:\/\/atecordoba.org\/index.php?rest_route=\/wp\/v2\/posts\/46056\/revisions\/46068"}],"wp:featuredmedia":[{"embeddable":true,"href":"https:\/\/atecordoba.org\/index.php?rest_route=\/wp\/v2\/media\/46065"}],"wp:attachment":[{"href":"https:\/\/atecordoba.org\/index.php?rest_route=%2Fwp%2Fv2%2Fmedia&parent=46056"}],"wp:term":[{"taxonomy":"category","embeddable":true,"href":"https:\/\/atecordoba.org\/index.php?rest_route=%2Fwp%2Fv2%2Fcategories&post=46056"},{"taxonomy":"post_tag","embeddable":true,"href":"https:\/\/atecordoba.org\/index.php?rest_route=%2Fwp%2Fv2%2Ftags&post=46056"}],"curies":[{"name":"wp","href":"https:\/\/api.w.org\/{rel}","templated":true}]}}