{"id":46053,"date":"2024-10-23T11:10:11","date_gmt":"2024-10-23T14:10:11","guid":{"rendered":"https:\/\/atecordoba.org\/?p=46053"},"modified":"2024-10-23T11:10:11","modified_gmt":"2024-10-23T14:10:11","slug":"la-judicializacion-de-los-luchadores-populares-va-de-la-mano-de-la-politica-represiva-que-tiene-el-gobierno","status":"publish","type":"post","link":"https:\/\/atecordoba.org\/?p=46053","title":{"rendered":"La judicializaci\u00f3n de los luchadores populares va de la mano de la pol\u00edtica represiva que tiene el Gobierno"},"content":{"rendered":"<h3 class=\"wp-block-heading\">Conversamos con Federico Giuliani, secretario general de ATE C\u00f3rdoba acerca de la criminalizaci\u00f3n de la protesta y la persecuci\u00f3n contra quienes encarnan la defensa de derechos en las calles. \u00abGeneran este intento de disciplinamiento a trav\u00e9s del miedo para que la gente no salga a protestar\u00bb se\u00f1al\u00f3.<\/h3>\n<p><a href=\"https:\/\/atecordoba.org\/wp-content\/uploads\/2024\/10\/Diseno-sin-titulo-100-1024x768-1.jpg\"><img loading=\"lazy\" decoding=\"async\" class=\"alignnone wp-image-46054 size-full\" src=\"https:\/\/atecordoba.org\/wp-content\/uploads\/2024\/10\/Diseno-sin-titulo-100-1024x768-1.jpg\" alt=\"\" width=\"1024\" height=\"768\" srcset=\"https:\/\/atecordoba.org\/wp-content\/uploads\/2024\/10\/Diseno-sin-titulo-100-1024x768-1.jpg 1024w, https:\/\/atecordoba.org\/wp-content\/uploads\/2024\/10\/Diseno-sin-titulo-100-1024x768-1-300x225.jpg 300w, https:\/\/atecordoba.org\/wp-content\/uploads\/2024\/10\/Diseno-sin-titulo-100-1024x768-1-768x576.jpg 768w, https:\/\/atecordoba.org\/wp-content\/uploads\/2024\/10\/Diseno-sin-titulo-100-1024x768-1-750x563.jpg 750w\" sizes=\"auto, (max-width: 1024px) 100vw, 1024px\" \/><\/a><\/p>\n<p>Actualmente,\u00a0<strong>hay varios procesos de judicializaci\u00f3n de luchadores populares o sindicalistas que reclaman contra las pol\u00edticas del gobierno nacional y los gobiernos provinciales.<\/strong><\/p>\n<p>Algunos ejemplos que se pueden mencionar es el de Pablo Bir\u00f3, secretario General de Asociaci\u00f3n de Pilotos de L\u00edneas A\u00e9reas quien\u00a0<strong>fue\u00a0echado\u00a0del Directorio de Aerol\u00edneas Argentinas en medio del conflicto salarial y\u00a0<a href=\"https:\/\/elresaltador.com.ar\/el-gobierno-nacional-declaro-sujeta-a-privatizacion-a-aerolineas-argentinas\/\" data-type=\"link\" data-id=\"https:\/\/elresaltador.com.ar\/el-gobierno-nacional-declaro-sujeta-a-privatizacion-a-aerolineas-argentinas\/\">la posible privatizaci\u00f3n de la empresa.<\/a><\/strong><\/p>\n<p>Tambi\u00e9n se puede mencionar el caso de Fernanda Mi\u00f1o, quien fue titular del Fondo de Integraci\u00f3n Socio Urbana (FISU) en Villa La Cava. La dirigente social fue v\u00edctima de un allanamiento perpetrado por la Polic\u00eda de la provincia de Buenos Aires, por el supuesto robo de una moto.<\/p>\n<p>Estos no son casos aislados y en C\u00f3rdoba tambi\u00e9n se replican. El secretario general de ATE C\u00f3rdoba y la CTA C\u00f3rdoba,<strong>\u00a0Federico Giuliani tambi\u00e9n es v\u00edctima de esta persecuci\u00f3n.<\/strong><\/p>\n<p>\u00abAc\u00e1 lo que hay que decir es que\u00a0<strong>el Gobierno de C\u00f3rdoba lleva adelante una pol\u00edtica criminalizaci\u00f3n de la protesta social<\/strong>\u00a0y judicializaci\u00f3n de los luchadores populares desde antes que asumiera Javier Milei\u00bb indic\u00f3 el dirigente sindical con quien conversamos.<\/p>\n<p>En este punto, Giuliani record\u00f3 que a partir de abril a\u00f1o pasado, por un fallo judicial que hizo lugar a un habeas corpus de la C\u00e1mara de Comercio,\u00a0<strong>movilizarse es un delito.<\/strong><\/p>\n<p>\u00abA los pocos d\u00edas de este fallo inconstitucional,\u00a0<strong>junto con cinco dirigentes piqueteros m\u00e1s nos meten dos causas: una es obstaculizaci\u00f3n del transporte p\u00fablico y otra desacato a la autoridad.\u00a0<\/strong>Eso signific\u00f3 que nos pintaran los dedos y que me sacaran el celular en una medida peligrosa que es para sacar de la cancha a los luchadores populares y sobre todo la organizaci\u00f3n es m\u00e1s combativas sean sindicales sociales o pol\u00edticas\u00bb.<\/p>\n<p>Actualmente,\u00a0<strong>la imputaci\u00f3n de obstaculizaci\u00f3n del transporte p\u00fablico fue elevada a juicio, mientras que por la de desacato a la autoridad, los imputados fueron absueltos.<\/strong><\/p>\n<p>Giuliani se\u00f1al\u00f3 adem\u00e1s que la situaci\u00f3n empeor\u00f3 a\u00fan m\u00e1s con la asunci\u00f3n de Javier Milei como presidente. En aquella ocasi\u00f3n, el 11 de diciembre desde ATE le realizaron el primer piquete al gobierno nacional, comenzando un proceso de lucha por la ola de despidos que hubo en el Estado Nacional.<\/p>\n<p>\u00abJavier Milei nos estigmatiz\u00f3 y gener\u00f3 que fu\u00e9ramos parte del relato en donde achicar el Estado significa despedir para despu\u00e9s vaciar las empresas y organismos p\u00fablicos para venderlos\u00bb puntualiz\u00f3.<\/p>\n<p>A su vez, indic\u00f3 que\u00a0<strong>el proceso de criminalizaci\u00f3n de la protesta tuvo un nuevo cap\u00edtulo en C\u00f3rdoba el 25 de mayo cuando el presidente vino a C\u00f3rdoba para celebrar la fecha patria.<\/strong><\/p>\n<p>\u00abEllos ven\u00edan a firmar el pacto de mayo y no lo lograron. Con ATE y la CTA generamos una movilizaci\u00f3n en el aeropuerto, que no le permiti\u00f3 trasladarse en veh\u00edculo hasta el centro y lo tuvo que hacer en helic\u00f3ptero. Ah\u00ed nosotros fuimos reprimidos por la Gendarmer\u00eda, nos fuimos al centro y como era un cabildo abierto quisimos saber de qu\u00e9 se trataba.\u00a0<strong>En esa situaci\u00f3n la polic\u00eda de la Provincia junto con la infanter\u00eda y la inteligencia de la Casa Rosada, nos impidi\u00f3 la entrada e inmediatamente sin mediar palabra hubo una represi\u00f3n desmedida\u00bb.<\/strong><\/p>\n<p>En la ocasi\u00f3n\u00a0<strong>hubo 14 trabajadores heridos de balas de goma constatadas en el Hospital Misericordia de C\u00f3rdoba. Giuliani recibi\u00f3 tres balazos<\/strong>. Consecutivamente, el martes 28 de mayo un grupo de Polic\u00eda Civil, sin aviso, allan\u00f3 su domicilio particular en R\u00edo Cuarto. \u00abObviamente la dan vuelta, se llevan otra vez un celular personal m\u00edo y un celular de mi hijo m\u00e1s chico, que justo estaba ah\u00ed\u00bb explic\u00f3 el dirigente.<\/p>\n<p>Nuevamente, es citado por la justicia, por lo que<strong>\u00a0al d\u00eda siguiente se presenta en Tribunales Federales 2, donde le pintaron los dedos y le fijaron una fianza de 10 millones de pesos para quedar en libertad.<\/strong><\/p>\n<p>\u00ab<strong>De lo que me acusaban era incitaci\u00f3n a la violencia e intimidaci\u00f3n p\u00fablica. Por \u00e9stas dos \u00faltimas imputaciones todav\u00eda no hemos sido citados<\/strong>\u00bb se\u00f1al\u00f3 Giuliani.<\/p>\n<blockquote class=\"wp-block-quote is-layout-flow wp-block-quote-is-layout-flow\"><p>En este contexto de crisis, de ajuste brutal que est\u00e1 llevando adelante Javier MileI pero tambi\u00e9n los gobiernos provinciales y municipales, tratan de generar que los actores que estamos en la calle, seamos disciplinados. Obviamente que yo en particular y la organizaci\u00f3n en general no hemos hecho caso y estamos en cada conflicto que hay en C\u00f3rdoba sea ambiental, pol\u00edtico o sindical con ATE y con la CTA.<\/p><\/blockquote>\n<p>Giuliani apunt\u00f3 que la criminalizaci\u00f3n de la protesta se sigue profundizando con las medidas del gobierno nacional como la aprobaci\u00f3n del \u00abprotocolo antipiquetes\u00bb gestado por la ministra de Seguridad, Patricia Bullrich.<\/p>\n<p>\u00abAdem\u00e1s del protocolo,\u00a0<strong>hay toda una pol\u00edtica de persecuci\u00f3n, de hostigamiento permanente de la Polic\u00eda de la Provincia de C\u00f3rdoba para con mi persona y para con ATE<\/strong>. Por ejemplo, cada vez que queremos salir del sindicato que hay una actividad ya sea un plenario una charla cultural o convocar una movilizaci\u00f3n est\u00e1 la polic\u00eda siempre antes, rodeando la manzana y siempre hay personal de civil de hecho\u00bb explicit\u00f3.<\/p>\n<p>Por este hostigamiento, desde el sindicato realizaron una presentaci\u00f3n jur\u00eddica a trav\u00e9s del abogado Cluadio Orosz. Particularmente,<strong>\u00a0tambi\u00e9n denunciaron que hubo actividad sospechosa desde uno de los tel\u00e9fonos que la polic\u00eda le quit\u00f3 en el allanamiento de su domicilio.<\/strong><\/p>\n<p>Tambi\u00e9n record\u00f3 que en la marcha del 20 de diciembre pasado, hubo personal de la Polic\u00eda Civil filmando, indicando que era una trabajadora de prensa.<\/p>\n<p>\u00abLa jefa de polic\u00eda termin\u00f3 confirmando que hacen inteligencia no s\u00f3lo en las movilizaciones sino en las redes sociales tambi\u00e9n\u00bb afirm\u00f3 el secretario general de ATE C\u00f3rdoba.<\/p>\n<h3 class=\"wp-block-heading\">Una propuesta hist\u00f3rica<\/h3>\n<p><strong>La criminalizaci\u00f3n de la protesta y la judicializaci\u00f3n de los luchadores populares no es algo nuevo<\/strong>, es casi un mecanismo que siempre se utiliz\u00f3 para mitigar las revueltas sociales y bajarle la espuma a la conflictividad.<\/p>\n<p>En parte, es lo que reafirma Giuliani: \u00abSon situaciones que para nosotros no son sorprendentes. Esto ahora est\u00e1 potenciado por el gobierno nacional y el protocolo que le da v\u00eda libre a una instituci\u00f3n policial o a la Gendarmer\u00eda. Tienen patrones de conducta y marcos internos que son de la dictadura militar. Tambi\u00e9n hablo de las polic\u00edas provinciales.\u00a0<strong>La de C\u00f3rdoba en particular ha sido una de las m\u00e1s represivas en los 70. No nos olvidemos que hubo un golpe de Estado policial y que lo llev\u00f3 adelante el jefe de la polic\u00eda que se llamaba Navarro que gener\u00f3 el famoso Navarrazo que lo volte\u00f3 a Obreg\u00f3n Cano en febrero del 74<\/strong>\u00ab.<\/p>\n<p><strong>\u00abSi los referentes est\u00e1n judicializados \u00bfqu\u00e9 le queda a un ciudadano de a pie?\u00bb\u00a0<\/strong>se pregunta el dirigente sindical.<\/p>\n<p>A su vez, profundiz\u00f3 la situaci\u00f3n y destac\u00f3 que se trata de un intento de disciplinamiento a trav\u00e9s del miedo para que la gente no salga a protestar.<\/p>\n<p>\u00abLo que no tienen en cuenta, es que cuando la gente tiene hambre o pierde el trabajo va a salir igual a reclamar y no le van a alcanzar las c\u00e1rceles para llenarla de luchadores populares que est\u00e9n en procesos de judicializaci\u00f3n\u00bb, afirm\u00f3.<\/p>\n<p>En este sentido, indic\u00f3 que buscan limitar y disminuir la protesta social y sacar de la cancha a quienes le hacen frente al ajuste propuesto por el estado nacional y los gobiernos provinciales.<\/p>\n<blockquote class=\"wp-block-quote is-layout-flow wp-block-quote-is-layout-flow\"><p>Hay un paraguas que los favorece que tiene que ver con este protocolo antipiquetes y el accionar de la justicia que\u00a0<strong>es r\u00e1pida y dura con los d\u00e9bile, los pobres y los luchadores pero es cari\u00f1osa y domesticada con los grupos poderosos.<\/strong><\/p><\/blockquote>\n<p>Finalmente, para concluir, Giuliani indic\u00f3 \u00abla judicializaci\u00f3n de los luchadores populares se viene dando en algunas provincias de la Argentina y que va de la mano de esta pol\u00edtica represiva y la mirada punitiva que tiene el Gobierno Nacional.\u00a0<strong>En lugar de atacar el origen de las movilizaciones y los conflictos como el hambre y la pobreza, proponen despidos y privatizaciones. Y cuando hay este tipo de ajuste al pueblo, la sociedad en su conjunto sale a movilizarse<\/strong>\u00ab.<\/p>\n<p>&nbsp;<\/p>\n","protected":false},"excerpt":{"rendered":"<p>Conversamos con Federico Giuliani, secretario general de ATE C\u00f3rdoba acerca de la criminalizaci\u00f3n de la protesta y la persecuci\u00f3n contra quienes encarnan la defensa de derechos en las calles. \u00abGeneran este intento de disciplinamiento a trav\u00e9s del miedo para que la gente no salga a protestar\u00bb se\u00f1al\u00f3. Actualmente,\u00a0hay varios procesos de judicializaci\u00f3n de luchadores populares [&hellip;]<\/p>\n","protected":false},"author":3,"featured_media":46054,"comment_status":"open","ping_status":"open","sticky":false,"template":"","format":"standard","meta":{"_exactmetrics_skip_tracking":false,"_exactmetrics_sitenote_active":false,"_exactmetrics_sitenote_note":"","_exactmetrics_sitenote_category":0,"jnews-multi-image_gallery":[],"jnews_single_post":{"format":"standard","override":[{"template":"1","parallax":"1","fullscreen":"1","layout":"no-sidebar-narrow","sidebar":"default-sidebar","second_sidebar":"default-sidebar","sticky_sidebar":"1","share_position":"bottom","share_float_style":"share-monocrhome","show_share_counter":"1","show_view_counter":"1","show_post_meta":"1","show_post_author_image":"1","show_post_date":"1","post_date_format":"default","post_date_format_custom":"Y\/m\/d","show_post_category":"1","show_post_reading_time":"0","post_reading_time_wpm":"300","post_calculate_word_method":"str_word_count","show_zoom_button":"0","zoom_button_out_step":"2","zoom_button_in_step":"3","show_post_tag":"1","number_popup_post":"1","show_post_related":"1","show_inline_post_related":"0"}],"image_override":[{"single_post_thumbnail_size":"crop-500","single_post_gallery_size":"crop-500"}],"trending_post_position":"meta","trending_post_label":"Trending","sponsored_post_label":"Sponsored by","disable_ad":"0"},"jnews_primary_category":[],"jnews_social_meta":[],"jnews_review":[],"enable_review":"","type":"percentage","name":"","summary":"","brand":"","sku":"","good":[],"bad":[],"score_override":"","override_value":"","rating":[],"price":[],"jnews_override_counter":{"view_counter_number":"0","share_counter_number":"0","like_counter_number":"0","dislike_counter_number":"0"},"jnews_post_split":{"post_split":[{"template":"1","tag":"h2","numbering":"asc","mode":"normal","first":"0","enable_toc":"0","toc_type":"normal"}]},"footnotes":""},"categories":[10],"tags":[],"class_list":["post-46053","post","type-post","status-publish","format-standard","has-post-thumbnail","hentry","category-accion-politica"],"jetpack_featured_media_url":"https:\/\/atecordoba.org\/wp-content\/uploads\/2024\/10\/Diseno-sin-titulo-100-1024x768-1.jpg","_links":{"self":[{"href":"https:\/\/atecordoba.org\/index.php?rest_route=\/wp\/v2\/posts\/46053","targetHints":{"allow":["GET"]}}],"collection":[{"href":"https:\/\/atecordoba.org\/index.php?rest_route=\/wp\/v2\/posts"}],"about":[{"href":"https:\/\/atecordoba.org\/index.php?rest_route=\/wp\/v2\/types\/post"}],"author":[{"embeddable":true,"href":"https:\/\/atecordoba.org\/index.php?rest_route=\/wp\/v2\/users\/3"}],"replies":[{"embeddable":true,"href":"https:\/\/atecordoba.org\/index.php?rest_route=%2Fwp%2Fv2%2Fcomments&post=46053"}],"version-history":[{"count":1,"href":"https:\/\/atecordoba.org\/index.php?rest_route=\/wp\/v2\/posts\/46053\/revisions"}],"predecessor-version":[{"id":46055,"href":"https:\/\/atecordoba.org\/index.php?rest_route=\/wp\/v2\/posts\/46053\/revisions\/46055"}],"wp:featuredmedia":[{"embeddable":true,"href":"https:\/\/atecordoba.org\/index.php?rest_route=\/wp\/v2\/media\/46054"}],"wp:attachment":[{"href":"https:\/\/atecordoba.org\/index.php?rest_route=%2Fwp%2Fv2%2Fmedia&parent=46053"}],"wp:term":[{"taxonomy":"category","embeddable":true,"href":"https:\/\/atecordoba.org\/index.php?rest_route=%2Fwp%2Fv2%2Fcategories&post=46053"},{"taxonomy":"post_tag","embeddable":true,"href":"https:\/\/atecordoba.org\/index.php?rest_route=%2Fwp%2Fv2%2Ftags&post=46053"}],"curies":[{"name":"wp","href":"https:\/\/api.w.org\/{rel}","templated":true}]}}