{"id":46031,"date":"2024-10-10T14:56:35","date_gmt":"2024-10-10T17:56:35","guid":{"rendered":"https:\/\/atecordoba.org\/?p=46031"},"modified":"2024-10-10T15:11:11","modified_gmt":"2024-10-10T18:11:11","slug":"protesta-en-mendiolaza-paro-asamblea-y-corte-de-ruta-en-reclamo-por-sueldos-impagos-y-amenazas-de-despidos","status":"publish","type":"post","link":"https:\/\/atecordoba.org\/?p=46031","title":{"rendered":"Protesta en Mendiolaza: Paro, Asamblea y Corte de Ruta en Reclamo por Sueldos Impagos y Amenazas de Despidos"},"content":{"rendered":"<p><img loading=\"lazy\" decoding=\"async\" src=\"https:\/\/atecordoba.org\/wp-content\/uploads\/2024\/10\/10000333315431414967485349843.jpg\" class=\"wp-image-46040 alignnone size-full\" width=\"2000\" height=\"1500\" srcset=\"https:\/\/atecordoba.org\/wp-content\/uploads\/2024\/10\/10000333315431414967485349843.jpg 2000w, https:\/\/atecordoba.org\/wp-content\/uploads\/2024\/10\/10000333315431414967485349843-300x225.jpg 300w, https:\/\/atecordoba.org\/wp-content\/uploads\/2024\/10\/10000333315431414967485349843-1024x768.jpg 1024w, https:\/\/atecordoba.org\/wp-content\/uploads\/2024\/10\/10000333315431414967485349843-768x576.jpg 768w, https:\/\/atecordoba.org\/wp-content\/uploads\/2024\/10\/10000333315431414967485349843-1536x1152.jpg 1536w, https:\/\/atecordoba.org\/wp-content\/uploads\/2024\/10\/10000333315431414967485349843-750x563.jpg 750w, https:\/\/atecordoba.org\/wp-content\/uploads\/2024\/10\/10000333315431414967485349843-1140x855.jpg 1140w\" sizes=\"auto, (max-width: 2000px) 100vw, 2000px\" \/><\/p>\n<p>El d\u00eda de hoy, <strong>ATE C\u00f3rdoba<\/strong> llev\u00f3 a cabo una jornada de <strong>paro, asamblea y movilizaci\u00f3n con corte de ruta<\/strong> en la localidad de Mendiolaza, en respuesta a la falta de pago de salarios y las amenazas de despidos masivos en el municipio. Esta medida fue convocada como parte de la lucha en defensa de los derechos laborales de las y los trabajadores municipales, quienes enfrentan una situaci\u00f3n cada vez m\u00e1s cr\u00edtica.<\/p>\n<p><img loading=\"lazy\" decoding=\"async\" src=\"https:\/\/atecordoba.org\/wp-content\/uploads\/2024\/10\/img-20241010-wa00527943279647665297156.jpg\" class=\"wp-image-46042 alignnone size-full\" width=\"2000\" height=\"1502\" srcset=\"https:\/\/atecordoba.org\/wp-content\/uploads\/2024\/10\/img-20241010-wa00527943279647665297156.jpg 2000w, https:\/\/atecordoba.org\/wp-content\/uploads\/2024\/10\/img-20241010-wa00527943279647665297156-300x225.jpg 300w, https:\/\/atecordoba.org\/wp-content\/uploads\/2024\/10\/img-20241010-wa00527943279647665297156-1024x769.jpg 1024w, https:\/\/atecordoba.org\/wp-content\/uploads\/2024\/10\/img-20241010-wa00527943279647665297156-768x577.jpg 768w, https:\/\/atecordoba.org\/wp-content\/uploads\/2024\/10\/img-20241010-wa00527943279647665297156-1536x1154.jpg 1536w, https:\/\/atecordoba.org\/wp-content\/uploads\/2024\/10\/img-20241010-wa00527943279647665297156-750x563.jpg 750w, https:\/\/atecordoba.org\/wp-content\/uploads\/2024\/10\/img-20241010-wa00527943279647665297156-1140x856.jpg 1140w\" sizes=\"auto, (max-width: 2000px) 100vw, 2000px\" \/><\/p>\n<h3><img loading=\"lazy\" decoding=\"async\" src=\"https:\/\/atecordoba.org\/wp-content\/uploads\/2024\/10\/img-20241010-wa00556730233302921452495.jpg\" class=\"wp-image-46045 alignnone size-full\" width=\"2000\" height=\"1502\" srcset=\"https:\/\/atecordoba.org\/wp-content\/uploads\/2024\/10\/img-20241010-wa00556730233302921452495.jpg 2000w, https:\/\/atecordoba.org\/wp-content\/uploads\/2024\/10\/img-20241010-wa00556730233302921452495-300x225.jpg 300w, https:\/\/atecordoba.org\/wp-content\/uploads\/2024\/10\/img-20241010-wa00556730233302921452495-1024x769.jpg 1024w, https:\/\/atecordoba.org\/wp-content\/uploads\/2024\/10\/img-20241010-wa00556730233302921452495-768x577.jpg 768w, https:\/\/atecordoba.org\/wp-content\/uploads\/2024\/10\/img-20241010-wa00556730233302921452495-1536x1154.jpg 1536w, https:\/\/atecordoba.org\/wp-content\/uploads\/2024\/10\/img-20241010-wa00556730233302921452495-750x563.jpg 750w, https:\/\/atecordoba.org\/wp-content\/uploads\/2024\/10\/img-20241010-wa00556730233302921452495-1140x856.jpg 1140w\" sizes=\"auto, (max-width: 2000px) 100vw, 2000px\" \/><\/h3>\n<h3><\/h3>\n<h3><img loading=\"lazy\" decoding=\"async\" src=\"https:\/\/atecordoba.org\/wp-content\/uploads\/2024\/10\/img-20241010-wa00418503462971464123660.jpg\" class=\"wp-image-46044 alignnone size-full\" width=\"2000\" height=\"1502\" srcset=\"https:\/\/atecordoba.org\/wp-content\/uploads\/2024\/10\/img-20241010-wa00418503462971464123660.jpg 2000w, https:\/\/atecordoba.org\/wp-content\/uploads\/2024\/10\/img-20241010-wa00418503462971464123660-300x225.jpg 300w, https:\/\/atecordoba.org\/wp-content\/uploads\/2024\/10\/img-20241010-wa00418503462971464123660-1024x769.jpg 1024w, https:\/\/atecordoba.org\/wp-content\/uploads\/2024\/10\/img-20241010-wa00418503462971464123660-768x577.jpg 768w, https:\/\/atecordoba.org\/wp-content\/uploads\/2024\/10\/img-20241010-wa00418503462971464123660-1536x1154.jpg 1536w, https:\/\/atecordoba.org\/wp-content\/uploads\/2024\/10\/img-20241010-wa00418503462971464123660-750x563.jpg 750w, https:\/\/atecordoba.org\/wp-content\/uploads\/2024\/10\/img-20241010-wa00418503462971464123660-1140x856.jpg 1140w\" sizes=\"auto, (max-width: 2000px) 100vw, 2000px\" \/><\/h3>\n<h3><img loading=\"lazy\" decoding=\"async\" src=\"https:\/\/atecordoba.org\/wp-content\/uploads\/2024\/10\/img-20241010-wa00514537406485322820033.jpg\" class=\"wp-image-46043 alignnone size-full\" width=\"2000\" height=\"1502\" srcset=\"https:\/\/atecordoba.org\/wp-content\/uploads\/2024\/10\/img-20241010-wa00514537406485322820033.jpg 2000w, https:\/\/atecordoba.org\/wp-content\/uploads\/2024\/10\/img-20241010-wa00514537406485322820033-300x225.jpg 300w, https:\/\/atecordoba.org\/wp-content\/uploads\/2024\/10\/img-20241010-wa00514537406485322820033-1024x769.jpg 1024w, https:\/\/atecordoba.org\/wp-content\/uploads\/2024\/10\/img-20241010-wa00514537406485322820033-768x577.jpg 768w, https:\/\/atecordoba.org\/wp-content\/uploads\/2024\/10\/img-20241010-wa00514537406485322820033-1536x1154.jpg 1536w, https:\/\/atecordoba.org\/wp-content\/uploads\/2024\/10\/img-20241010-wa00514537406485322820033-750x563.jpg 750w, https:\/\/atecordoba.org\/wp-content\/uploads\/2024\/10\/img-20241010-wa00514537406485322820033-1140x856.jpg 1140w\" sizes=\"auto, (max-width: 2000px) 100vw, 2000px\" \/><\/h3>\n<h3>Participaci\u00f3n de ATE C\u00f3rdoba y Delegados Municipales<\/h3>\n<p>El plenario y la movilizaci\u00f3n contaron con la participaci\u00f3n de importantes referentes de ATE C\u00f3rdoba, entre ellos el secretario general <strong>Federico Giuliani<\/strong>, el secretario gremial <strong>Jorge Chalup<\/strong>, el secretario de Derechos Humanos <strong>C\u00e9sar Theaux<\/strong>, el secretario de interior <strong>Diego Ch\u00e1vez <\/strong>y el secretario de organizaci\u00f3n<strong> Javier Bracamonte <\/strong>junto a delegados y delegadas municipales de distintos sectores de la provincia.<\/p>\n<p><img loading=\"lazy\" decoding=\"async\" src=\"https:\/\/atecordoba.org\/wp-content\/uploads\/2024\/10\/img-20241010-wa00142884646639036364302.jpg\" class=\"alignnone size-full wp-image-46047\" width=\"2000\" height=\"1500\" srcset=\"https:\/\/atecordoba.org\/wp-content\/uploads\/2024\/10\/img-20241010-wa00142884646639036364302.jpg 2000w, https:\/\/atecordoba.org\/wp-content\/uploads\/2024\/10\/img-20241010-wa00142884646639036364302-300x225.jpg 300w, https:\/\/atecordoba.org\/wp-content\/uploads\/2024\/10\/img-20241010-wa00142884646639036364302-1024x768.jpg 1024w, https:\/\/atecordoba.org\/wp-content\/uploads\/2024\/10\/img-20241010-wa00142884646639036364302-768x576.jpg 768w, https:\/\/atecordoba.org\/wp-content\/uploads\/2024\/10\/img-20241010-wa00142884646639036364302-1536x1152.jpg 1536w, https:\/\/atecordoba.org\/wp-content\/uploads\/2024\/10\/img-20241010-wa00142884646639036364302-750x563.jpg 750w, https:\/\/atecordoba.org\/wp-content\/uploads\/2024\/10\/img-20241010-wa00142884646639036364302-1140x855.jpg 1140w\" sizes=\"auto, (max-width: 2000px) 100vw, 2000px\" \/><\/p>\n<h3><img loading=\"lazy\" decoding=\"async\" src=\"https:\/\/atecordoba.org\/wp-content\/uploads\/2024\/10\/img-20241010-wa0013570663213848931977.jpg\" class=\"alignnone size-full wp-image-46046\" width=\"2000\" height=\"1502\" srcset=\"https:\/\/atecordoba.org\/wp-content\/uploads\/2024\/10\/img-20241010-wa0013570663213848931977.jpg 2000w, https:\/\/atecordoba.org\/wp-content\/uploads\/2024\/10\/img-20241010-wa0013570663213848931977-300x225.jpg 300w, https:\/\/atecordoba.org\/wp-content\/uploads\/2024\/10\/img-20241010-wa0013570663213848931977-1024x769.jpg 1024w, https:\/\/atecordoba.org\/wp-content\/uploads\/2024\/10\/img-20241010-wa0013570663213848931977-768x577.jpg 768w, https:\/\/atecordoba.org\/wp-content\/uploads\/2024\/10\/img-20241010-wa0013570663213848931977-1536x1154.jpg 1536w, https:\/\/atecordoba.org\/wp-content\/uploads\/2024\/10\/img-20241010-wa0013570663213848931977-750x563.jpg 750w, https:\/\/atecordoba.org\/wp-content\/uploads\/2024\/10\/img-20241010-wa0013570663213848931977-1140x856.jpg 1140w\" sizes=\"auto, (max-width: 2000px) 100vw, 2000px\" \/><\/h3>\n<h3>Reclamos: Sueldos Impagos y Amenaza de Despidos<\/h3>\n<p>El motivo principal de la protesta es la <strong>falta de pago del \u00faltimo salario<\/strong> a los trabajadores municipales, sumado a las amenazas de <strong>64 despidos<\/strong>. Seg\u00fan lo denunciado por ATE, la gesti\u00f3n de la intendenta <strong>Adela Arning<\/strong> contin\u00faa argumentando dificultades financieras en el municipio, sin embargo, ha sido se\u00f1alado que mantiene salarios altos para m\u00e1s de 30 asesores provenientes de Ciudad Aut\u00f3noma de Buenos Aires, en lugar de garantizar el pago a los trabajadores locales.<\/p>\n<p><img loading=\"lazy\" decoding=\"async\" src=\"https:\/\/atecordoba.org\/wp-content\/uploads\/2024\/10\/img-20241010-wa00113445271222943566679.jpg\" class=\"wp-image-46048 alignnone size-full\" width=\"2000\" height=\"1502\" srcset=\"https:\/\/atecordoba.org\/wp-content\/uploads\/2024\/10\/img-20241010-wa00113445271222943566679.jpg 2000w, https:\/\/atecordoba.org\/wp-content\/uploads\/2024\/10\/img-20241010-wa00113445271222943566679-300x225.jpg 300w, https:\/\/atecordoba.org\/wp-content\/uploads\/2024\/10\/img-20241010-wa00113445271222943566679-1024x769.jpg 1024w, https:\/\/atecordoba.org\/wp-content\/uploads\/2024\/10\/img-20241010-wa00113445271222943566679-768x577.jpg 768w, https:\/\/atecordoba.org\/wp-content\/uploads\/2024\/10\/img-20241010-wa00113445271222943566679-1536x1154.jpg 1536w, https:\/\/atecordoba.org\/wp-content\/uploads\/2024\/10\/img-20241010-wa00113445271222943566679-750x563.jpg 750w, https:\/\/atecordoba.org\/wp-content\/uploads\/2024\/10\/img-20241010-wa00113445271222943566679-1140x856.jpg 1140w\" sizes=\"auto, (max-width: 2000px) 100vw, 2000px\" \/><\/p>\n<h3><img loading=\"lazy\" decoding=\"async\" src=\"https:\/\/atecordoba.org\/wp-content\/uploads\/2024\/10\/img-20241010-wa00314396037584411770076.jpg\" class=\"wp-image-46049 alignnone size-full\" width=\"2000\" height=\"1502\" srcset=\"https:\/\/atecordoba.org\/wp-content\/uploads\/2024\/10\/img-20241010-wa00314396037584411770076.jpg 2000w, https:\/\/atecordoba.org\/wp-content\/uploads\/2024\/10\/img-20241010-wa00314396037584411770076-300x225.jpg 300w, https:\/\/atecordoba.org\/wp-content\/uploads\/2024\/10\/img-20241010-wa00314396037584411770076-1024x769.jpg 1024w, https:\/\/atecordoba.org\/wp-content\/uploads\/2024\/10\/img-20241010-wa00314396037584411770076-768x577.jpg 768w, https:\/\/atecordoba.org\/wp-content\/uploads\/2024\/10\/img-20241010-wa00314396037584411770076-1536x1154.jpg 1536w, https:\/\/atecordoba.org\/wp-content\/uploads\/2024\/10\/img-20241010-wa00314396037584411770076-750x563.jpg 750w, https:\/\/atecordoba.org\/wp-content\/uploads\/2024\/10\/img-20241010-wa00314396037584411770076-1140x856.jpg 1140w\" sizes=\"auto, (max-width: 2000px) 100vw, 2000px\" \/><\/h3>\n<h3>Declaraciones de Federico Giuliani<\/h3>\n<p>Durante la jornada de protesta, el secretario general de ATE C\u00f3rdoba, <strong>Federico Giuliani<\/strong>, declar\u00f3:<\/p>\n<blockquote><p>&#8220;La intendente, vicepresidenta del PRO a nivel nacional, pretende pasar el ajuste a los trabajadores municipales con 67 despidos y sueldos impagos. No vamos a permitir que se juegue con los salarios de la gente ni con el pan de nuestras familias. Mientras se nos acusa del supuesto d\u00e9ficit, la intendenta trajo 30 funcionarios de Buenos Aires con salarios millonarios que viven en barrios privados de Mendiolaza. Exigimos una soluci\u00f3n inmediata&#8221;.<\/p><\/blockquote>\n<h3>Pr\u00f3ximas Acciones<\/h3>\n<p>La movilizaci\u00f3n de hoy es solo el comienzo de un plan de lucha que se intensificar\u00e1 si no se reciben respuestas concretas. ATE C\u00f3rdoba ya ha convocado a una nueva jornada de paro y movilizaci\u00f3n para el <strong>lunes 14 de octubre<\/strong> si no se cumple con el pago de los salarios adeudados y se detienen las amenazas de despidos.<\/p>\n<p>Desde ATE C\u00f3rdoba, reafirmamos nuestro compromiso en la defensa de los derechos de las y los trabajadores municipales y no descansaremos hasta lograr justicia.<\/p>\n","protected":false},"excerpt":{"rendered":"<p>El d\u00eda de hoy, ATE C\u00f3rdoba llev\u00f3 a cabo una jornada de paro, asamblea y movilizaci\u00f3n con corte de ruta en la localidad de Mendiolaza, en respuesta a la falta de pago de salarios y las amenazas de despidos masivos en el municipio. Esta medida fue convocada como parte de la lucha en defensa de [&hellip;]<\/p>\n","protected":false},"author":3,"featured_media":46050,"comment_status":"open","ping_status":"open","sticky":false,"template":"","format":"standard","meta":{"_exactmetrics_skip_tracking":false,"_exactmetrics_sitenote_active":false,"_exactmetrics_sitenote_note":"","_exactmetrics_sitenote_category":0,"jnews-multi-image_gallery":[],"jnews_single_post":{"format":"standard","override":[{"template":"1","parallax":"1","fullscreen":"1","layout":"no-sidebar-narrow","sidebar":"default-sidebar","second_sidebar":"default-sidebar","sticky_sidebar":"1","share_position":"bottom","share_float_style":"share-monocrhome","show_share_counter":"1","show_view_counter":"1","show_post_meta":"1","show_post_author_image":"1","show_post_date":"1","post_date_format":"default","post_date_format_custom":"Y\/m\/d","show_post_category":"1","show_post_reading_time":"0","post_reading_time_wpm":"300","post_calculate_word_method":"str_word_count","show_zoom_button":"0","zoom_button_out_step":"2","zoom_button_in_step":"3","show_post_tag":"1","number_popup_post":"1","show_post_related":"1","show_inline_post_related":"0"}],"image_override":[{"single_post_thumbnail_size":"crop-500","single_post_gallery_size":"crop-500"}],"trending_post_position":"meta","trending_post_label":"Trending","sponsored_post_label":"Sponsored by","disable_ad":"0"},"jnews_primary_category":[],"jnews_social_meta":[],"jnews_review":[],"enable_review":"","type":"percentage","name":"","summary":"","brand":"","sku":"","good":[],"bad":[],"score_override":"","override_value":"","rating":[],"price":[],"jnews_override_counter":{"view_counter_number":"0","share_counter_number":"0","like_counter_number":"0","dislike_counter_number":"0"},"jnews_post_split":{"post_split":[{"template":"1","tag":"h2","numbering":"asc","mode":"normal","first":"0","enable_toc":"0","toc_type":"normal"}]},"footnotes":""},"categories":[20,1],"tags":[],"class_list":["post-46031","post","type-post","status-publish","format-standard","has-post-thumbnail","hentry","category-municipales","category-sin-categoria"],"jetpack_featured_media_url":"https:\/\/atecordoba.org\/wp-content\/uploads\/2024\/10\/IMG-20241010-WA0010-scaled.jpg","_links":{"self":[{"href":"https:\/\/atecordoba.org\/index.php?rest_route=\/wp\/v2\/posts\/46031","targetHints":{"allow":["GET"]}}],"collection":[{"href":"https:\/\/atecordoba.org\/index.php?rest_route=\/wp\/v2\/posts"}],"about":[{"href":"https:\/\/atecordoba.org\/index.php?rest_route=\/wp\/v2\/types\/post"}],"author":[{"embeddable":true,"href":"https:\/\/atecordoba.org\/index.php?rest_route=\/wp\/v2\/users\/3"}],"replies":[{"embeddable":true,"href":"https:\/\/atecordoba.org\/index.php?rest_route=%2Fwp%2Fv2%2Fcomments&post=46031"}],"version-history":[{"count":2,"href":"https:\/\/atecordoba.org\/index.php?rest_route=\/wp\/v2\/posts\/46031\/revisions"}],"predecessor-version":[{"id":46051,"href":"https:\/\/atecordoba.org\/index.php?rest_route=\/wp\/v2\/posts\/46031\/revisions\/46051"}],"wp:featuredmedia":[{"embeddable":true,"href":"https:\/\/atecordoba.org\/index.php?rest_route=\/wp\/v2\/media\/46050"}],"wp:attachment":[{"href":"https:\/\/atecordoba.org\/index.php?rest_route=%2Fwp%2Fv2%2Fmedia&parent=46031"}],"wp:term":[{"taxonomy":"category","embeddable":true,"href":"https:\/\/atecordoba.org\/index.php?rest_route=%2Fwp%2Fv2%2Fcategories&post=46031"},{"taxonomy":"post_tag","embeddable":true,"href":"https:\/\/atecordoba.org\/index.php?rest_route=%2Fwp%2Fv2%2Ftags&post=46031"}],"curies":[{"name":"wp","href":"https:\/\/api.w.org\/{rel}","templated":true}]}}