{"id":46028,"date":"2024-10-10T11:47:23","date_gmt":"2024-10-10T14:47:23","guid":{"rendered":"https:\/\/atecordoba.org\/?p=46028"},"modified":"2024-10-10T11:48:28","modified_gmt":"2024-10-10T14:48:28","slug":"emiliano-baum-de-conae-participo-en-el-debate-sobre-inteligencia-artificial-en-la-camara-de-diputados","status":"publish","type":"post","link":"https:\/\/atecordoba.org\/?p=46028","title":{"rendered":"Emiliano Baum de CONAE particip\u00f3 en el debate sobre Inteligencia Artificial en la C\u00e1mara de Diputados"},"content":{"rendered":"\n<figure class=\"wp-block-image size-large\"><img loading=\"lazy\" decoding=\"async\" width=\"1024\" height=\"768\" src=\"https:\/\/atecordoba.org\/wp-content\/uploads\/2024\/10\/img-20241010-wa00054934977256285764642-1024x768.jpg\" alt=\"\" class=\"wp-image-46026\" srcset=\"https:\/\/atecordoba.org\/wp-content\/uploads\/2024\/10\/img-20241010-wa00054934977256285764642-1024x768.jpg 1024w, https:\/\/atecordoba.org\/wp-content\/uploads\/2024\/10\/img-20241010-wa00054934977256285764642-300x225.jpg 300w, https:\/\/atecordoba.org\/wp-content\/uploads\/2024\/10\/img-20241010-wa00054934977256285764642-768x576.jpg 768w, https:\/\/atecordoba.org\/wp-content\/uploads\/2024\/10\/img-20241010-wa00054934977256285764642-1536x1152.jpg 1536w, https:\/\/atecordoba.org\/wp-content\/uploads\/2024\/10\/img-20241010-wa00054934977256285764642-750x563.jpg 750w, https:\/\/atecordoba.org\/wp-content\/uploads\/2024\/10\/img-20241010-wa00054934977256285764642-1140x855.jpg 1140w, https:\/\/atecordoba.org\/wp-content\/uploads\/2024\/10\/img-20241010-wa00054934977256285764642.jpg 1600w\" sizes=\"auto, (max-width: 1024px) 100vw, 1024px\" \/><\/figure>\n\n\n\n<p><br>Ayer, Emiliano Baum, delegado de ATE en la Comisi\u00f3n Nacional de Actividades Espaciales (CONAE), particip\u00f3 en un importante debate organizado por la Comisi\u00f3n de Ciencia y T\u00e9cnica de la C\u00e1mara de Diputados, enfocado en el impacto de la Inteligencia Artificial en el trabajo y la vida pol\u00edtica. Baum comparti\u00f3 espacio con figuras como el diputado Daniel Goyan (UxP)<\/p>\n\n\n\n<p> Previamente, hubo una reuni\u00f3n donde se discuti\u00f3 la situaci\u00f3n de los sectores de ciencia y tecnolog\u00eda, subrayando la urgencia de coordinar esfuerzos con la Mesa Federal de Tecnolog\u00eda para resistir los embates del gobierno nacional.<br><br>Este debate es parte de un esfuerzo m\u00e1s amplio para reflexionar sobre c\u00f3mo las tecnolog\u00edas emergentes est\u00e1n transformando el \u00e1mbito laboral y qu\u00e9 desaf\u00edos representan para los derechos de las y los trabajadores.<\/p>\n\n\n\n<p><\/p>\n","protected":false},"excerpt":{"rendered":"<p>Ayer, Emiliano Baum, delegado de ATE en la Comisi\u00f3n Nacional de Actividades Espaciales (CONAE), particip\u00f3 en un importante debate organizado por la Comisi\u00f3n de Ciencia y T\u00e9cnica de la C\u00e1mara de Diputados, enfocado en el impacto de la Inteligencia Artificial en el trabajo y la vida pol\u00edtica. Baum comparti\u00f3 espacio con figuras como el diputado [&hellip;]<\/p>\n","protected":false},"author":3,"featured_media":46027,"comment_status":"open","ping_status":"open","sticky":false,"template":"","format":"standard","meta":{"_exactmetrics_skip_tracking":false,"_exactmetrics_sitenote_active":false,"_exactmetrics_sitenote_note":"","_exactmetrics_sitenote_category":0,"jnews-multi-image_gallery":[],"jnews_single_post":[],"jnews_primary_category":[],"jnews_social_meta":[],"jnews_review":[],"enable_review":"","type":"","name":"","summary":"","brand":"","sku":"","good":[],"bad":[],"score_override":"","override_value":"","rating":[],"price":[],"jnews_override_counter":[],"jnews_post_split":[],"footnotes":""},"categories":[10],"tags":[],"class_list":["post-46028","post","type-post","status-publish","format-standard","has-post-thumbnail","hentry","category-accion-politica"],"jetpack_featured_media_url":"https:\/\/atecordoba.org\/wp-content\/uploads\/2024\/10\/IMG-20241010-WA0005.jpg","_links":{"self":[{"href":"https:\/\/atecordoba.org\/index.php?rest_route=\/wp\/v2\/posts\/46028","targetHints":{"allow":["GET"]}}],"collection":[{"href":"https:\/\/atecordoba.org\/index.php?rest_route=\/wp\/v2\/posts"}],"about":[{"href":"https:\/\/atecordoba.org\/index.php?rest_route=\/wp\/v2\/types\/post"}],"author":[{"embeddable":true,"href":"https:\/\/atecordoba.org\/index.php?rest_route=\/wp\/v2\/users\/3"}],"replies":[{"embeddable":true,"href":"https:\/\/atecordoba.org\/index.php?rest_route=%2Fwp%2Fv2%2Fcomments&post=46028"}],"version-history":[{"count":1,"href":"https:\/\/atecordoba.org\/index.php?rest_route=\/wp\/v2\/posts\/46028\/revisions"}],"predecessor-version":[{"id":46029,"href":"https:\/\/atecordoba.org\/index.php?rest_route=\/wp\/v2\/posts\/46028\/revisions\/46029"}],"wp:featuredmedia":[{"embeddable":true,"href":"https:\/\/atecordoba.org\/index.php?rest_route=\/wp\/v2\/media\/46027"}],"wp:attachment":[{"href":"https:\/\/atecordoba.org\/index.php?rest_route=%2Fwp%2Fv2%2Fmedia&parent=46028"}],"wp:term":[{"taxonomy":"category","embeddable":true,"href":"https:\/\/atecordoba.org\/index.php?rest_route=%2Fwp%2Fv2%2Fcategories&post=46028"},{"taxonomy":"post_tag","embeddable":true,"href":"https:\/\/atecordoba.org\/index.php?rest_route=%2Fwp%2Fv2%2Ftags&post=46028"}],"curies":[{"name":"wp","href":"https:\/\/api.w.org\/{rel}","templated":true}]}}