{"id":46023,"date":"2024-10-09T14:38:11","date_gmt":"2024-10-09T17:38:11","guid":{"rendered":"https:\/\/atecordoba.org\/?p=46023"},"modified":"2024-10-09T14:38:25","modified_gmt":"2024-10-09T17:38:25","slug":"paro-de-48-horas-de-los-trabajadores-municipales-de-mendiolaza-por-el-conflicto-salarial","status":"publish","type":"post","link":"https:\/\/atecordoba.org\/?p=46023","title":{"rendered":"Paro de 48 horas de los trabajadores municipales de Mendiolaza por el conflicto salarial"},"content":{"rendered":"<h5 class=\"article__headline\"><em>El municipio de Sierras Chicas atraviesa una profunda crisis econ\u00f3mica y sus empleados tomaron medidas de fuerza que afectan la normal atenci\u00f3n a los habitantes de la localidad.<\/em><\/h5>\n<p><a href=\"https:\/\/atecordoba.org\/wp-content\/uploads\/2024\/10\/paro-mendiolaza-1888321.webp\"><img loading=\"lazy\" decoding=\"async\" class=\"alignnone wp-image-46024 size-full\" src=\"https:\/\/atecordoba.org\/wp-content\/uploads\/2024\/10\/paro-mendiolaza-1888321.webp\" alt=\"\" width=\"987\" height=\"555\" srcset=\"https:\/\/atecordoba.org\/wp-content\/uploads\/2024\/10\/paro-mendiolaza-1888321.webp 987w, https:\/\/atecordoba.org\/wp-content\/uploads\/2024\/10\/paro-mendiolaza-1888321-300x169.webp 300w, https:\/\/atecordoba.org\/wp-content\/uploads\/2024\/10\/paro-mendiolaza-1888321-768x432.webp 768w, https:\/\/atecordoba.org\/wp-content\/uploads\/2024\/10\/paro-mendiolaza-1888321-750x422.webp 750w\" sizes=\"auto, (max-width: 987px) 100vw, 987px\" \/><\/a><\/p>\n<p><strong>jueves un paro debido a la reducci\u00f3n de horas laborales, lo que implica una rebaja salarial del 28%<\/strong>. Acompa\u00f1ados por sus familias y vecinos, se concentraron el martes, bajo la lluvia, frente a la comisi\u00f3n del Concejo Deliberante para reclamar, entre otros puntos, por el pago de sus salarios de septiembre.<\/p>\n<p>La movilizaci\u00f3n surgi\u00f3 como respuesta a la angustiante situaci\u00f3n que enfrentan desde hace algunos meses, motivo por el cual el municipio\u00a0<a href=\"https:\/\/www.perfil.com\/noticias\/cordoba\/mendiolaza-el-municipio-declaro-la-emergencia-economica-por-una-grave-crisis-financiera.phtml\" target=\"_blank\" rel=\"noopener\">declar\u00f3 en agosto la emergencia econ\u00f3mica<\/a>\u00a0por una grave crisis financiera.<\/p>\n<p>\u201c<strong>Nos duele la realidad de no poder pagar salarios<\/strong>\u201d, hab\u00eda dicho por aquellos d\u00edas a\u00a0<a href=\"https:\/\/www.perfil.com\/noticias\/cordoba\/un-municipio-cordobes-no-puede-pagar-la-totalidad-de-sueldos-de-la-planta-politica-y-concejales.phtml\" target=\"_blank\" rel=\"noopener\"><strong>PERFIL C\u00d3RDOBA<\/strong><\/a>\u00a0el secretario de Gobierno de la Municipalidad de Mendiolaza, Alejandro Medrano. Como mensaje a la planta pol\u00edtica y empleados, la intendenta Adela Arning dispuso la reducci\u00f3n su sueldo en un 30%, como as\u00ed tambi\u00e9n de sus funcionarios.<\/p>\n<p>Sin embargo, el conflicto escal\u00f3 de forma tal que los trabajadores municipales decidieron parar por 48 horas esta semana. \u201cEl paro surgi\u00f3 porque no llegamos a un acuerdo con el Ejecutivo, que\u00a0<strong>no hizo ninguna otra oferta m\u00e1s all\u00e1 de la reducci\u00f3n horaria o el posible despido de 65 trabajadores<\/strong>\u201d, explic\u00f3a este medio Luciana P\u00e9rez D\u00e1vila, delegada de los empleados municipales por ATE.<\/p>\n<p>Adem\u00e1s, denunci\u00f3 que llevan dos meses con el salario congelado, una situaci\u00f3n que el gobierno local busca extender hasta marzo de 2024. &#8220;<strong>Hoy es 9 del mes y todav\u00eda no percibimos nuestros haberes<\/strong>\u201d, agreg\u00f3.<\/p>\n<p>Los sueldos de los trabajadores, que van desde los 250 mil pesos en la categor\u00eda m\u00e1s baja hasta los 822 mil en la m\u00e1s alta, se encuentran por debajo de la l\u00ednea de pobreza e indigencia, indicaron a este medio.<\/p>\n<p>Desde la oposici\u00f3n, se pidi\u00f3 con urgencia la reducci\u00f3n de la planta pol\u00edtica del Ejecutivo, argumentando que Mendiolaza ya es una de las ciudades con menor cantidad de empleados municipales y que no se puede prescindir de quienes garantizan el funcionamiento de los servicios p\u00fablicos esenciales.<\/p>\n<p>Fuente: Perfil C\u00f3rdoba<\/p>\n<p>&nbsp;<\/p>\n","protected":false},"excerpt":{"rendered":"<p>El municipio de Sierras Chicas atraviesa una profunda crisis econ\u00f3mica y sus empleados tomaron medidas de fuerza que afectan la normal atenci\u00f3n a los habitantes de la localidad. jueves un paro debido a la reducci\u00f3n de horas laborales, lo que implica una rebaja salarial del 28%. Acompa\u00f1ados por sus familias y vecinos, se concentraron el [&hellip;]<\/p>\n","protected":false},"author":3,"featured_media":46024,"comment_status":"open","ping_status":"open","sticky":false,"template":"","format":"standard","meta":{"_exactmetrics_skip_tracking":false,"_exactmetrics_sitenote_active":false,"_exactmetrics_sitenote_note":"","_exactmetrics_sitenote_category":0,"jnews-multi-image_gallery":[],"jnews_single_post":{"format":"standard","override":[{"template":"1","parallax":"1","fullscreen":"1","layout":"no-sidebar-narrow","sidebar":"default-sidebar","second_sidebar":"default-sidebar","sticky_sidebar":"1","share_position":"bottom","share_float_style":"share-monocrhome","show_share_counter":"1","show_view_counter":"1","show_post_meta":"1","show_post_author_image":"1","show_post_date":"1","post_date_format":"default","post_date_format_custom":"Y\/m\/d","show_post_category":"1","show_post_reading_time":"0","post_reading_time_wpm":"300","post_calculate_word_method":"str_word_count","show_zoom_button":"0","zoom_button_out_step":"2","zoom_button_in_step":"3","show_post_tag":"1","number_popup_post":"1","show_post_related":"1","show_inline_post_related":"0"}],"image_override":[{"single_post_thumbnail_size":"crop-500","single_post_gallery_size":"crop-500"}],"trending_post_position":"meta","trending_post_label":"Trending","sponsored_post_label":"Sponsored by","disable_ad":"0"},"jnews_primary_category":[],"jnews_social_meta":[],"jnews_review":[],"enable_review":"","type":"percentage","name":"","summary":"","brand":"","sku":"","good":[],"bad":[],"score_override":"","override_value":"","rating":[],"price":[],"jnews_override_counter":{"view_counter_number":"0","share_counter_number":"0","like_counter_number":"0","dislike_counter_number":"0"},"jnews_post_split":{"post_split":[{"template":"1","tag":"h2","numbering":"asc","mode":"normal","first":"0","enable_toc":"0","toc_type":"normal"}]},"footnotes":""},"categories":[20,1],"tags":[],"class_list":["post-46023","post","type-post","status-publish","format-standard","has-post-thumbnail","hentry","category-municipales","category-sin-categoria"],"jetpack_featured_media_url":"https:\/\/atecordoba.org\/wp-content\/uploads\/2024\/10\/paro-mendiolaza-1888321.webp","_links":{"self":[{"href":"https:\/\/atecordoba.org\/index.php?rest_route=\/wp\/v2\/posts\/46023","targetHints":{"allow":["GET"]}}],"collection":[{"href":"https:\/\/atecordoba.org\/index.php?rest_route=\/wp\/v2\/posts"}],"about":[{"href":"https:\/\/atecordoba.org\/index.php?rest_route=\/wp\/v2\/types\/post"}],"author":[{"embeddable":true,"href":"https:\/\/atecordoba.org\/index.php?rest_route=\/wp\/v2\/users\/3"}],"replies":[{"embeddable":true,"href":"https:\/\/atecordoba.org\/index.php?rest_route=%2Fwp%2Fv2%2Fcomments&post=46023"}],"version-history":[{"count":1,"href":"https:\/\/atecordoba.org\/index.php?rest_route=\/wp\/v2\/posts\/46023\/revisions"}],"predecessor-version":[{"id":46025,"href":"https:\/\/atecordoba.org\/index.php?rest_route=\/wp\/v2\/posts\/46023\/revisions\/46025"}],"wp:featuredmedia":[{"embeddable":true,"href":"https:\/\/atecordoba.org\/index.php?rest_route=\/wp\/v2\/media\/46024"}],"wp:attachment":[{"href":"https:\/\/atecordoba.org\/index.php?rest_route=%2Fwp%2Fv2%2Fmedia&parent=46023"}],"wp:term":[{"taxonomy":"category","embeddable":true,"href":"https:\/\/atecordoba.org\/index.php?rest_route=%2Fwp%2Fv2%2Fcategories&post=46023"},{"taxonomy":"post_tag","embeddable":true,"href":"https:\/\/atecordoba.org\/index.php?rest_route=%2Fwp%2Fv2%2Ftags&post=46023"}],"curies":[{"name":"wp","href":"https:\/\/api.w.org\/{rel}","templated":true}]}}