{"id":46018,"date":"2024-10-09T14:26:21","date_gmt":"2024-10-09T17:26:21","guid":{"rendered":"https:\/\/atecordoba.org\/?p=46018"},"modified":"2024-10-09T14:26:21","modified_gmt":"2024-10-09T17:26:21","slug":"plenario-provincial-de-delegados-y-delegadas-municipales-en-ate-cordoba-hacia-un-convenio-colectivo-unificado","status":"publish","type":"post","link":"https:\/\/atecordoba.org\/?p=46018","title":{"rendered":"Plenario Provincial de Delegados y Delegadas Municipales en ATE C\u00f3rdoba: Hacia un Convenio Colectivo Unificado"},"content":{"rendered":"<p><a href=\"https:\/\/atecordoba.org\/wp-content\/uploads\/2024\/10\/WhatsApp-Image-2024-10-09-at-1.50.48-PM-scaled.jpeg\"><img loading=\"lazy\" decoding=\"async\" class=\"alignnone wp-image-46020 size-full\" src=\"https:\/\/atecordoba.org\/wp-content\/uploads\/2024\/10\/WhatsApp-Image-2024-10-09-at-1.50.48-PM-scaled.jpeg\" alt=\"\" width=\"2560\" height=\"1922\" srcset=\"https:\/\/atecordoba.org\/wp-content\/uploads\/2024\/10\/WhatsApp-Image-2024-10-09-at-1.50.48-PM-scaled.jpeg 2560w, https:\/\/atecordoba.org\/wp-content\/uploads\/2024\/10\/WhatsApp-Image-2024-10-09-at-1.50.48-PM-300x225.jpeg 300w, https:\/\/atecordoba.org\/wp-content\/uploads\/2024\/10\/WhatsApp-Image-2024-10-09-at-1.50.48-PM-1024x769.jpeg 1024w, https:\/\/atecordoba.org\/wp-content\/uploads\/2024\/10\/WhatsApp-Image-2024-10-09-at-1.50.48-PM-768x577.jpeg 768w, https:\/\/atecordoba.org\/wp-content\/uploads\/2024\/10\/WhatsApp-Image-2024-10-09-at-1.50.48-PM-1536x1153.jpeg 1536w, https:\/\/atecordoba.org\/wp-content\/uploads\/2024\/10\/WhatsApp-Image-2024-10-09-at-1.50.48-PM-2048x1537.jpeg 2048w, https:\/\/atecordoba.org\/wp-content\/uploads\/2024\/10\/WhatsApp-Image-2024-10-09-at-1.50.48-PM-750x563.jpeg 750w, https:\/\/atecordoba.org\/wp-content\/uploads\/2024\/10\/WhatsApp-Image-2024-10-09-at-1.50.48-PM-1140x856.jpeg 1140w\" sizes=\"auto, (max-width: 2560px) 100vw, 2560px\" \/><\/a><\/p>\n<p>En el d\u00eda de hoy, ATE C\u00f3rdoba llev\u00f3 a cabo el Plenario Provincial de Delegados y Delegadas Municipales, un espacio fundamental para debatir la situaci\u00f3n de los trabajadores municipales de toda la provincia. Nuestro secretario general, Federico Giuliani, dio inicio al encuentro, acompa\u00f1ado por Claudio Ar\u00e9valo (Secretario General de ATE Buenos Aires) y Oscar Muntes (Secretario General de ATE Entre R\u00edos).<\/p>\n<p><a href=\"https:\/\/atecordoba.org\/wp-content\/uploads\/2024\/10\/WhatsApp-Image-2024-10-09-at-9.50.38-AM.jpeg\"><img loading=\"lazy\" decoding=\"async\" class=\"alignnone size-medium wp-image-46001\" src=\"https:\/\/atecordoba.org\/wp-content\/uploads\/2024\/10\/WhatsApp-Image-2024-10-09-at-9.50.38-AM-300x225.jpeg\" alt=\"\" width=\"300\" height=\"225\" srcset=\"https:\/\/atecordoba.org\/wp-content\/uploads\/2024\/10\/WhatsApp-Image-2024-10-09-at-9.50.38-AM-300x225.jpeg 300w, https:\/\/atecordoba.org\/wp-content\/uploads\/2024\/10\/WhatsApp-Image-2024-10-09-at-9.50.38-AM-1024x768.jpeg 1024w, https:\/\/atecordoba.org\/wp-content\/uploads\/2024\/10\/WhatsApp-Image-2024-10-09-at-9.50.38-AM-768x576.jpeg 768w, https:\/\/atecordoba.org\/wp-content\/uploads\/2024\/10\/WhatsApp-Image-2024-10-09-at-9.50.38-AM-1536x1152.jpeg 1536w, https:\/\/atecordoba.org\/wp-content\/uploads\/2024\/10\/WhatsApp-Image-2024-10-09-at-9.50.38-AM-750x563.jpeg 750w, https:\/\/atecordoba.org\/wp-content\/uploads\/2024\/10\/WhatsApp-Image-2024-10-09-at-9.50.38-AM-1140x855.jpeg 1140w, https:\/\/atecordoba.org\/wp-content\/uploads\/2024\/10\/WhatsApp-Image-2024-10-09-at-9.50.38-AM.jpeg 1600w\" sizes=\"auto, (max-width: 300px) 100vw, 300px\" \/><\/a> <a href=\"https:\/\/atecordoba.org\/wp-content\/uploads\/2024\/10\/WhatsApp-Image-2024-10-09-at-9.50.37-AM-scaled.jpeg\"><img loading=\"lazy\" decoding=\"async\" class=\"alignnone size-medium wp-image-46002\" src=\"https:\/\/atecordoba.org\/wp-content\/uploads\/2024\/10\/WhatsApp-Image-2024-10-09-at-9.50.37-AM-300x225.jpeg\" alt=\"\" width=\"300\" height=\"225\" srcset=\"https:\/\/atecordoba.org\/wp-content\/uploads\/2024\/10\/WhatsApp-Image-2024-10-09-at-9.50.37-AM-300x225.jpeg 300w, https:\/\/atecordoba.org\/wp-content\/uploads\/2024\/10\/WhatsApp-Image-2024-10-09-at-9.50.37-AM-1024x769.jpeg 1024w, https:\/\/atecordoba.org\/wp-content\/uploads\/2024\/10\/WhatsApp-Image-2024-10-09-at-9.50.37-AM-768x577.jpeg 768w, https:\/\/atecordoba.org\/wp-content\/uploads\/2024\/10\/WhatsApp-Image-2024-10-09-at-9.50.37-AM-1536x1153.jpeg 1536w, https:\/\/atecordoba.org\/wp-content\/uploads\/2024\/10\/WhatsApp-Image-2024-10-09-at-9.50.37-AM-2048x1537.jpeg 2048w, https:\/\/atecordoba.org\/wp-content\/uploads\/2024\/10\/WhatsApp-Image-2024-10-09-at-9.50.37-AM-750x563.jpeg 750w, https:\/\/atecordoba.org\/wp-content\/uploads\/2024\/10\/WhatsApp-Image-2024-10-09-at-9.50.37-AM-1140x856.jpeg 1140w\" sizes=\"auto, (max-width: 300px) 100vw, 300px\" \/><\/a> <a href=\"https:\/\/atecordoba.org\/wp-content\/uploads\/2024\/10\/WhatsApp-Image-2024-10-09-at-9.50.35-AM-scaled.jpeg\"><img loading=\"lazy\" decoding=\"async\" class=\"alignnone size-medium wp-image-46004\" src=\"https:\/\/atecordoba.org\/wp-content\/uploads\/2024\/10\/WhatsApp-Image-2024-10-09-at-9.50.35-AM-300x225.jpeg\" alt=\"\" width=\"300\" height=\"225\" srcset=\"https:\/\/atecordoba.org\/wp-content\/uploads\/2024\/10\/WhatsApp-Image-2024-10-09-at-9.50.35-AM-300x225.jpeg 300w, https:\/\/atecordoba.org\/wp-content\/uploads\/2024\/10\/WhatsApp-Image-2024-10-09-at-9.50.35-AM-1024x768.jpeg 1024w, https:\/\/atecordoba.org\/wp-content\/uploads\/2024\/10\/WhatsApp-Image-2024-10-09-at-9.50.35-AM-768x576.jpeg 768w, https:\/\/atecordoba.org\/wp-content\/uploads\/2024\/10\/WhatsApp-Image-2024-10-09-at-9.50.35-AM-1536x1152.jpeg 1536w, https:\/\/atecordoba.org\/wp-content\/uploads\/2024\/10\/WhatsApp-Image-2024-10-09-at-9.50.35-AM-2048x1536.jpeg 2048w, https:\/\/atecordoba.org\/wp-content\/uploads\/2024\/10\/WhatsApp-Image-2024-10-09-at-9.50.35-AM-750x563.jpeg 750w, https:\/\/atecordoba.org\/wp-content\/uploads\/2024\/10\/WhatsApp-Image-2024-10-09-at-9.50.35-AM-1140x855.jpeg 1140w\" sizes=\"auto, (max-width: 300px) 100vw, 300px\" \/><\/a> <a href=\"https:\/\/atecordoba.org\/wp-content\/uploads\/2024\/10\/WhatsApp-Image-2024-10-09-at-10.38.58-AM-scaled.jpeg\"><img loading=\"lazy\" decoding=\"async\" class=\"alignnone size-medium wp-image-46009\" src=\"https:\/\/atecordoba.org\/wp-content\/uploads\/2024\/10\/WhatsApp-Image-2024-10-09-at-10.38.58-AM-300x225.jpeg\" alt=\"\" width=\"300\" height=\"225\" srcset=\"https:\/\/atecordoba.org\/wp-content\/uploads\/2024\/10\/WhatsApp-Image-2024-10-09-at-10.38.58-AM-300x225.jpeg 300w, https:\/\/atecordoba.org\/wp-content\/uploads\/2024\/10\/WhatsApp-Image-2024-10-09-at-10.38.58-AM-1024x769.jpeg 1024w, https:\/\/atecordoba.org\/wp-content\/uploads\/2024\/10\/WhatsApp-Image-2024-10-09-at-10.38.58-AM-768x577.jpeg 768w, https:\/\/atecordoba.org\/wp-content\/uploads\/2024\/10\/WhatsApp-Image-2024-10-09-at-10.38.58-AM-1536x1153.jpeg 1536w, https:\/\/atecordoba.org\/wp-content\/uploads\/2024\/10\/WhatsApp-Image-2024-10-09-at-10.38.58-AM-2048x1537.jpeg 2048w, https:\/\/atecordoba.org\/wp-content\/uploads\/2024\/10\/WhatsApp-Image-2024-10-09-at-10.38.58-AM-750x563.jpeg 750w, https:\/\/atecordoba.org\/wp-content\/uploads\/2024\/10\/WhatsApp-Image-2024-10-09-at-10.38.58-AM-1140x856.jpeg 1140w\" sizes=\"auto, (max-width: 300px) 100vw, 300px\" \/><\/a><\/p>\n<p>La jornada inici\u00f3 con las acreditaciones a las 8.30 hs y la apertura pol\u00edtica, donde Giuliani, Ar\u00e9valo y Muntes reflexionaron sobre la coyuntura actual de los trabajadores municipales y la necesidad de construir una estrategia unificada para enfrentar los desaf\u00edos que plantea el actual escenario pol\u00edtico y econ\u00f3mico. Se destac\u00f3 la importancia de estar organizados a nivel nacional para poder hacer frente a la estructura pol\u00edtica de los intendentes que se organizan en mesas de negociaci\u00f3n a nivel pa\u00eds, y la urgencia de generar una respuesta sindical coordinada.<\/p>\n<p>Uno de los puntos clave del plenario fue el an\u00e1lisis de la <strong>situaci\u00f3n salarial<\/strong>, donde se subray\u00f3 la necesidad de avanzar hacia un <strong>salario municipal unificado<\/strong>, ya que actualmente los salarios var\u00edan enormemente entre municipios. Tambi\u00e9n se present\u00f3 un <strong>informe sobre Apross<\/strong>, a cargo de nuestro abogado Eugenio Biafore, donde se discuti\u00f3 la situaci\u00f3n actual del sistema de salud y las problem\u00e1ticas que atraviesan los trabajadores en relaci\u00f3n a la obra social.<\/p>\n<p><a href=\"https:\/\/atecordoba.org\/wp-content\/uploads\/2024\/10\/WhatsApp-Image-2024-10-09-at-11.20.55-AM-scaled.jpeg\"><img loading=\"lazy\" decoding=\"async\" class=\"alignnone size-medium wp-image-46016\" src=\"https:\/\/atecordoba.org\/wp-content\/uploads\/2024\/10\/WhatsApp-Image-2024-10-09-at-11.20.55-AM-300x225.jpeg\" alt=\"\" width=\"300\" height=\"225\" srcset=\"https:\/\/atecordoba.org\/wp-content\/uploads\/2024\/10\/WhatsApp-Image-2024-10-09-at-11.20.55-AM-300x225.jpeg 300w, https:\/\/atecordoba.org\/wp-content\/uploads\/2024\/10\/WhatsApp-Image-2024-10-09-at-11.20.55-AM-1024x769.jpeg 1024w, https:\/\/atecordoba.org\/wp-content\/uploads\/2024\/10\/WhatsApp-Image-2024-10-09-at-11.20.55-AM-768x577.jpeg 768w, https:\/\/atecordoba.org\/wp-content\/uploads\/2024\/10\/WhatsApp-Image-2024-10-09-at-11.20.55-AM-1536x1153.jpeg 1536w, https:\/\/atecordoba.org\/wp-content\/uploads\/2024\/10\/WhatsApp-Image-2024-10-09-at-11.20.55-AM-2048x1537.jpeg 2048w, https:\/\/atecordoba.org\/wp-content\/uploads\/2024\/10\/WhatsApp-Image-2024-10-09-at-11.20.55-AM-750x563.jpeg 750w, https:\/\/atecordoba.org\/wp-content\/uploads\/2024\/10\/WhatsApp-Image-2024-10-09-at-11.20.55-AM-1140x856.jpeg 1140w\" sizes=\"auto, (max-width: 300px) 100vw, 300px\" \/><\/a> <a href=\"https:\/\/atecordoba.org\/wp-content\/uploads\/2024\/10\/WhatsApp-Image-2024-10-09-at-11.20.56-AM-scaled.jpeg\"><img loading=\"lazy\" decoding=\"async\" class=\"alignnone size-medium wp-image-46015\" src=\"https:\/\/atecordoba.org\/wp-content\/uploads\/2024\/10\/WhatsApp-Image-2024-10-09-at-11.20.56-AM-300x225.jpeg\" alt=\"\" width=\"300\" height=\"225\" srcset=\"https:\/\/atecordoba.org\/wp-content\/uploads\/2024\/10\/WhatsApp-Image-2024-10-09-at-11.20.56-AM-300x225.jpeg 300w, https:\/\/atecordoba.org\/wp-content\/uploads\/2024\/10\/WhatsApp-Image-2024-10-09-at-11.20.56-AM-1024x769.jpeg 1024w, https:\/\/atecordoba.org\/wp-content\/uploads\/2024\/10\/WhatsApp-Image-2024-10-09-at-11.20.56-AM-768x577.jpeg 768w, https:\/\/atecordoba.org\/wp-content\/uploads\/2024\/10\/WhatsApp-Image-2024-10-09-at-11.20.56-AM-1536x1153.jpeg 1536w, https:\/\/atecordoba.org\/wp-content\/uploads\/2024\/10\/WhatsApp-Image-2024-10-09-at-11.20.56-AM-2048x1537.jpeg 2048w, https:\/\/atecordoba.org\/wp-content\/uploads\/2024\/10\/WhatsApp-Image-2024-10-09-at-11.20.56-AM-750x563.jpeg 750w, https:\/\/atecordoba.org\/wp-content\/uploads\/2024\/10\/WhatsApp-Image-2024-10-09-at-11.20.56-AM-1140x856.jpeg 1140w\" sizes=\"auto, (max-width: 300px) 100vw, 300px\" \/><\/a><\/p>\n<p>En la segunda parte del plenario, Marcela Ch\u00e1vez ofreci\u00f3 una charla sobre la situaci\u00f3n de los <strong>convenios colectivos<\/strong> en los municipios. Se destac\u00f3 que actualmente cada municipio tiene su propio estatuto, muchos de los cuales datan de la dictadura, por lo que se plante\u00f3 la necesidad de <strong>unificar los convenios colectivos<\/strong> a favor de los trabajadores, adapt\u00e1ndolos a los tiempos actuales y a las nuevas realidades laborales. Tambi\u00e9n se discuti\u00f3 la posibilidad de realizar una jornada de visibilizaci\u00f3n sobre esta tem\u00e1tica, ya que un convenio colectivo \u00fanico permitir\u00eda mayor protecci\u00f3n y equidad para todas y todos los municipales.<\/p>\n<p>El <strong>debate entre los delegados y delegadas municipales<\/strong> comenz\u00f3 a las 11 hs, donde se compartieron experiencias y se plantearon soluciones para las distintas problem\u00e1ticas que atraviesan los trabajadores en los municipios. Durante este intercambio se destac\u00f3 la necesidad de seguir profundizando el trabajo en conjunto entre las provincias de la regi\u00f3n centro (C\u00f3rdoba, Rosario, Paran\u00e1) y Buenos Aires, con el objetivo de tener una estrategia unificada frente a los desaf\u00edos laborales y sindicales que enfrenta el sector. Adem\u00e1s, se propuso la realizaci\u00f3n de un <strong>plenario nacional de municipales<\/strong> para el pr\u00f3ximo a\u00f1o.<\/p>\n<p><a href=\"https:\/\/atecordoba.org\/wp-content\/uploads\/2024\/10\/WhatsApp-Image-2024-10-09-at-11.20.54-AM-scaled.jpeg\"><img loading=\"lazy\" decoding=\"async\" class=\"alignnone size-medium wp-image-46017\" src=\"https:\/\/atecordoba.org\/wp-content\/uploads\/2024\/10\/WhatsApp-Image-2024-10-09-at-11.20.54-AM-300x225.jpeg\" alt=\"\" width=\"300\" height=\"225\" srcset=\"https:\/\/atecordoba.org\/wp-content\/uploads\/2024\/10\/WhatsApp-Image-2024-10-09-at-11.20.54-AM-300x225.jpeg 300w, https:\/\/atecordoba.org\/wp-content\/uploads\/2024\/10\/WhatsApp-Image-2024-10-09-at-11.20.54-AM-1024x769.jpeg 1024w, https:\/\/atecordoba.org\/wp-content\/uploads\/2024\/10\/WhatsApp-Image-2024-10-09-at-11.20.54-AM-768x577.jpeg 768w, https:\/\/atecordoba.org\/wp-content\/uploads\/2024\/10\/WhatsApp-Image-2024-10-09-at-11.20.54-AM-1536x1153.jpeg 1536w, https:\/\/atecordoba.org\/wp-content\/uploads\/2024\/10\/WhatsApp-Image-2024-10-09-at-11.20.54-AM-2048x1537.jpeg 2048w, https:\/\/atecordoba.org\/wp-content\/uploads\/2024\/10\/WhatsApp-Image-2024-10-09-at-11.20.54-AM-750x563.jpeg 750w, https:\/\/atecordoba.org\/wp-content\/uploads\/2024\/10\/WhatsApp-Image-2024-10-09-at-11.20.54-AM-1140x856.jpeg 1140w\" sizes=\"auto, (max-width: 300px) 100vw, 300px\" \/><\/a> <a href=\"https:\/\/atecordoba.org\/wp-content\/uploads\/2024\/10\/WhatsApp-Image-2024-10-09-at-10.38.38-AM-scaled.jpeg\"><img loading=\"lazy\" decoding=\"async\" class=\"alignnone size-medium wp-image-46011\" src=\"https:\/\/atecordoba.org\/wp-content\/uploads\/2024\/10\/WhatsApp-Image-2024-10-09-at-10.38.38-AM-300x225.jpeg\" alt=\"\" width=\"300\" height=\"225\" srcset=\"https:\/\/atecordoba.org\/wp-content\/uploads\/2024\/10\/WhatsApp-Image-2024-10-09-at-10.38.38-AM-300x225.jpeg 300w, https:\/\/atecordoba.org\/wp-content\/uploads\/2024\/10\/WhatsApp-Image-2024-10-09-at-10.38.38-AM-1024x769.jpeg 1024w, https:\/\/atecordoba.org\/wp-content\/uploads\/2024\/10\/WhatsApp-Image-2024-10-09-at-10.38.38-AM-768x577.jpeg 768w, https:\/\/atecordoba.org\/wp-content\/uploads\/2024\/10\/WhatsApp-Image-2024-10-09-at-10.38.38-AM-1536x1153.jpeg 1536w, https:\/\/atecordoba.org\/wp-content\/uploads\/2024\/10\/WhatsApp-Image-2024-10-09-at-10.38.38-AM-2048x1537.jpeg 2048w, https:\/\/atecordoba.org\/wp-content\/uploads\/2024\/10\/WhatsApp-Image-2024-10-09-at-10.38.38-AM-750x563.jpeg 750w, https:\/\/atecordoba.org\/wp-content\/uploads\/2024\/10\/WhatsApp-Image-2024-10-09-at-10.38.38-AM-1140x856.jpeg 1140w\" sizes=\"auto, (max-width: 300px) 100vw, 300px\" \/><\/a>\u00a0<a href=\"https:\/\/atecordoba.org\/wp-content\/uploads\/2024\/10\/WhatsApp-Image-2024-10-09-at-10.38.25-AM-scaled.jpeg\"><img loading=\"lazy\" decoding=\"async\" class=\"alignnone size-medium wp-image-46013\" src=\"https:\/\/atecordoba.org\/wp-content\/uploads\/2024\/10\/WhatsApp-Image-2024-10-09-at-10.38.25-AM-300x225.jpeg\" alt=\"\" width=\"300\" height=\"225\" srcset=\"https:\/\/atecordoba.org\/wp-content\/uploads\/2024\/10\/WhatsApp-Image-2024-10-09-at-10.38.25-AM-300x225.jpeg 300w, https:\/\/atecordoba.org\/wp-content\/uploads\/2024\/10\/WhatsApp-Image-2024-10-09-at-10.38.25-AM-1024x769.jpeg 1024w, https:\/\/atecordoba.org\/wp-content\/uploads\/2024\/10\/WhatsApp-Image-2024-10-09-at-10.38.25-AM-768x577.jpeg 768w, https:\/\/atecordoba.org\/wp-content\/uploads\/2024\/10\/WhatsApp-Image-2024-10-09-at-10.38.25-AM-1536x1153.jpeg 1536w, https:\/\/atecordoba.org\/wp-content\/uploads\/2024\/10\/WhatsApp-Image-2024-10-09-at-10.38.25-AM-2048x1537.jpeg 2048w, https:\/\/atecordoba.org\/wp-content\/uploads\/2024\/10\/WhatsApp-Image-2024-10-09-at-10.38.25-AM-750x563.jpeg 750w, https:\/\/atecordoba.org\/wp-content\/uploads\/2024\/10\/WhatsApp-Image-2024-10-09-at-10.38.25-AM-1140x856.jpeg 1140w\" sizes=\"auto, (max-width: 300px) 100vw, 300px\" \/><\/a> <a href=\"https:\/\/atecordoba.org\/wp-content\/uploads\/2024\/10\/WhatsApp-Image-2024-10-09-at-10.39.14-AM-scaled.jpeg\"><img loading=\"lazy\" decoding=\"async\" class=\"alignnone size-medium wp-image-46008\" src=\"https:\/\/atecordoba.org\/wp-content\/uploads\/2024\/10\/WhatsApp-Image-2024-10-09-at-10.39.14-AM-300x225.jpeg\" alt=\"\" width=\"300\" height=\"225\" srcset=\"https:\/\/atecordoba.org\/wp-content\/uploads\/2024\/10\/WhatsApp-Image-2024-10-09-at-10.39.14-AM-300x225.jpeg 300w, https:\/\/atecordoba.org\/wp-content\/uploads\/2024\/10\/WhatsApp-Image-2024-10-09-at-10.39.14-AM-1024x769.jpeg 1024w, https:\/\/atecordoba.org\/wp-content\/uploads\/2024\/10\/WhatsApp-Image-2024-10-09-at-10.39.14-AM-768x577.jpeg 768w, https:\/\/atecordoba.org\/wp-content\/uploads\/2024\/10\/WhatsApp-Image-2024-10-09-at-10.39.14-AM-1536x1153.jpeg 1536w, https:\/\/atecordoba.org\/wp-content\/uploads\/2024\/10\/WhatsApp-Image-2024-10-09-at-10.39.14-AM-2048x1537.jpeg 2048w, https:\/\/atecordoba.org\/wp-content\/uploads\/2024\/10\/WhatsApp-Image-2024-10-09-at-10.39.14-AM-750x563.jpeg 750w, https:\/\/atecordoba.org\/wp-content\/uploads\/2024\/10\/WhatsApp-Image-2024-10-09-at-10.39.14-AM-1140x856.jpeg 1140w\" sizes=\"auto, (max-width: 300px) 100vw, 300px\" \/><\/a><\/p>\n<p>Finalmente, la jornada concluy\u00f3 con la lectura de las <strong>conclusiones<\/strong> y propuestas de acci\u00f3n, y un almuerzo compartido a las 14 hs. ATE C\u00f3rdoba reafirma su compromiso con la lucha de los trabajadores municipales y seguir\u00e1 impulsando acciones que fortalezcan la organizaci\u00f3n sindical y mejoren las condiciones laborales en toda la provincia.<\/p>\n<p>Este fue un paso importante para seguir consolidando la unidad de las y los municipales, construyendo un camino que permita enfrentar las pol\u00edticas de ajuste y precarizaci\u00f3n que afectan al sector.<\/p>\n<p>#ATEC\u00f3rdoba #PlenarioMunicipales #UnidadDeLosTrabajadores<\/p>\n<blockquote><p>Para concluir la jornada<strong> Federico Giuliani<\/strong> afirm\u00f3: <em>&#8220;Vamos hacia un convenio colectivo para los 427 municipios y comunas de C\u00f3rdoba, por un salario digno y unificado para este sector tan postergado. Afiliate a ATE C\u00f3rdoba, somos el gremio de los municipales.&#8221;<\/em><\/p>\n<p>Por su parte, <strong>Claudio Ar\u00e9valo<\/strong> expres\u00f3: <em>&#8220;La realidad que atraviesan los municipales de C\u00f3rdoba es la misma que en Buenos Aires. Unificar estos reclamos es clave para avanzar hacia un salario unificado en todo el pa\u00eds.&#8221;<\/em><\/p>\n<p><strong>Oscar Muntes<\/strong> concluy\u00f3: <em>&#8220;La unidad es esencial en este momento de ataque al Estado. Hoy m\u00e1s que nunca necesitamos estar organizados y fuertes para enfrentar los desaf\u00edos que se avecinan.&#8221;<\/em><\/p><\/blockquote>\n<p><a href=\"https:\/\/atecordoba.org\/wp-content\/uploads\/2024\/10\/WhatsApp-Image-2024-10-09-at-1.50.50-PM-scaled.jpeg\"><img loading=\"lazy\" decoding=\"async\" class=\"alignnone size-medium wp-image-46021\" src=\"https:\/\/atecordoba.org\/wp-content\/uploads\/2024\/10\/WhatsApp-Image-2024-10-09-at-1.50.50-PM-300x225.jpeg\" alt=\"\" width=\"300\" height=\"225\" srcset=\"https:\/\/atecordoba.org\/wp-content\/uploads\/2024\/10\/WhatsApp-Image-2024-10-09-at-1.50.50-PM-300x225.jpeg 300w, https:\/\/atecordoba.org\/wp-content\/uploads\/2024\/10\/WhatsApp-Image-2024-10-09-at-1.50.50-PM-1024x769.jpeg 1024w, https:\/\/atecordoba.org\/wp-content\/uploads\/2024\/10\/WhatsApp-Image-2024-10-09-at-1.50.50-PM-768x577.jpeg 768w, https:\/\/atecordoba.org\/wp-content\/uploads\/2024\/10\/WhatsApp-Image-2024-10-09-at-1.50.50-PM-1536x1153.jpeg 1536w, https:\/\/atecordoba.org\/wp-content\/uploads\/2024\/10\/WhatsApp-Image-2024-10-09-at-1.50.50-PM-2048x1537.jpeg 2048w, https:\/\/atecordoba.org\/wp-content\/uploads\/2024\/10\/WhatsApp-Image-2024-10-09-at-1.50.50-PM-750x563.jpeg 750w, https:\/\/atecordoba.org\/wp-content\/uploads\/2024\/10\/WhatsApp-Image-2024-10-09-at-1.50.50-PM-1140x856.jpeg 1140w\" sizes=\"auto, (max-width: 300px) 100vw, 300px\" \/><\/a> <a href=\"https:\/\/atecordoba.org\/wp-content\/uploads\/2024\/10\/WhatsApp-Image-2024-10-09-at-1.50.48-PM-scaled.jpeg\"><img loading=\"lazy\" decoding=\"async\" class=\"alignnone size-medium wp-image-46020\" src=\"https:\/\/atecordoba.org\/wp-content\/uploads\/2024\/10\/WhatsApp-Image-2024-10-09-at-1.50.48-PM-300x225.jpeg\" alt=\"\" width=\"300\" height=\"225\" srcset=\"https:\/\/atecordoba.org\/wp-content\/uploads\/2024\/10\/WhatsApp-Image-2024-10-09-at-1.50.48-PM-300x225.jpeg 300w, https:\/\/atecordoba.org\/wp-content\/uploads\/2024\/10\/WhatsApp-Image-2024-10-09-at-1.50.48-PM-1024x769.jpeg 1024w, https:\/\/atecordoba.org\/wp-content\/uploads\/2024\/10\/WhatsApp-Image-2024-10-09-at-1.50.48-PM-768x577.jpeg 768w, https:\/\/atecordoba.org\/wp-content\/uploads\/2024\/10\/WhatsApp-Image-2024-10-09-at-1.50.48-PM-1536x1153.jpeg 1536w, https:\/\/atecordoba.org\/wp-content\/uploads\/2024\/10\/WhatsApp-Image-2024-10-09-at-1.50.48-PM-2048x1537.jpeg 2048w, https:\/\/atecordoba.org\/wp-content\/uploads\/2024\/10\/WhatsApp-Image-2024-10-09-at-1.50.48-PM-750x563.jpeg 750w, https:\/\/atecordoba.org\/wp-content\/uploads\/2024\/10\/WhatsApp-Image-2024-10-09-at-1.50.48-PM-1140x856.jpeg 1140w\" sizes=\"auto, (max-width: 300px) 100vw, 300px\" \/><\/a><\/p>\n<p>El plenario culmin\u00f3 con la decisi\u00f3n de realizar un <strong>nuevo encuentro en Paran\u00e1, Entre R\u00edos<\/strong>, el 5 de diciembre, y la planificaci\u00f3n de un <strong>Plenario Nacional de Municipales<\/strong> para el a\u00f1o 2025, con la participaci\u00f3n de las provincias de Buenos Aires, C\u00f3rdoba, Entre R\u00edos y Santa Fe.<\/p>\n<p>Este es un paso importante para consolidar la unidad de los trabajadores municipales y enfrentar las pol\u00edticas de ajuste que los afectan. <strong>ATE C\u00f3rdoba<\/strong> reafirma su compromiso con la lucha de los trabajadores y trabajadoras municipales.<\/p>\n","protected":false},"excerpt":{"rendered":"<p>En el d\u00eda de hoy, ATE C\u00f3rdoba llev\u00f3 a cabo el Plenario Provincial de Delegados y Delegadas Municipales, un espacio fundamental para debatir la situaci\u00f3n de los trabajadores municipales de toda la provincia. Nuestro secretario general, Federico Giuliani, dio inicio al encuentro, acompa\u00f1ado por Claudio Ar\u00e9valo (Secretario General de ATE Buenos Aires) y Oscar Muntes [&hellip;]<\/p>\n","protected":false},"author":3,"featured_media":46019,"comment_status":"open","ping_status":"open","sticky":false,"template":"","format":"standard","meta":{"_exactmetrics_skip_tracking":false,"_exactmetrics_sitenote_active":false,"_exactmetrics_sitenote_note":"","_exactmetrics_sitenote_category":0,"jnews-multi-image_gallery":[],"jnews_single_post":{"format":"standard","override":[{"template":"1","parallax":"1","fullscreen":"1","layout":"no-sidebar-narrow","sidebar":"default-sidebar","second_sidebar":"default-sidebar","sticky_sidebar":"1","share_position":"bottom","share_float_style":"share-monocrhome","show_share_counter":"1","show_view_counter":"1","show_post_meta":"1","show_post_author_image":"1","show_post_date":"1","post_date_format":"default","post_date_format_custom":"Y\/m\/d","show_post_category":"1","show_post_reading_time":"0","post_reading_time_wpm":"300","post_calculate_word_method":"str_word_count","show_zoom_button":"0","zoom_button_out_step":"2","zoom_button_in_step":"3","show_post_tag":"1","number_popup_post":"1","show_post_related":"1","show_inline_post_related":"0"}],"image_override":[{"single_post_thumbnail_size":"crop-500","single_post_gallery_size":"crop-500"}],"trending_post_position":"meta","trending_post_label":"Trending","sponsored_post_label":"Sponsored by","disable_ad":"0"},"jnews_primary_category":[],"jnews_social_meta":[],"jnews_review":[],"enable_review":"","type":"percentage","name":"","summary":"","brand":"","sku":"","good":[],"bad":[],"score_override":"","override_value":"","rating":[],"price":[],"jnews_override_counter":{"view_counter_number":"0","share_counter_number":"0","like_counter_number":"0","dislike_counter_number":"0"},"jnews_post_split":{"post_split":[{"template":"1","tag":"h2","numbering":"asc","mode":"normal","first":"0","enable_toc":"0","toc_type":"normal"}]},"footnotes":""},"categories":[20],"tags":[],"class_list":["post-46018","post","type-post","status-publish","format-standard","has-post-thumbnail","hentry","category-municipales"],"jetpack_featured_media_url":"https:\/\/atecordoba.org\/wp-content\/uploads\/2024\/10\/WhatsApp-Image-2024-10-09-at-1.50.48-PM-1-scaled.jpeg","_links":{"self":[{"href":"https:\/\/atecordoba.org\/index.php?rest_route=\/wp\/v2\/posts\/46018","targetHints":{"allow":["GET"]}}],"collection":[{"href":"https:\/\/atecordoba.org\/index.php?rest_route=\/wp\/v2\/posts"}],"about":[{"href":"https:\/\/atecordoba.org\/index.php?rest_route=\/wp\/v2\/types\/post"}],"author":[{"embeddable":true,"href":"https:\/\/atecordoba.org\/index.php?rest_route=\/wp\/v2\/users\/3"}],"replies":[{"embeddable":true,"href":"https:\/\/atecordoba.org\/index.php?rest_route=%2Fwp%2Fv2%2Fcomments&post=46018"}],"version-history":[{"count":1,"href":"https:\/\/atecordoba.org\/index.php?rest_route=\/wp\/v2\/posts\/46018\/revisions"}],"predecessor-version":[{"id":46022,"href":"https:\/\/atecordoba.org\/index.php?rest_route=\/wp\/v2\/posts\/46018\/revisions\/46022"}],"wp:featuredmedia":[{"embeddable":true,"href":"https:\/\/atecordoba.org\/index.php?rest_route=\/wp\/v2\/media\/46019"}],"wp:attachment":[{"href":"https:\/\/atecordoba.org\/index.php?rest_route=%2Fwp%2Fv2%2Fmedia&parent=46018"}],"wp:term":[{"taxonomy":"category","embeddable":true,"href":"https:\/\/atecordoba.org\/index.php?rest_route=%2Fwp%2Fv2%2Fcategories&post=46018"},{"taxonomy":"post_tag","embeddable":true,"href":"https:\/\/atecordoba.org\/index.php?rest_route=%2Fwp%2Fv2%2Ftags&post=46018"}],"curies":[{"name":"wp","href":"https:\/\/api.w.org\/{rel}","templated":true}]}}