{"id":45989,"date":"2024-10-08T13:34:11","date_gmt":"2024-10-08T16:34:11","guid":{"rendered":"https:\/\/atecordoba.org\/?p=45989"},"modified":"2024-10-08T13:34:31","modified_gmt":"2024-10-08T16:34:31","slug":"ate-cordoba-uepc-capital-y-uts-presentan-anteproyecto-en-la-legislatura-contra-los-abusos-de-apross","status":"publish","type":"post","link":"https:\/\/atecordoba.org\/?p=45989","title":{"rendered":"ATE C\u00f3rdoba, UEPC Capital y UTS presentan anteproyecto en la Legislatura contra los abusos de APROSS"},"content":{"rendered":"<p><a href=\"https:\/\/atecordoba.org\/wp-content\/uploads\/2024\/10\/WhatsApp-Image-2024-10-08-at-1.20.32-PM-1-scaled.jpeg\"><img loading=\"lazy\" decoding=\"async\" class=\"alignnone wp-image-45997 size-full\" src=\"https:\/\/atecordoba.org\/wp-content\/uploads\/2024\/10\/WhatsApp-Image-2024-10-08-at-1.20.32-PM-1-scaled.jpeg\" alt=\"\" width=\"2560\" height=\"1922\" srcset=\"https:\/\/atecordoba.org\/wp-content\/uploads\/2024\/10\/WhatsApp-Image-2024-10-08-at-1.20.32-PM-1-scaled.jpeg 2560w, https:\/\/atecordoba.org\/wp-content\/uploads\/2024\/10\/WhatsApp-Image-2024-10-08-at-1.20.32-PM-1-300x225.jpeg 300w, https:\/\/atecordoba.org\/wp-content\/uploads\/2024\/10\/WhatsApp-Image-2024-10-08-at-1.20.32-PM-1-1024x769.jpeg 1024w, https:\/\/atecordoba.org\/wp-content\/uploads\/2024\/10\/WhatsApp-Image-2024-10-08-at-1.20.32-PM-1-768x577.jpeg 768w, https:\/\/atecordoba.org\/wp-content\/uploads\/2024\/10\/WhatsApp-Image-2024-10-08-at-1.20.32-PM-1-1536x1153.jpeg 1536w, https:\/\/atecordoba.org\/wp-content\/uploads\/2024\/10\/WhatsApp-Image-2024-10-08-at-1.20.32-PM-1-2048x1537.jpeg 2048w, https:\/\/atecordoba.org\/wp-content\/uploads\/2024\/10\/WhatsApp-Image-2024-10-08-at-1.20.32-PM-1-750x563.jpeg 750w, https:\/\/atecordoba.org\/wp-content\/uploads\/2024\/10\/WhatsApp-Image-2024-10-08-at-1.20.32-PM-1-1140x856.jpeg 1140w\" sizes=\"auto, (max-width: 2560px) 100vw, 2560px\" \/><\/a><\/p>\n<p>Este 8 de octubre, ATE C\u00f3rdoba, en conjunto con UEPC Capital y UTS, present\u00f3 un anteproyecto en la Legislatura Provincial para derogar los descuentos extraordinarios aplicados por APROSS y la Caja de Jubilaciones. Estos descuentos, entre ellos el Fondo de Enfermedades Catastr\u00f3ficas y el FOSAET, aumentaron del 4.5% al 5.5%, confiscando los salarios de las y los trabajadores estatales.<\/p>\n<p><a href=\"https:\/\/atecordoba.org\/wp-content\/uploads\/2024\/10\/WhatsApp-Image-2024-10-08-at-10.14.27-AM-1-scaled.jpeg\"><img loading=\"lazy\" decoding=\"async\" class=\"alignnone size-medium wp-image-45990\" src=\"https:\/\/atecordoba.org\/wp-content\/uploads\/2024\/10\/WhatsApp-Image-2024-10-08-at-10.14.27-AM-1-300x225.jpeg\" alt=\"\" width=\"300\" height=\"225\" srcset=\"https:\/\/atecordoba.org\/wp-content\/uploads\/2024\/10\/WhatsApp-Image-2024-10-08-at-10.14.27-AM-1-300x225.jpeg 300w, https:\/\/atecordoba.org\/wp-content\/uploads\/2024\/10\/WhatsApp-Image-2024-10-08-at-10.14.27-AM-1-1024x769.jpeg 1024w, https:\/\/atecordoba.org\/wp-content\/uploads\/2024\/10\/WhatsApp-Image-2024-10-08-at-10.14.27-AM-1-768x577.jpeg 768w, https:\/\/atecordoba.org\/wp-content\/uploads\/2024\/10\/WhatsApp-Image-2024-10-08-at-10.14.27-AM-1-1536x1153.jpeg 1536w, https:\/\/atecordoba.org\/wp-content\/uploads\/2024\/10\/WhatsApp-Image-2024-10-08-at-10.14.27-AM-1-2048x1537.jpeg 2048w, https:\/\/atecordoba.org\/wp-content\/uploads\/2024\/10\/WhatsApp-Image-2024-10-08-at-10.14.27-AM-1-750x563.jpeg 750w, https:\/\/atecordoba.org\/wp-content\/uploads\/2024\/10\/WhatsApp-Image-2024-10-08-at-10.14.27-AM-1-1140x856.jpeg 1140w\" sizes=\"auto, (max-width: 300px) 100vw, 300px\" \/><\/a> <a href=\"https:\/\/atecordoba.org\/wp-content\/uploads\/2024\/10\/WhatsApp-Image-2024-10-08-at-10.14.27-AM-scaled.jpeg\"><img loading=\"lazy\" decoding=\"async\" class=\"alignnone size-medium wp-image-45991\" src=\"https:\/\/atecordoba.org\/wp-content\/uploads\/2024\/10\/WhatsApp-Image-2024-10-08-at-10.14.27-AM-300x225.jpeg\" alt=\"\" width=\"300\" height=\"225\" srcset=\"https:\/\/atecordoba.org\/wp-content\/uploads\/2024\/10\/WhatsApp-Image-2024-10-08-at-10.14.27-AM-300x225.jpeg 300w, https:\/\/atecordoba.org\/wp-content\/uploads\/2024\/10\/WhatsApp-Image-2024-10-08-at-10.14.27-AM-1024x769.jpeg 1024w, https:\/\/atecordoba.org\/wp-content\/uploads\/2024\/10\/WhatsApp-Image-2024-10-08-at-10.14.27-AM-768x577.jpeg 768w, https:\/\/atecordoba.org\/wp-content\/uploads\/2024\/10\/WhatsApp-Image-2024-10-08-at-10.14.27-AM-1536x1153.jpeg 1536w, https:\/\/atecordoba.org\/wp-content\/uploads\/2024\/10\/WhatsApp-Image-2024-10-08-at-10.14.27-AM-2048x1537.jpeg 2048w, https:\/\/atecordoba.org\/wp-content\/uploads\/2024\/10\/WhatsApp-Image-2024-10-08-at-10.14.27-AM-750x563.jpeg 750w, https:\/\/atecordoba.org\/wp-content\/uploads\/2024\/10\/WhatsApp-Image-2024-10-08-at-10.14.27-AM-1140x856.jpeg 1140w\" sizes=\"auto, (max-width: 300px) 100vw, 300px\" \/><\/a><\/p>\n<p>Durante la jornada, las y los representantes gremiales mantuvieron reuniones con distintos bloques legislativos, buscando apoyo para la eliminaci\u00f3n de estos cargos que consideran abusivos y arbitrarios. Se reunieron con los bloques de UCR, Encuentro Vecinal C\u00f3rdoba, Frente C\u00edvico, FIT, Creo en C\u00f3rdoba entre otros.<\/p>\n<p>Formaron parte de la jornada Federico Giuliani secretario general ATE C\u00f3rdoba, Franco Boczkowski secretario general de UEPC Capital, Gast\u00f3n Vacchiani secretario general de UTS, Graciela G\u00fcell secretaria adjunta de UEPC Capital, Jorge Chalup secretario gremial de ATE C\u00f3rdoba, y C\u00e9sar Theaux secretario de Derechos Humanos de ATE C\u00f3rdoba.<\/p>\n<p><strong>Reclamos principales:<\/strong><\/p>\n<p><a href=\"https:\/\/atecordoba.org\/wp-content\/uploads\/2024\/10\/WhatsApp-Image-2024-10-08-at-10.14.28-AM-1-scaled.jpeg\"><img loading=\"lazy\" decoding=\"async\" class=\"alignnone size-medium wp-image-45992\" src=\"https:\/\/atecordoba.org\/wp-content\/uploads\/2024\/10\/WhatsApp-Image-2024-10-08-at-10.14.28-AM-1-300x225.jpeg\" alt=\"\" width=\"300\" height=\"225\" srcset=\"https:\/\/atecordoba.org\/wp-content\/uploads\/2024\/10\/WhatsApp-Image-2024-10-08-at-10.14.28-AM-1-300x225.jpeg 300w, https:\/\/atecordoba.org\/wp-content\/uploads\/2024\/10\/WhatsApp-Image-2024-10-08-at-10.14.28-AM-1-1024x769.jpeg 1024w, https:\/\/atecordoba.org\/wp-content\/uploads\/2024\/10\/WhatsApp-Image-2024-10-08-at-10.14.28-AM-1-768x577.jpeg 768w, https:\/\/atecordoba.org\/wp-content\/uploads\/2024\/10\/WhatsApp-Image-2024-10-08-at-10.14.28-AM-1-1536x1153.jpeg 1536w, https:\/\/atecordoba.org\/wp-content\/uploads\/2024\/10\/WhatsApp-Image-2024-10-08-at-10.14.28-AM-1-2048x1537.jpeg 2048w, https:\/\/atecordoba.org\/wp-content\/uploads\/2024\/10\/WhatsApp-Image-2024-10-08-at-10.14.28-AM-1-750x563.jpeg 750w, https:\/\/atecordoba.org\/wp-content\/uploads\/2024\/10\/WhatsApp-Image-2024-10-08-at-10.14.28-AM-1-1140x856.jpeg 1140w\" sizes=\"auto, (max-width: 300px) 100vw, 300px\" \/><\/a> <a href=\"https:\/\/atecordoba.org\/wp-content\/uploads\/2024\/10\/WhatsApp-Image-2024-10-08-at-10.14.28-AM-scaled.jpeg\"><img loading=\"lazy\" decoding=\"async\" class=\"alignnone size-medium wp-image-45993\" src=\"https:\/\/atecordoba.org\/wp-content\/uploads\/2024\/10\/WhatsApp-Image-2024-10-08-at-10.14.28-AM-300x225.jpeg\" alt=\"\" width=\"300\" height=\"225\" srcset=\"https:\/\/atecordoba.org\/wp-content\/uploads\/2024\/10\/WhatsApp-Image-2024-10-08-at-10.14.28-AM-300x225.jpeg 300w, https:\/\/atecordoba.org\/wp-content\/uploads\/2024\/10\/WhatsApp-Image-2024-10-08-at-10.14.28-AM-1024x768.jpeg 1024w, https:\/\/atecordoba.org\/wp-content\/uploads\/2024\/10\/WhatsApp-Image-2024-10-08-at-10.14.28-AM-768x576.jpeg 768w, https:\/\/atecordoba.org\/wp-content\/uploads\/2024\/10\/WhatsApp-Image-2024-10-08-at-10.14.28-AM-1536x1152.jpeg 1536w, https:\/\/atecordoba.org\/wp-content\/uploads\/2024\/10\/WhatsApp-Image-2024-10-08-at-10.14.28-AM-2048x1536.jpeg 2048w, https:\/\/atecordoba.org\/wp-content\/uploads\/2024\/10\/WhatsApp-Image-2024-10-08-at-10.14.28-AM-750x563.jpeg 750w, https:\/\/atecordoba.org\/wp-content\/uploads\/2024\/10\/WhatsApp-Image-2024-10-08-at-10.14.28-AM-1140x855.jpeg 1140w\" sizes=\"auto, (max-width: 300px) 100vw, 300px\" \/><\/a><\/p>\n<ul>\n<li>Eliminaci\u00f3n del Fondo de Enfermedades Catastr\u00f3ficas y FOSAET.<\/li>\n<li>Que los incrementos de aportes no excedan los aumentos salariales.<\/li>\n<li>Restablecer el sistema de descuento por recibo de haberes en lugar de d\u00e9bito bancario directo.<\/li>\n<\/ul>\n<p>Federico Giuliani, secretario general de ATE C\u00f3rdoba, expres\u00f3:<\/p>\n<blockquote><p><strong><em>\u201cEstamos en la Legislatura con UEPC Capital y UTS para poner fin a este afano y confiscaci\u00f3n de salarios por parte del APROSS y la Caja de Jubilaciones. Presentamos este anteproyecto para exigir la derogaci\u00f3n de estas leyes que afectan gravemente los ingresos de las y los trabajadores provinciales y municipales. Seguiremos luchando en la legislatura y, de ser necesario, en la justicia, para que APROSS vuelva a ser una herramienta en beneficio de los trabajadores y no una caja discrecional del gobierno.&#8221;<\/em><\/strong><\/p>\n<p><a href=\"https:\/\/atecordoba.org\/wp-content\/uploads\/2024\/10\/WhatsApp-Image-2024-10-08-at-11.56.02-AM.jpeg\"><img loading=\"lazy\" decoding=\"async\" class=\"alignnone size-medium wp-image-45994\" src=\"https:\/\/atecordoba.org\/wp-content\/uploads\/2024\/10\/WhatsApp-Image-2024-10-08-at-11.56.02-AM-300x225.jpeg\" alt=\"\" width=\"300\" height=\"225\" srcset=\"https:\/\/atecordoba.org\/wp-content\/uploads\/2024\/10\/WhatsApp-Image-2024-10-08-at-11.56.02-AM-300x225.jpeg 300w, https:\/\/atecordoba.org\/wp-content\/uploads\/2024\/10\/WhatsApp-Image-2024-10-08-at-11.56.02-AM-1024x768.jpeg 1024w, https:\/\/atecordoba.org\/wp-content\/uploads\/2024\/10\/WhatsApp-Image-2024-10-08-at-11.56.02-AM-768x576.jpeg 768w, https:\/\/atecordoba.org\/wp-content\/uploads\/2024\/10\/WhatsApp-Image-2024-10-08-at-11.56.02-AM-1536x1152.jpeg 1536w, https:\/\/atecordoba.org\/wp-content\/uploads\/2024\/10\/WhatsApp-Image-2024-10-08-at-11.56.02-AM-750x563.jpeg 750w, https:\/\/atecordoba.org\/wp-content\/uploads\/2024\/10\/WhatsApp-Image-2024-10-08-at-11.56.02-AM-1140x855.jpeg 1140w, https:\/\/atecordoba.org\/wp-content\/uploads\/2024\/10\/WhatsApp-Image-2024-10-08-at-11.56.02-AM.jpeg 1600w\" sizes=\"auto, (max-width: 300px) 100vw, 300px\" \/><\/a> <a href=\"https:\/\/atecordoba.org\/wp-content\/uploads\/2024\/10\/WhatsApp-Image-2024-10-08-at-12.41.36-PM.jpeg\"><img loading=\"lazy\" decoding=\"async\" class=\"alignnone size-medium wp-image-45995\" src=\"https:\/\/atecordoba.org\/wp-content\/uploads\/2024\/10\/WhatsApp-Image-2024-10-08-at-12.41.36-PM-300x225.jpeg\" alt=\"\" width=\"300\" height=\"225\" srcset=\"https:\/\/atecordoba.org\/wp-content\/uploads\/2024\/10\/WhatsApp-Image-2024-10-08-at-12.41.36-PM-300x225.jpeg 300w, https:\/\/atecordoba.org\/wp-content\/uploads\/2024\/10\/WhatsApp-Image-2024-10-08-at-12.41.36-PM-1024x768.jpeg 1024w, https:\/\/atecordoba.org\/wp-content\/uploads\/2024\/10\/WhatsApp-Image-2024-10-08-at-12.41.36-PM-768x576.jpeg 768w, https:\/\/atecordoba.org\/wp-content\/uploads\/2024\/10\/WhatsApp-Image-2024-10-08-at-12.41.36-PM-1536x1152.jpeg 1536w, https:\/\/atecordoba.org\/wp-content\/uploads\/2024\/10\/WhatsApp-Image-2024-10-08-at-12.41.36-PM-750x563.jpeg 750w, https:\/\/atecordoba.org\/wp-content\/uploads\/2024\/10\/WhatsApp-Image-2024-10-08-at-12.41.36-PM-1140x855.jpeg 1140w, https:\/\/atecordoba.org\/wp-content\/uploads\/2024\/10\/WhatsApp-Image-2024-10-08-at-12.41.36-PM.jpeg 1600w\" sizes=\"auto, (max-width: 300px) 100vw, 300px\" \/><\/a><\/p><\/blockquote>\n<p>Desde ATE C\u00f3rdoba, invitamos a todas las y los afiliados a sumarse a esta lucha para proteger los derechos de quienes forman parte del sistema de salud provincial y exigir que estas pr\u00e1cticas arbitrarias sean eliminadas.<\/p>\n<p><a href=\"https:\/\/atecordoba.org\/wp-content\/uploads\/2024\/10\/WhatsApp-Image-2024-10-08-at-12.19.51-PM.jpeg\"><img loading=\"lazy\" decoding=\"async\" class=\"alignnone size-medium wp-image-45996\" src=\"https:\/\/atecordoba.org\/wp-content\/uploads\/2024\/10\/WhatsApp-Image-2024-10-08-at-12.19.51-PM-300x169.jpeg\" alt=\"\" width=\"300\" height=\"169\" srcset=\"https:\/\/atecordoba.org\/wp-content\/uploads\/2024\/10\/WhatsApp-Image-2024-10-08-at-12.19.51-PM-300x169.jpeg 300w, https:\/\/atecordoba.org\/wp-content\/uploads\/2024\/10\/WhatsApp-Image-2024-10-08-at-12.19.51-PM-1024x576.jpeg 1024w, https:\/\/atecordoba.org\/wp-content\/uploads\/2024\/10\/WhatsApp-Image-2024-10-08-at-12.19.51-PM-768x432.jpeg 768w, https:\/\/atecordoba.org\/wp-content\/uploads\/2024\/10\/WhatsApp-Image-2024-10-08-at-12.19.51-PM-1536x864.jpeg 1536w, https:\/\/atecordoba.org\/wp-content\/uploads\/2024\/10\/WhatsApp-Image-2024-10-08-at-12.19.51-PM-750x422.jpeg 750w, https:\/\/atecordoba.org\/wp-content\/uploads\/2024\/10\/WhatsApp-Image-2024-10-08-at-12.19.51-PM-1140x641.jpeg 1140w, https:\/\/atecordoba.org\/wp-content\/uploads\/2024\/10\/WhatsApp-Image-2024-10-08-at-12.19.51-PM.jpeg 1600w\" sizes=\"auto, (max-width: 300px) 100vw, 300px\" \/><\/a><\/p>\n<p><strong>Agenda de reuniones del d\u00eda:<\/strong><\/p>\n<ul>\n<li>10 hs: Reuni\u00f3n con el Bloque Rossi (UCR)<\/li>\n<li>11:30 hs: Reuni\u00f3n con Rodrigo Agrelo (Encuentro Vecinal C\u00f3rdoba)<\/li>\n<li>12 hs: Reuni\u00f3n con el Bloque de Federico Alessandri<\/li>\n<li>12:30 hs: Reuni\u00f3n con el Bloque Frente C\u00edvico<\/li>\n<li>13 hs: Reuni\u00f3n con Luciana Echeverr\u00eda (FIT)<\/li>\n<li>14 hs: Reuni\u00f3n con el Bloque UCR<\/li>\n<\/ul>\n","protected":false},"excerpt":{"rendered":"<p>Este 8 de octubre, ATE C\u00f3rdoba, en conjunto con UEPC Capital y UTS, present\u00f3 un anteproyecto en la Legislatura Provincial para derogar los descuentos extraordinarios aplicados por APROSS y la Caja de Jubilaciones. Estos descuentos, entre ellos el Fondo de Enfermedades Catastr\u00f3ficas y el FOSAET, aumentaron del 4.5% al 5.5%, confiscando los salarios de las [&hellip;]<\/p>\n","protected":false},"author":3,"featured_media":45997,"comment_status":"open","ping_status":"open","sticky":false,"template":"","format":"standard","meta":{"_exactmetrics_skip_tracking":false,"_exactmetrics_sitenote_active":false,"_exactmetrics_sitenote_note":"","_exactmetrics_sitenote_category":0,"jnews-multi-image_gallery":[],"jnews_single_post":{"format":"standard","override":[{"template":"1","parallax":"1","fullscreen":"1","layout":"no-sidebar-narrow","sidebar":"default-sidebar","second_sidebar":"default-sidebar","sticky_sidebar":"1","share_position":"bottom","share_float_style":"share-monocrhome","show_share_counter":"1","show_view_counter":"1","show_post_meta":"1","show_post_author_image":"1","show_post_date":"1","post_date_format":"default","post_date_format_custom":"Y\/m\/d","show_post_category":"1","show_post_reading_time":"0","post_reading_time_wpm":"300","post_calculate_word_method":"str_word_count","show_zoom_button":"0","zoom_button_out_step":"2","zoom_button_in_step":"3","show_post_tag":"1","number_popup_post":"1","show_post_related":"1","show_inline_post_related":"0"}],"image_override":[{"single_post_thumbnail_size":"crop-500","single_post_gallery_size":"crop-500"}],"trending_post_position":"meta","trending_post_label":"Trending","sponsored_post_label":"Sponsored by","disable_ad":"0"},"jnews_primary_category":[],"jnews_social_meta":[],"jnews_review":[],"enable_review":"","type":"percentage","name":"","summary":"","brand":"","sku":"","good":[],"bad":[],"score_override":"","override_value":"","rating":[],"price":[],"jnews_override_counter":{"view_counter_number":"0","share_counter_number":"0","like_counter_number":"0","dislike_counter_number":"0"},"jnews_post_split":{"post_split":[{"template":"1","tag":"h2","numbering":"asc","mode":"normal","first":"0","enable_toc":"0","toc_type":"normal"}]},"footnotes":""},"categories":[10],"tags":[],"class_list":["post-45989","post","type-post","status-publish","format-standard","has-post-thumbnail","hentry","category-accion-politica"],"jetpack_featured_media_url":"https:\/\/atecordoba.org\/wp-content\/uploads\/2024\/10\/WhatsApp-Image-2024-10-08-at-1.20.32-PM-1-scaled.jpeg","_links":{"self":[{"href":"https:\/\/atecordoba.org\/index.php?rest_route=\/wp\/v2\/posts\/45989","targetHints":{"allow":["GET"]}}],"collection":[{"href":"https:\/\/atecordoba.org\/index.php?rest_route=\/wp\/v2\/posts"}],"about":[{"href":"https:\/\/atecordoba.org\/index.php?rest_route=\/wp\/v2\/types\/post"}],"author":[{"embeddable":true,"href":"https:\/\/atecordoba.org\/index.php?rest_route=\/wp\/v2\/users\/3"}],"replies":[{"embeddable":true,"href":"https:\/\/atecordoba.org\/index.php?rest_route=%2Fwp%2Fv2%2Fcomments&post=45989"}],"version-history":[{"count":2,"href":"https:\/\/atecordoba.org\/index.php?rest_route=\/wp\/v2\/posts\/45989\/revisions"}],"predecessor-version":[{"id":45999,"href":"https:\/\/atecordoba.org\/index.php?rest_route=\/wp\/v2\/posts\/45989\/revisions\/45999"}],"wp:featuredmedia":[{"embeddable":true,"href":"https:\/\/atecordoba.org\/index.php?rest_route=\/wp\/v2\/media\/45997"}],"wp:attachment":[{"href":"https:\/\/atecordoba.org\/index.php?rest_route=%2Fwp%2Fv2%2Fmedia&parent=45989"}],"wp:term":[{"taxonomy":"category","embeddable":true,"href":"https:\/\/atecordoba.org\/index.php?rest_route=%2Fwp%2Fv2%2Fcategories&post=45989"},{"taxonomy":"post_tag","embeddable":true,"href":"https:\/\/atecordoba.org\/index.php?rest_route=%2Fwp%2Fv2%2Ftags&post=45989"}],"curies":[{"name":"wp","href":"https:\/\/api.w.org\/{rel}","templated":true}]}}