{"id":45987,"date":"2024-10-07T12:17:03","date_gmt":"2024-10-07T15:17:03","guid":{"rendered":"https:\/\/atecordoba.org\/?p=45987"},"modified":"2024-10-07T12:18:17","modified_gmt":"2024-10-07T15:18:17","slug":"ate-cordoba-convoca-al-plenario-provincial-de-delegados-y-delegadas-municipales","status":"publish","type":"post","link":"https:\/\/atecordoba.org\/?p=45987","title":{"rendered":"ATE C\u00f3rdoba Convoca al Plenario provincial de Delegados y Delegadas Municipales"},"content":{"rendered":"\n<figure class=\"wp-block-image size-large\"><img loading=\"lazy\" decoding=\"async\" width=\"300\" height=\"225\" src=\"https:\/\/atecordoba.org\/wp-content\/uploads\/2024\/10\/image_editor_output_image976437740-17283140388645047302262213757389-300x225.jpeg\" alt=\"\" class=\"wp-image-45983\" srcset=\"https:\/\/atecordoba.org\/wp-content\/uploads\/2024\/10\/image_editor_output_image976437740-17283140388645047302262213757389-300x225.jpeg 300w, https:\/\/atecordoba.org\/wp-content\/uploads\/2024\/10\/image_editor_output_image976437740-17283140388645047302262213757389-768x576.jpeg 768w, https:\/\/atecordoba.org\/wp-content\/uploads\/2024\/10\/image_editor_output_image976437740-17283140388645047302262213757389-750x563.jpeg 750w, https:\/\/atecordoba.org\/wp-content\/uploads\/2024\/10\/image_editor_output_image976437740-17283140388645047302262213757389.jpeg 1024w\" sizes=\"auto, (max-width: 300px) 100vw, 300px\" \/><\/figure>\n\n\n\n<p>Este mi\u00e9rcoles 9 de octubre, a partir de las 9:00 hs, se llevar\u00e1 a cabo el <strong>Plenario Provincial de Delegados y Delegadas Municipales<\/strong> en la sede del sindicato ATE C\u00f3rdoba, ubicada en Entre R\u00edos 450. El encuentro se centrar\u00e1 en la defensa de salarios dignos, la estabilidad laboral y mejores condiciones de trabajo para las y los municipales de toda la provincia.<\/p>\n\n\n\n<figure class=\"wp-block-image size-large\"><img loading=\"lazy\" decoding=\"async\" width=\"1024\" height=\"768\" src=\"https:\/\/atecordoba.org\/wp-content\/uploads\/2024\/10\/whatsapp-image-2024-09-26-at-116785107974123193222-1024x768.jpeg\" alt=\"\" class=\"wp-image-45984\" srcset=\"https:\/\/atecordoba.org\/wp-content\/uploads\/2024\/10\/whatsapp-image-2024-09-26-at-116785107974123193222-1024x768.jpeg 1024w, https:\/\/atecordoba.org\/wp-content\/uploads\/2024\/10\/whatsapp-image-2024-09-26-at-116785107974123193222-300x225.jpeg 300w, https:\/\/atecordoba.org\/wp-content\/uploads\/2024\/10\/whatsapp-image-2024-09-26-at-116785107974123193222-768x576.jpeg 768w, https:\/\/atecordoba.org\/wp-content\/uploads\/2024\/10\/whatsapp-image-2024-09-26-at-116785107974123193222-1536x1152.jpeg 1536w, https:\/\/atecordoba.org\/wp-content\/uploads\/2024\/10\/whatsapp-image-2024-09-26-at-116785107974123193222-750x563.jpeg 750w, https:\/\/atecordoba.org\/wp-content\/uploads\/2024\/10\/whatsapp-image-2024-09-26-at-116785107974123193222-1140x855.jpeg 1140w, https:\/\/atecordoba.org\/wp-content\/uploads\/2024\/10\/whatsapp-image-2024-09-26-at-116785107974123193222.jpeg 1600w\" sizes=\"auto, (max-width: 1024px) 100vw, 1024px\" \/><\/figure>\n\n\n\n<p><br><br>En el marco del Encuentro Regional de la Regi\u00f3n Centro, que contar\u00e1 con la participaci\u00f3n de delegaciones de C\u00f3rdoba, Santa Fe y Entre R\u00edos, ATE busca consolidar un frente unificado y avanzar hacia un convenio colectivo de trabajo que garantice derechos y mejores condiciones para las y los trabajadores municipales. Este plenario ser\u00e1 clave para evaluar el avance de las negociaciones, presentar informes sobre la evoluci\u00f3n de los salarios, y planificar nuevas acciones en la lucha por la municipalizaci\u00f3n del sindicato.<br><br>En la convocatoria, se subrayar\u00e1 la importancia del rol de las y los delegados como la &#8220;polea de transmisi\u00f3n&#8221; m\u00e1s importante del sindicato, destacando la necesidad de fortalecer y capacitar a quienes tienen la responsabilidad de defender los derechos laborales en cada sector. Asimismo, se reiterar\u00e1 la relevancia de que las y los trabajadores municipales se reconozcan como parte fundamental del Estado.<br><br>ATE C\u00f3rdoba sigue firme en la defensa de la libertad y la democracia sindical, buscando establecer su presencia en cada uno de los municipios, lograr ser reconocidos como paritarios y evitar la judicializaci\u00f3n de los conflictos laborales. <strong>\u00a1La lucha por un modelo sindical representativo, democr\u00e1tico y al servicio de las y los trabajadores municipales contin\u00faa!<\/strong><\/p>\n\n\n\n<figure class=\"wp-block-image size-large\"><img loading=\"lazy\" decoding=\"async\" width=\"300\" height=\"214\" src=\"https:\/\/atecordoba.org\/wp-content\/uploads\/2024\/10\/whatsapp-image-2024-09-17-at-123286940217037800854-300x214.jpeg\" alt=\"\" class=\"wp-image-45985\" srcset=\"https:\/\/atecordoba.org\/wp-content\/uploads\/2024\/10\/whatsapp-image-2024-09-17-at-123286940217037800854-300x214.jpeg 300w, https:\/\/atecordoba.org\/wp-content\/uploads\/2024\/10\/whatsapp-image-2024-09-17-at-123286940217037800854-120x86.jpeg 120w, https:\/\/atecordoba.org\/wp-content\/uploads\/2024\/10\/whatsapp-image-2024-09-17-at-123286940217037800854.jpeg 350w\" sizes=\"auto, (max-width: 300px) 100vw, 300px\" \/><\/figure>\n\n\n\n<p><strong><em>\u00a1Seguimos en pie de lucha por un ATE fuerte y organizado en cada rinc\u00f3n de la provincia!<\/em><\/strong><\/p>\n\n\n\n\n\n<p><\/p>\n\n\n\n<p><\/p>\n","protected":false},"excerpt":{"rendered":"<p>Este mi\u00e9rcoles 9 de octubre, a partir de las 9:00 hs, se llevar\u00e1 a cabo el Plenario Provincial de Delegados y Delegadas Municipales en la sede del sindicato ATE C\u00f3rdoba, ubicada en Entre R\u00edos 450. El encuentro se centrar\u00e1 en la defensa de salarios dignos, la estabilidad laboral y mejores condiciones de trabajo para las [&hellip;]<\/p>\n","protected":false},"author":3,"featured_media":45986,"comment_status":"open","ping_status":"open","sticky":false,"template":"","format":"standard","meta":{"_exactmetrics_skip_tracking":false,"_exactmetrics_sitenote_active":false,"_exactmetrics_sitenote_note":"","_exactmetrics_sitenote_category":0,"jnews-multi-image_gallery":[],"jnews_single_post":[],"jnews_primary_category":[],"jnews_social_meta":[],"jnews_review":[],"enable_review":"","type":"","name":"","summary":"","brand":"","sku":"","good":[],"bad":[],"score_override":"","override_value":"","rating":[],"price":[],"jnews_override_counter":[],"jnews_post_split":[],"footnotes":""},"categories":[20],"tags":[],"class_list":["post-45987","post","type-post","status-publish","format-standard","has-post-thumbnail","hentry","category-municipales"],"jetpack_featured_media_url":"https:\/\/atecordoba.org\/wp-content\/uploads\/2024\/10\/WhatsApp-Image-2024-09-26-at-11.08.59.jpeg","_links":{"self":[{"href":"https:\/\/atecordoba.org\/index.php?rest_route=\/wp\/v2\/posts\/45987","targetHints":{"allow":["GET"]}}],"collection":[{"href":"https:\/\/atecordoba.org\/index.php?rest_route=\/wp\/v2\/posts"}],"about":[{"href":"https:\/\/atecordoba.org\/index.php?rest_route=\/wp\/v2\/types\/post"}],"author":[{"embeddable":true,"href":"https:\/\/atecordoba.org\/index.php?rest_route=\/wp\/v2\/users\/3"}],"replies":[{"embeddable":true,"href":"https:\/\/atecordoba.org\/index.php?rest_route=%2Fwp%2Fv2%2Fcomments&post=45987"}],"version-history":[{"count":1,"href":"https:\/\/atecordoba.org\/index.php?rest_route=\/wp\/v2\/posts\/45987\/revisions"}],"predecessor-version":[{"id":45988,"href":"https:\/\/atecordoba.org\/index.php?rest_route=\/wp\/v2\/posts\/45987\/revisions\/45988"}],"wp:featuredmedia":[{"embeddable":true,"href":"https:\/\/atecordoba.org\/index.php?rest_route=\/wp\/v2\/media\/45986"}],"wp:attachment":[{"href":"https:\/\/atecordoba.org\/index.php?rest_route=%2Fwp%2Fv2%2Fmedia&parent=45987"}],"wp:term":[{"taxonomy":"category","embeddable":true,"href":"https:\/\/atecordoba.org\/index.php?rest_route=%2Fwp%2Fv2%2Fcategories&post=45987"},{"taxonomy":"post_tag","embeddable":true,"href":"https:\/\/atecordoba.org\/index.php?rest_route=%2Fwp%2Fv2%2Ftags&post=45987"}],"curies":[{"name":"wp","href":"https:\/\/api.w.org\/{rel}","templated":true}]}}