{"id":45964,"date":"2024-10-03T09:51:12","date_gmt":"2024-10-03T12:51:12","guid":{"rendered":"https:\/\/atecordoba.org\/?p=45964"},"modified":"2024-10-03T10:06:05","modified_gmt":"2024-10-03T13:06:05","slug":"taller-sobre-riesgos-del-trabajo-en-ballesteros-y-monte-lena-compromiso-con-la-seguridad-laboral","status":"publish","type":"post","link":"https:\/\/atecordoba.org\/?p=45964","title":{"rendered":"Taller sobre Riesgos del Trabajo en Ballesteros Sud y Monte Le\u00f1a: Compromiso con la Seguridad Laboral"},"content":{"rendered":"<p><a href=\"https:\/\/atecordoba.org\/wp-content\/uploads\/2024\/10\/WhatsApp-Image-2024-10-03-at-8.54.01-AM.jpeg\"><img loading=\"lazy\" decoding=\"async\" class=\"alignnone wp-image-45972 size-full\" src=\"https:\/\/atecordoba.org\/wp-content\/uploads\/2024\/10\/WhatsApp-Image-2024-10-03-at-8.54.01-AM.jpeg\" alt=\"\" width=\"1280\" height=\"960\" srcset=\"https:\/\/atecordoba.org\/wp-content\/uploads\/2024\/10\/WhatsApp-Image-2024-10-03-at-8.54.01-AM.jpeg 1280w, https:\/\/atecordoba.org\/wp-content\/uploads\/2024\/10\/WhatsApp-Image-2024-10-03-at-8.54.01-AM-300x225.jpeg 300w, https:\/\/atecordoba.org\/wp-content\/uploads\/2024\/10\/WhatsApp-Image-2024-10-03-at-8.54.01-AM-1024x768.jpeg 1024w, https:\/\/atecordoba.org\/wp-content\/uploads\/2024\/10\/WhatsApp-Image-2024-10-03-at-8.54.01-AM-768x576.jpeg 768w, https:\/\/atecordoba.org\/wp-content\/uploads\/2024\/10\/WhatsApp-Image-2024-10-03-at-8.54.01-AM-750x563.jpeg 750w, https:\/\/atecordoba.org\/wp-content\/uploads\/2024\/10\/WhatsApp-Image-2024-10-03-at-8.54.01-AM-1140x855.jpeg 1140w\" sizes=\"auto, (max-width: 1280px) 100vw, 1280px\" \/><\/a><\/p>\n<p>Ayer, 2 de octubre, se llevaron a cabo talleres sobre Riesgos del Trabajo, organizados por la<strong> Secretar\u00eda de Salud y Seguridad Laboral de ATE C\u00f3rdoba<\/strong>, en las localidades de Ballesteros Sud y Monte Le\u00f1a. En estas instancias se abordaron medidas de seguridad, elementos de protecci\u00f3n, identificaci\u00f3n de riesgos laborales, y se reforzaron las acciones preventivas. Adem\u00e1s, se discutieron las obligaciones de los empleadores, derechos de los trabajadores, y el procedimiento ante las ART.<\/p>\n<p><a href=\"https:\/\/atecordoba.org\/wp-content\/uploads\/2024\/10\/WhatsApp-Image-2024-10-03-at-8.54.04-AM.jpeg\"><img loading=\"lazy\" decoding=\"async\" class=\"alignnone size-medium wp-image-45965\" src=\"https:\/\/atecordoba.org\/wp-content\/uploads\/2024\/10\/WhatsApp-Image-2024-10-03-at-8.54.04-AM-300x225.jpeg\" alt=\"\" width=\"300\" height=\"225\" srcset=\"https:\/\/atecordoba.org\/wp-content\/uploads\/2024\/10\/WhatsApp-Image-2024-10-03-at-8.54.04-AM-300x225.jpeg 300w, https:\/\/atecordoba.org\/wp-content\/uploads\/2024\/10\/WhatsApp-Image-2024-10-03-at-8.54.04-AM-1024x768.jpeg 1024w, https:\/\/atecordoba.org\/wp-content\/uploads\/2024\/10\/WhatsApp-Image-2024-10-03-at-8.54.04-AM-768x576.jpeg 768w, https:\/\/atecordoba.org\/wp-content\/uploads\/2024\/10\/WhatsApp-Image-2024-10-03-at-8.54.04-AM-750x563.jpeg 750w, https:\/\/atecordoba.org\/wp-content\/uploads\/2024\/10\/WhatsApp-Image-2024-10-03-at-8.54.04-AM-1140x855.jpeg 1140w, https:\/\/atecordoba.org\/wp-content\/uploads\/2024\/10\/WhatsApp-Image-2024-10-03-at-8.54.04-AM.jpeg 1280w\" sizes=\"auto, (max-width: 300px) 100vw, 300px\" \/><\/a> <a href=\"https:\/\/atecordoba.org\/wp-content\/uploads\/2024\/10\/WhatsApp-Image-2024-10-03-at-8.54.03-AM-1.jpeg\"><img loading=\"lazy\" decoding=\"async\" class=\"alignnone size-medium wp-image-45966\" src=\"https:\/\/atecordoba.org\/wp-content\/uploads\/2024\/10\/WhatsApp-Image-2024-10-03-at-8.54.03-AM-1-300x225.jpeg\" alt=\"\" width=\"300\" height=\"225\" srcset=\"https:\/\/atecordoba.org\/wp-content\/uploads\/2024\/10\/WhatsApp-Image-2024-10-03-at-8.54.03-AM-1-300x225.jpeg 300w, https:\/\/atecordoba.org\/wp-content\/uploads\/2024\/10\/WhatsApp-Image-2024-10-03-at-8.54.03-AM-1-1024x768.jpeg 1024w, https:\/\/atecordoba.org\/wp-content\/uploads\/2024\/10\/WhatsApp-Image-2024-10-03-at-8.54.03-AM-1-768x576.jpeg 768w, https:\/\/atecordoba.org\/wp-content\/uploads\/2024\/10\/WhatsApp-Image-2024-10-03-at-8.54.03-AM-1-1536x1152.jpeg 1536w, https:\/\/atecordoba.org\/wp-content\/uploads\/2024\/10\/WhatsApp-Image-2024-10-03-at-8.54.03-AM-1-750x563.jpeg 750w, https:\/\/atecordoba.org\/wp-content\/uploads\/2024\/10\/WhatsApp-Image-2024-10-03-at-8.54.03-AM-1-1140x855.jpeg 1140w, https:\/\/atecordoba.org\/wp-content\/uploads\/2024\/10\/WhatsApp-Image-2024-10-03-at-8.54.03-AM-1.jpeg 1600w\" sizes=\"auto, (max-width: 300px) 100vw, 300px\" \/><\/a> <a href=\"https:\/\/atecordoba.org\/wp-content\/uploads\/2024\/10\/WhatsApp-Image-2024-10-03-at-8.54.03-AM.jpeg\"><img loading=\"lazy\" decoding=\"async\" class=\"alignnone size-medium wp-image-45967\" src=\"https:\/\/atecordoba.org\/wp-content\/uploads\/2024\/10\/WhatsApp-Image-2024-10-03-at-8.54.03-AM-300x225.jpeg\" alt=\"\" width=\"300\" height=\"225\" srcset=\"https:\/\/atecordoba.org\/wp-content\/uploads\/2024\/10\/WhatsApp-Image-2024-10-03-at-8.54.03-AM-300x225.jpeg 300w, https:\/\/atecordoba.org\/wp-content\/uploads\/2024\/10\/WhatsApp-Image-2024-10-03-at-8.54.03-AM-1024x768.jpeg 1024w, https:\/\/atecordoba.org\/wp-content\/uploads\/2024\/10\/WhatsApp-Image-2024-10-03-at-8.54.03-AM-768x576.jpeg 768w, https:\/\/atecordoba.org\/wp-content\/uploads\/2024\/10\/WhatsApp-Image-2024-10-03-at-8.54.03-AM-750x563.jpeg 750w, https:\/\/atecordoba.org\/wp-content\/uploads\/2024\/10\/WhatsApp-Image-2024-10-03-at-8.54.03-AM-1140x855.jpeg 1140w, https:\/\/atecordoba.org\/wp-content\/uploads\/2024\/10\/WhatsApp-Image-2024-10-03-at-8.54.03-AM.jpeg 1280w\" sizes=\"auto, (max-width: 300px) 100vw, 300px\" \/><\/a> <a href=\"https:\/\/atecordoba.org\/wp-content\/uploads\/2024\/10\/WhatsApp-Image-2024-10-03-at-8.54.02-AM-1.jpeg\"><img loading=\"lazy\" decoding=\"async\" class=\"alignnone size-medium wp-image-45968\" src=\"https:\/\/atecordoba.org\/wp-content\/uploads\/2024\/10\/WhatsApp-Image-2024-10-03-at-8.54.02-AM-1-300x225.jpeg\" alt=\"\" width=\"300\" height=\"225\" srcset=\"https:\/\/atecordoba.org\/wp-content\/uploads\/2024\/10\/WhatsApp-Image-2024-10-03-at-8.54.02-AM-1-300x225.jpeg 300w, https:\/\/atecordoba.org\/wp-content\/uploads\/2024\/10\/WhatsApp-Image-2024-10-03-at-8.54.02-AM-1-1024x768.jpeg 1024w, https:\/\/atecordoba.org\/wp-content\/uploads\/2024\/10\/WhatsApp-Image-2024-10-03-at-8.54.02-AM-1-768x576.jpeg 768w, https:\/\/atecordoba.org\/wp-content\/uploads\/2024\/10\/WhatsApp-Image-2024-10-03-at-8.54.02-AM-1-750x563.jpeg 750w, https:\/\/atecordoba.org\/wp-content\/uploads\/2024\/10\/WhatsApp-Image-2024-10-03-at-8.54.02-AM-1-1140x855.jpeg 1140w, https:\/\/atecordoba.org\/wp-content\/uploads\/2024\/10\/WhatsApp-Image-2024-10-03-at-8.54.02-AM-1.jpeg 1280w\" sizes=\"auto, (max-width: 300px) 100vw, 300px\" \/><\/a><\/p>\n<p>La actividad fue coordinada por la secretaria de Salud Laboral Elisa Ojeda, Alejandra Agnone (secretaria de acci\u00f3n pol\u00edtica), Vanesa Hern\u00e1ndez (SRT) y Estefan\u00eda Carranza (delegada de ANSES).<\/p>\n<p>Este tipo de talleres son fundamentales para brindar herramientas efectivas que mejoren las condiciones laborales y fortalezcan la seguridad de los trabajadores, impulsando la prevenci\u00f3n y el conocimiento de sus derechos en casos de accidentes o enfermedades laborales.<\/p>\n<p><a href=\"https:\/\/atecordoba.org\/wp-content\/uploads\/2024\/10\/WhatsApp-Image-2024-10-03-at-8.54.01-AM-1.jpeg\"><img loading=\"lazy\" decoding=\"async\" class=\"alignnone size-medium wp-image-45970\" src=\"https:\/\/atecordoba.org\/wp-content\/uploads\/2024\/10\/WhatsApp-Image-2024-10-03-at-8.54.01-AM-1-300x225.jpeg\" alt=\"\" width=\"300\" height=\"225\" srcset=\"https:\/\/atecordoba.org\/wp-content\/uploads\/2024\/10\/WhatsApp-Image-2024-10-03-at-8.54.01-AM-1-300x225.jpeg 300w, https:\/\/atecordoba.org\/wp-content\/uploads\/2024\/10\/WhatsApp-Image-2024-10-03-at-8.54.01-AM-1-1024x768.jpeg 1024w, https:\/\/atecordoba.org\/wp-content\/uploads\/2024\/10\/WhatsApp-Image-2024-10-03-at-8.54.01-AM-1-768x576.jpeg 768w, https:\/\/atecordoba.org\/wp-content\/uploads\/2024\/10\/WhatsApp-Image-2024-10-03-at-8.54.01-AM-1-750x563.jpeg 750w, https:\/\/atecordoba.org\/wp-content\/uploads\/2024\/10\/WhatsApp-Image-2024-10-03-at-8.54.01-AM-1-1140x855.jpeg 1140w, https:\/\/atecordoba.org\/wp-content\/uploads\/2024\/10\/WhatsApp-Image-2024-10-03-at-8.54.01-AM-1.jpeg 1280w\" sizes=\"auto, (max-width: 300px) 100vw, 300px\" \/><\/a> <a href=\"https:\/\/atecordoba.org\/wp-content\/uploads\/2024\/10\/WhatsApp-Image-2024-10-03-at-8.54.00-AM.jpeg\"><img loading=\"lazy\" decoding=\"async\" class=\"alignnone size-medium wp-image-45971\" src=\"https:\/\/atecordoba.org\/wp-content\/uploads\/2024\/10\/WhatsApp-Image-2024-10-03-at-8.54.00-AM-300x169.jpeg\" alt=\"\" width=\"300\" height=\"169\" srcset=\"https:\/\/atecordoba.org\/wp-content\/uploads\/2024\/10\/WhatsApp-Image-2024-10-03-at-8.54.00-AM-300x169.jpeg 300w, https:\/\/atecordoba.org\/wp-content\/uploads\/2024\/10\/WhatsApp-Image-2024-10-03-at-8.54.00-AM-1024x576.jpeg 1024w, https:\/\/atecordoba.org\/wp-content\/uploads\/2024\/10\/WhatsApp-Image-2024-10-03-at-8.54.00-AM-768x432.jpeg 768w, https:\/\/atecordoba.org\/wp-content\/uploads\/2024\/10\/WhatsApp-Image-2024-10-03-at-8.54.00-AM-1536x864.jpeg 1536w, https:\/\/atecordoba.org\/wp-content\/uploads\/2024\/10\/WhatsApp-Image-2024-10-03-at-8.54.00-AM-750x422.jpeg 750w, https:\/\/atecordoba.org\/wp-content\/uploads\/2024\/10\/WhatsApp-Image-2024-10-03-at-8.54.00-AM-1140x641.jpeg 1140w, https:\/\/atecordoba.org\/wp-content\/uploads\/2024\/10\/WhatsApp-Image-2024-10-03-at-8.54.00-AM.jpeg 1600w\" sizes=\"auto, (max-width: 300px) 100vw, 300px\" \/><\/a><\/p>\n","protected":false},"excerpt":{"rendered":"<p>Ayer, 2 de octubre, se llevaron a cabo talleres sobre Riesgos del Trabajo, organizados por la Secretar\u00eda de Salud y Seguridad Laboral de ATE C\u00f3rdoba, en las localidades de Ballesteros Sud y Monte Le\u00f1a. En estas instancias se abordaron medidas de seguridad, elementos de protecci\u00f3n, identificaci\u00f3n de riesgos laborales, y se reforzaron las acciones preventivas. [&hellip;]<\/p>\n","protected":false},"author":3,"featured_media":45972,"comment_status":"open","ping_status":"open","sticky":false,"template":"","format":"standard","meta":{"_exactmetrics_skip_tracking":false,"_exactmetrics_sitenote_active":false,"_exactmetrics_sitenote_note":"","_exactmetrics_sitenote_category":0,"jnews-multi-image_gallery":[],"jnews_single_post":{"format":"standard","override":[{"template":"1","parallax":"1","fullscreen":"1","layout":"no-sidebar-narrow","sidebar":"default-sidebar","second_sidebar":"default-sidebar","sticky_sidebar":"1","share_position":"bottom","share_float_style":"share-monocrhome","show_share_counter":"1","show_view_counter":"1","show_post_meta":"1","show_post_author_image":"1","show_post_date":"1","post_date_format":"default","post_date_format_custom":"Y\/m\/d","show_post_category":"1","show_post_reading_time":"0","post_reading_time_wpm":"300","post_calculate_word_method":"str_word_count","show_zoom_button":"0","zoom_button_out_step":"2","zoom_button_in_step":"3","show_post_tag":"1","number_popup_post":"1","show_post_related":"1","show_inline_post_related":"0"}],"image_override":[{"single_post_thumbnail_size":"crop-500","single_post_gallery_size":"crop-500"}],"trending_post_position":"meta","trending_post_label":"Trending","sponsored_post_label":"Sponsored by","disable_ad":"0"},"jnews_primary_category":[],"jnews_social_meta":[],"jnews_review":[],"enable_review":"","type":"percentage","name":"","summary":"","brand":"","sku":"","good":[],"bad":[],"score_override":"","override_value":"","rating":[],"price":[],"jnews_override_counter":{"view_counter_number":"0","share_counter_number":"0","like_counter_number":"0","dislike_counter_number":"0"},"jnews_post_split":{"post_split":[{"template":"1","tag":"h2","numbering":"asc","mode":"normal","first":"0","enable_toc":"0","toc_type":"normal"}]},"footnotes":""},"categories":[94],"tags":[],"class_list":["post-45964","post","type-post","status-publish","format-standard","has-post-thumbnail","hentry","category-salud-laboral"],"jetpack_featured_media_url":"https:\/\/atecordoba.org\/wp-content\/uploads\/2024\/10\/WhatsApp-Image-2024-10-03-at-8.54.01-AM.jpeg","_links":{"self":[{"href":"https:\/\/atecordoba.org\/index.php?rest_route=\/wp\/v2\/posts\/45964","targetHints":{"allow":["GET"]}}],"collection":[{"href":"https:\/\/atecordoba.org\/index.php?rest_route=\/wp\/v2\/posts"}],"about":[{"href":"https:\/\/atecordoba.org\/index.php?rest_route=\/wp\/v2\/types\/post"}],"author":[{"embeddable":true,"href":"https:\/\/atecordoba.org\/index.php?rest_route=\/wp\/v2\/users\/3"}],"replies":[{"embeddable":true,"href":"https:\/\/atecordoba.org\/index.php?rest_route=%2Fwp%2Fv2%2Fcomments&post=45964"}],"version-history":[{"count":6,"href":"https:\/\/atecordoba.org\/index.php?rest_route=\/wp\/v2\/posts\/45964\/revisions"}],"predecessor-version":[{"id":45978,"href":"https:\/\/atecordoba.org\/index.php?rest_route=\/wp\/v2\/posts\/45964\/revisions\/45978"}],"wp:featuredmedia":[{"embeddable":true,"href":"https:\/\/atecordoba.org\/index.php?rest_route=\/wp\/v2\/media\/45972"}],"wp:attachment":[{"href":"https:\/\/atecordoba.org\/index.php?rest_route=%2Fwp%2Fv2%2Fmedia&parent=45964"}],"wp:term":[{"taxonomy":"category","embeddable":true,"href":"https:\/\/atecordoba.org\/index.php?rest_route=%2Fwp%2Fv2%2Fcategories&post=45964"},{"taxonomy":"post_tag","embeddable":true,"href":"https:\/\/atecordoba.org\/index.php?rest_route=%2Fwp%2Fv2%2Ftags&post=45964"}],"curies":[{"name":"wp","href":"https:\/\/api.w.org\/{rel}","templated":true}]}}