{"id":45935,"date":"2024-10-02T10:50:48","date_gmt":"2024-10-02T13:50:48","guid":{"rendered":"https:\/\/atecordoba.org\/?p=45935"},"modified":"2024-10-02T10:58:40","modified_gmt":"2024-10-02T13:58:40","slug":"asamblea-y-reunion-en-mendiolaza-reclamo-de-derechos-laborales","status":"publish","type":"post","link":"https:\/\/atecordoba.org\/?p=45935","title":{"rendered":"Asamblea y Reuni\u00f3n en Mendiolaza: Reclamo de Derechos Laborales"},"content":{"rendered":"<div class=\"flex max-w-full flex-col flex-grow\">\n<div class=\"min-h-8 text-message flex w-full flex-col items-end gap-2 whitespace-normal break-words [.text-message+&amp;]:mt-5\" dir=\"auto\" data-message-author-role=\"assistant\" data-message-id=\"2f6e5275-ec27-4876-aca6-3b804d4156e3\">\n<div class=\"flex w-full flex-col gap-1 empty:hidden first:pt-[3px]\">\n<div class=\"markdown prose w-full break-words dark:prose-invert light\">\n<p><a href=\"https:\/\/atecordoba.org\/wp-content\/uploads\/2024\/10\/WhatsApp-Image-2024-10-02-at-10.44.14-AM-scaled.jpeg\"><img loading=\"lazy\" decoding=\"async\" class=\"alignnone wp-image-45942 size-full\" src=\"https:\/\/atecordoba.org\/wp-content\/uploads\/2024\/10\/WhatsApp-Image-2024-10-02-at-10.44.14-AM-scaled.jpeg\" alt=\"\" width=\"2560\" height=\"1922\" srcset=\"https:\/\/atecordoba.org\/wp-content\/uploads\/2024\/10\/WhatsApp-Image-2024-10-02-at-10.44.14-AM-scaled.jpeg 2560w, https:\/\/atecordoba.org\/wp-content\/uploads\/2024\/10\/WhatsApp-Image-2024-10-02-at-10.44.14-AM-300x225.jpeg 300w, https:\/\/atecordoba.org\/wp-content\/uploads\/2024\/10\/WhatsApp-Image-2024-10-02-at-10.44.14-AM-1024x769.jpeg 1024w, https:\/\/atecordoba.org\/wp-content\/uploads\/2024\/10\/WhatsApp-Image-2024-10-02-at-10.44.14-AM-768x577.jpeg 768w, https:\/\/atecordoba.org\/wp-content\/uploads\/2024\/10\/WhatsApp-Image-2024-10-02-at-10.44.14-AM-1536x1153.jpeg 1536w, https:\/\/atecordoba.org\/wp-content\/uploads\/2024\/10\/WhatsApp-Image-2024-10-02-at-10.44.14-AM-2048x1537.jpeg 2048w, https:\/\/atecordoba.org\/wp-content\/uploads\/2024\/10\/WhatsApp-Image-2024-10-02-at-10.44.14-AM-750x563.jpeg 750w, https:\/\/atecordoba.org\/wp-content\/uploads\/2024\/10\/WhatsApp-Image-2024-10-02-at-10.44.14-AM-1140x856.jpeg 1140w\" sizes=\"auto, (max-width: 2560px) 100vw, 2560px\" \/><\/a><\/p>\n<p>El 1 de octubre, en el marco de la situaci\u00f3n que se viene desarrollando en Mendiolaza, se realiz\u00f3 una asamblea de trabajadoras y trabajadores municipales, seguida de una reuni\u00f3n con el ejecutivo municipal. Esta reuni\u00f3n se da en continuidad al estado de alerta y asamblea declarado el 27 de septiembre por la falta de reapertura de paritarias y despidos injustificados.<\/p>\n<p><a href=\"https:\/\/atecordoba.org\/wp-content\/uploads\/2024\/10\/WhatsApp-Image-2024-10-02-at-10.44.14-AM-2-scaled.jpeg\"><img loading=\"lazy\" decoding=\"async\" class=\"alignnone size-medium wp-image-45936\" src=\"https:\/\/atecordoba.org\/wp-content\/uploads\/2024\/10\/WhatsApp-Image-2024-10-02-at-10.44.14-AM-2-300x225.jpeg\" alt=\"\" width=\"300\" height=\"225\" srcset=\"https:\/\/atecordoba.org\/wp-content\/uploads\/2024\/10\/WhatsApp-Image-2024-10-02-at-10.44.14-AM-2-300x225.jpeg 300w, https:\/\/atecordoba.org\/wp-content\/uploads\/2024\/10\/WhatsApp-Image-2024-10-02-at-10.44.14-AM-2-1024x769.jpeg 1024w, https:\/\/atecordoba.org\/wp-content\/uploads\/2024\/10\/WhatsApp-Image-2024-10-02-at-10.44.14-AM-2-768x577.jpeg 768w, https:\/\/atecordoba.org\/wp-content\/uploads\/2024\/10\/WhatsApp-Image-2024-10-02-at-10.44.14-AM-2-1536x1153.jpeg 1536w, https:\/\/atecordoba.org\/wp-content\/uploads\/2024\/10\/WhatsApp-Image-2024-10-02-at-10.44.14-AM-2-2048x1537.jpeg 2048w, https:\/\/atecordoba.org\/wp-content\/uploads\/2024\/10\/WhatsApp-Image-2024-10-02-at-10.44.14-AM-2-750x563.jpeg 750w, https:\/\/atecordoba.org\/wp-content\/uploads\/2024\/10\/WhatsApp-Image-2024-10-02-at-10.44.14-AM-2-1140x856.jpeg 1140w\" sizes=\"auto, (max-width: 300px) 100vw, 300px\" \/><\/a> <a href=\"https:\/\/atecordoba.org\/wp-content\/uploads\/2024\/10\/WhatsApp-Image-2024-10-02-at-10.44.14-AM-1-scaled.jpeg\"><img loading=\"lazy\" decoding=\"async\" class=\"alignnone size-medium wp-image-45937\" src=\"https:\/\/atecordoba.org\/wp-content\/uploads\/2024\/10\/WhatsApp-Image-2024-10-02-at-10.44.14-AM-1-300x225.jpeg\" alt=\"\" width=\"300\" height=\"225\" srcset=\"https:\/\/atecordoba.org\/wp-content\/uploads\/2024\/10\/WhatsApp-Image-2024-10-02-at-10.44.14-AM-1-300x225.jpeg 300w, https:\/\/atecordoba.org\/wp-content\/uploads\/2024\/10\/WhatsApp-Image-2024-10-02-at-10.44.14-AM-1-1024x769.jpeg 1024w, https:\/\/atecordoba.org\/wp-content\/uploads\/2024\/10\/WhatsApp-Image-2024-10-02-at-10.44.14-AM-1-768x577.jpeg 768w, https:\/\/atecordoba.org\/wp-content\/uploads\/2024\/10\/WhatsApp-Image-2024-10-02-at-10.44.14-AM-1-1536x1153.jpeg 1536w, https:\/\/atecordoba.org\/wp-content\/uploads\/2024\/10\/WhatsApp-Image-2024-10-02-at-10.44.14-AM-1-2048x1537.jpeg 2048w, https:\/\/atecordoba.org\/wp-content\/uploads\/2024\/10\/WhatsApp-Image-2024-10-02-at-10.44.14-AM-1-750x563.jpeg 750w, https:\/\/atecordoba.org\/wp-content\/uploads\/2024\/10\/WhatsApp-Image-2024-10-02-at-10.44.14-AM-1-1140x856.jpeg 1140w\" sizes=\"auto, (max-width: 300px) 100vw, 300px\" \/><\/a> <a href=\"https:\/\/atecordoba.org\/wp-content\/uploads\/2024\/10\/WhatsApp-Image-2024-10-02-at-10.44.12-AM-scaled.jpeg\"><img loading=\"lazy\" decoding=\"async\" class=\"alignnone size-medium wp-image-45941\" src=\"https:\/\/atecordoba.org\/wp-content\/uploads\/2024\/10\/WhatsApp-Image-2024-10-02-at-10.44.12-AM-300x225.jpeg\" alt=\"\" width=\"300\" height=\"225\" srcset=\"https:\/\/atecordoba.org\/wp-content\/uploads\/2024\/10\/WhatsApp-Image-2024-10-02-at-10.44.12-AM-300x225.jpeg 300w, https:\/\/atecordoba.org\/wp-content\/uploads\/2024\/10\/WhatsApp-Image-2024-10-02-at-10.44.12-AM-1024x769.jpeg 1024w, https:\/\/atecordoba.org\/wp-content\/uploads\/2024\/10\/WhatsApp-Image-2024-10-02-at-10.44.12-AM-768x577.jpeg 768w, https:\/\/atecordoba.org\/wp-content\/uploads\/2024\/10\/WhatsApp-Image-2024-10-02-at-10.44.12-AM-1536x1153.jpeg 1536w, https:\/\/atecordoba.org\/wp-content\/uploads\/2024\/10\/WhatsApp-Image-2024-10-02-at-10.44.12-AM-2048x1537.jpeg 2048w, https:\/\/atecordoba.org\/wp-content\/uploads\/2024\/10\/WhatsApp-Image-2024-10-02-at-10.44.12-AM-750x563.jpeg 750w, https:\/\/atecordoba.org\/wp-content\/uploads\/2024\/10\/WhatsApp-Image-2024-10-02-at-10.44.12-AM-1140x856.jpeg 1140w\" sizes=\"auto, (max-width: 300px) 100vw, 300px\" \/><\/a><\/p>\n<p>Durante la asamblea, las y los delegados de ATE expresaron su rechazo a las propuestas del ejecutivo:<\/p>\n<blockquote>\n<h4>&#8220;No queremos despidos masivos de 65 compa\u00f1eros, no queremos reducci\u00f3n horaria, y exigimos la reapertura de paritarias. No aceptaremos el congelamiento salarial hasta marzo de 2025&#8221;<\/h4>\n<\/blockquote>\n<p>Adem\u00e1s, mencionaron la precarizaci\u00f3n a la que se enfrentan, tras meses sin aumentos desde el \u00faltimo otorgado en mayo.<\/p>\n<p><a href=\"https:\/\/atecordoba.org\/wp-content\/uploads\/2024\/10\/WhatsApp-Image-2024-10-02-at-10.44.11-AM-scaled.jpeg\"><img loading=\"lazy\" decoding=\"async\" class=\"alignnone size-medium wp-image-45940\" src=\"https:\/\/atecordoba.org\/wp-content\/uploads\/2024\/10\/WhatsApp-Image-2024-10-02-at-10.44.11-AM-300x225.jpeg\" alt=\"\" width=\"300\" height=\"225\" srcset=\"https:\/\/atecordoba.org\/wp-content\/uploads\/2024\/10\/WhatsApp-Image-2024-10-02-at-10.44.11-AM-300x225.jpeg 300w, https:\/\/atecordoba.org\/wp-content\/uploads\/2024\/10\/WhatsApp-Image-2024-10-02-at-10.44.11-AM-1024x769.jpeg 1024w, https:\/\/atecordoba.org\/wp-content\/uploads\/2024\/10\/WhatsApp-Image-2024-10-02-at-10.44.11-AM-768x577.jpeg 768w, https:\/\/atecordoba.org\/wp-content\/uploads\/2024\/10\/WhatsApp-Image-2024-10-02-at-10.44.11-AM-1536x1153.jpeg 1536w, https:\/\/atecordoba.org\/wp-content\/uploads\/2024\/10\/WhatsApp-Image-2024-10-02-at-10.44.11-AM-2048x1537.jpeg 2048w, https:\/\/atecordoba.org\/wp-content\/uploads\/2024\/10\/WhatsApp-Image-2024-10-02-at-10.44.11-AM-750x563.jpeg 750w, https:\/\/atecordoba.org\/wp-content\/uploads\/2024\/10\/WhatsApp-Image-2024-10-02-at-10.44.11-AM-1140x856.jpeg 1140w\" sizes=\"auto, (max-width: 300px) 100vw, 300px\" \/><\/a> <a href=\"https:\/\/atecordoba.org\/wp-content\/uploads\/2024\/10\/WhatsApp-Image-2024-10-02-at-10.44.10-AM-scaled.jpeg\"><img loading=\"lazy\" decoding=\"async\" class=\"alignnone size-medium wp-image-45938\" src=\"https:\/\/atecordoba.org\/wp-content\/uploads\/2024\/10\/WhatsApp-Image-2024-10-02-at-10.44.10-AM-300x225.jpeg\" alt=\"\" width=\"300\" height=\"225\" srcset=\"https:\/\/atecordoba.org\/wp-content\/uploads\/2024\/10\/WhatsApp-Image-2024-10-02-at-10.44.10-AM-300x225.jpeg 300w, https:\/\/atecordoba.org\/wp-content\/uploads\/2024\/10\/WhatsApp-Image-2024-10-02-at-10.44.10-AM-1024x769.jpeg 1024w, https:\/\/atecordoba.org\/wp-content\/uploads\/2024\/10\/WhatsApp-Image-2024-10-02-at-10.44.10-AM-768x577.jpeg 768w, https:\/\/atecordoba.org\/wp-content\/uploads\/2024\/10\/WhatsApp-Image-2024-10-02-at-10.44.10-AM-1536x1153.jpeg 1536w, https:\/\/atecordoba.org\/wp-content\/uploads\/2024\/10\/WhatsApp-Image-2024-10-02-at-10.44.10-AM-2048x1537.jpeg 2048w, https:\/\/atecordoba.org\/wp-content\/uploads\/2024\/10\/WhatsApp-Image-2024-10-02-at-10.44.10-AM-750x563.jpeg 750w, https:\/\/atecordoba.org\/wp-content\/uploads\/2024\/10\/WhatsApp-Image-2024-10-02-at-10.44.10-AM-1140x856.jpeg 1140w\" sizes=\"auto, (max-width: 300px) 100vw, 300px\" \/><\/a><\/p>\n<p>Luego, en la reuni\u00f3n con el ejecutivo reafirmaron la falta de recursos municipales para aumentar los salarios y propusieron la reducci\u00f3n de jornadas laborales como alternativa para equilibrar las finanzas. Sin embargo, se acord\u00f3 una pr\u00f3xima reuni\u00f3n con la intendenta para el jueves, y un cuarto intermedio hasta el lunes 7 de octubre, donde el municipio presentar\u00e1 una propuesta superadora.<\/p>\n<p><a href=\"https:\/\/atecordoba.org\/wp-content\/uploads\/2024\/10\/WhatsApp-Image-2024-10-02-at-10.44.11-AM-1-scaled.jpeg\"><img loading=\"lazy\" decoding=\"async\" class=\"alignnone size-medium wp-image-45939\" src=\"https:\/\/atecordoba.org\/wp-content\/uploads\/2024\/10\/WhatsApp-Image-2024-10-02-at-10.44.11-AM-1-300x225.jpeg\" alt=\"\" width=\"300\" height=\"225\" srcset=\"https:\/\/atecordoba.org\/wp-content\/uploads\/2024\/10\/WhatsApp-Image-2024-10-02-at-10.44.11-AM-1-300x225.jpeg 300w, https:\/\/atecordoba.org\/wp-content\/uploads\/2024\/10\/WhatsApp-Image-2024-10-02-at-10.44.11-AM-1-1024x769.jpeg 1024w, https:\/\/atecordoba.org\/wp-content\/uploads\/2024\/10\/WhatsApp-Image-2024-10-02-at-10.44.11-AM-1-768x577.jpeg 768w, https:\/\/atecordoba.org\/wp-content\/uploads\/2024\/10\/WhatsApp-Image-2024-10-02-at-10.44.11-AM-1-1536x1153.jpeg 1536w, https:\/\/atecordoba.org\/wp-content\/uploads\/2024\/10\/WhatsApp-Image-2024-10-02-at-10.44.11-AM-1-2048x1537.jpeg 2048w, https:\/\/atecordoba.org\/wp-content\/uploads\/2024\/10\/WhatsApp-Image-2024-10-02-at-10.44.11-AM-1-750x563.jpeg 750w, https:\/\/atecordoba.org\/wp-content\/uploads\/2024\/10\/WhatsApp-Image-2024-10-02-at-10.44.11-AM-1-1140x856.jpeg 1140w\" sizes=\"auto, (max-width: 300px) 100vw, 300px\" \/><\/a><\/p>\n<p><em><strong>ATE C\u00f3rdoba se mantiene firme en la defensa de los derechos laborales y contin\u00faa en estado de alerta y asamblea, convocando a los trabajadores a seguir organiz\u00e1ndose y luchando por condiciones laborales dignas.<\/strong><\/em><\/p>\n<p>&nbsp;<\/p>\n<\/div>\n<\/div>\n<\/div>\n<\/div>\n","protected":false},"excerpt":{"rendered":"<p>El 1 de octubre, en el marco de la situaci\u00f3n que se viene desarrollando en Mendiolaza, se realiz\u00f3 una asamblea de trabajadoras y trabajadores municipales, seguida de una reuni\u00f3n con el ejecutivo municipal. Esta reuni\u00f3n se da en continuidad al estado de alerta y asamblea declarado el 27 de septiembre por la falta de reapertura [&hellip;]<\/p>\n","protected":false},"author":3,"featured_media":45942,"comment_status":"open","ping_status":"open","sticky":false,"template":"","format":"standard","meta":{"_exactmetrics_skip_tracking":false,"_exactmetrics_sitenote_active":false,"_exactmetrics_sitenote_note":"","_exactmetrics_sitenote_category":0,"jnews-multi-image_gallery":[],"jnews_single_post":{"format":"standard","override":[{"template":"1","parallax":"1","fullscreen":"1","layout":"no-sidebar-narrow","sidebar":"default-sidebar","second_sidebar":"default-sidebar","sticky_sidebar":"1","share_position":"bottom","share_float_style":"share-monocrhome","show_share_counter":"1","show_view_counter":"1","show_post_meta":"1","show_post_author_image":"1","show_post_date":"1","post_date_format":"default","post_date_format_custom":"Y\/m\/d","show_post_category":"1","show_post_reading_time":"0","post_reading_time_wpm":"300","post_calculate_word_method":"str_word_count","show_zoom_button":"0","zoom_button_out_step":"2","zoom_button_in_step":"3","show_post_tag":"1","number_popup_post":"1","show_post_related":"1","show_inline_post_related":"0"}],"image_override":[{"single_post_thumbnail_size":"crop-500","single_post_gallery_size":"crop-500"}],"trending_post_position":"meta","trending_post_label":"Trending","sponsored_post_label":"Sponsored by","disable_ad":"0"},"jnews_primary_category":[],"jnews_social_meta":[],"jnews_review":[],"enable_review":"","type":"percentage","name":"","summary":"","brand":"","sku":"","good":[],"bad":[],"score_override":"","override_value":"","rating":[],"price":[],"jnews_override_counter":{"view_counter_number":"0","share_counter_number":"0","like_counter_number":"0","dislike_counter_number":"0"},"jnews_post_split":{"post_split":[{"template":"1","tag":"h2","numbering":"asc","mode":"normal","first":"0","enable_toc":"0","toc_type":"normal"}]},"footnotes":""},"categories":[20],"tags":[],"class_list":["post-45935","post","type-post","status-publish","format-standard","has-post-thumbnail","hentry","category-municipales"],"jetpack_featured_media_url":"https:\/\/atecordoba.org\/wp-content\/uploads\/2024\/10\/WhatsApp-Image-2024-10-02-at-10.44.14-AM-scaled.jpeg","_links":{"self":[{"href":"https:\/\/atecordoba.org\/index.php?rest_route=\/wp\/v2\/posts\/45935","targetHints":{"allow":["GET"]}}],"collection":[{"href":"https:\/\/atecordoba.org\/index.php?rest_route=\/wp\/v2\/posts"}],"about":[{"href":"https:\/\/atecordoba.org\/index.php?rest_route=\/wp\/v2\/types\/post"}],"author":[{"embeddable":true,"href":"https:\/\/atecordoba.org\/index.php?rest_route=\/wp\/v2\/users\/3"}],"replies":[{"embeddable":true,"href":"https:\/\/atecordoba.org\/index.php?rest_route=%2Fwp%2Fv2%2Fcomments&post=45935"}],"version-history":[{"count":2,"href":"https:\/\/atecordoba.org\/index.php?rest_route=\/wp\/v2\/posts\/45935\/revisions"}],"predecessor-version":[{"id":45944,"href":"https:\/\/atecordoba.org\/index.php?rest_route=\/wp\/v2\/posts\/45935\/revisions\/45944"}],"wp:featuredmedia":[{"embeddable":true,"href":"https:\/\/atecordoba.org\/index.php?rest_route=\/wp\/v2\/media\/45942"}],"wp:attachment":[{"href":"https:\/\/atecordoba.org\/index.php?rest_route=%2Fwp%2Fv2%2Fmedia&parent=45935"}],"wp:term":[{"taxonomy":"category","embeddable":true,"href":"https:\/\/atecordoba.org\/index.php?rest_route=%2Fwp%2Fv2%2Fcategories&post=45935"},{"taxonomy":"post_tag","embeddable":true,"href":"https:\/\/atecordoba.org\/index.php?rest_route=%2Fwp%2Fv2%2Ftags&post=45935"}],"curies":[{"name":"wp","href":"https:\/\/api.w.org\/{rel}","templated":true}]}}