{"id":45926,"date":"2024-09-27T13:44:49","date_gmt":"2024-09-27T16:44:49","guid":{"rendered":"https:\/\/atecordoba.org\/?p=45926"},"modified":"2024-09-27T13:44:49","modified_gmt":"2024-09-27T16:44:49","slug":"estado-de-alerta-y-asamblea-en-mendiolaza-por-falta-de-reapertura-de-paritarias","status":"publish","type":"post","link":"https:\/\/atecordoba.org\/?p=45926","title":{"rendered":"Estado de Alerta y Asamblea en Mendiolaza por falta de reapertura de paritarias"},"content":{"rendered":"<p><a href=\"https:\/\/atecordoba.org\/wp-content\/uploads\/2024\/09\/WhatsApp-Image-2024-09-27-at-1.41.04-PM.jpeg\"><img loading=\"lazy\" decoding=\"async\" class=\"alignnone wp-image-45927 size-full\" src=\"https:\/\/atecordoba.org\/wp-content\/uploads\/2024\/09\/WhatsApp-Image-2024-09-27-at-1.41.04-PM.jpeg\" alt=\"\" width=\"1600\" height=\"1204\" srcset=\"https:\/\/atecordoba.org\/wp-content\/uploads\/2024\/09\/WhatsApp-Image-2024-09-27-at-1.41.04-PM.jpeg 1600w, https:\/\/atecordoba.org\/wp-content\/uploads\/2024\/09\/WhatsApp-Image-2024-09-27-at-1.41.04-PM-300x226.jpeg 300w, https:\/\/atecordoba.org\/wp-content\/uploads\/2024\/09\/WhatsApp-Image-2024-09-27-at-1.41.04-PM-1024x771.jpeg 1024w, https:\/\/atecordoba.org\/wp-content\/uploads\/2024\/09\/WhatsApp-Image-2024-09-27-at-1.41.04-PM-768x578.jpeg 768w, https:\/\/atecordoba.org\/wp-content\/uploads\/2024\/09\/WhatsApp-Image-2024-09-27-at-1.41.04-PM-1536x1156.jpeg 1536w, https:\/\/atecordoba.org\/wp-content\/uploads\/2024\/09\/WhatsApp-Image-2024-09-27-at-1.41.04-PM-750x564.jpeg 750w, https:\/\/atecordoba.org\/wp-content\/uploads\/2024\/09\/WhatsApp-Image-2024-09-27-at-1.41.04-PM-1140x858.jpeg 1140w\" sizes=\"auto, (max-width: 1600px) 100vw, 1600px\" \/><\/a>Hoy, en Mendiolaza, tal como se hab\u00eda acordado en la audiencia del 28 de agosto con la municipalidad, se realiz\u00f3 una reuni\u00f3n con el cuerpo de delegados de ATE e Irina Silberman. Participaron la intendenta Adela Arnning, el secretario de gobierno Alejandro Medrano y el asesor letrado C\u00e9sar Tillard. El motivo fue la falta de reapertura de paritarias en agosto, como se hab\u00eda prometido. La municipalidad argumenta que la recaudaci\u00f3n es insuficiente para cubrir los egresos, y manifest\u00f3 la<strong> imposibilidad de otorgar un aumento salarial hasta marzo del pr\u00f3ximo a\u00f1o<\/strong>. Adem\u00e1s, se denunciaron despidos, <strong>incluida el de una afiliada de ATE con tratamientos oncol\u00f3gicos<\/strong>, pese a que se hab\u00eda acordado que no habr\u00eda despidos ni reducci\u00f3n de jornadas laborales.<\/p>\n<p><a href=\"https:\/\/atecordoba.org\/wp-content\/uploads\/2024\/09\/WhatsApp-Image-2024-09-27-at-1.41.05-PM.jpeg\"><img loading=\"lazy\" decoding=\"async\" class=\"size-medium wp-image-45928 alignleft\" src=\"https:\/\/atecordoba.org\/wp-content\/uploads\/2024\/09\/WhatsApp-Image-2024-09-27-at-1.41.05-PM-300x226.jpeg\" alt=\"\" width=\"300\" height=\"226\" srcset=\"https:\/\/atecordoba.org\/wp-content\/uploads\/2024\/09\/WhatsApp-Image-2024-09-27-at-1.41.05-PM-300x226.jpeg 300w, https:\/\/atecordoba.org\/wp-content\/uploads\/2024\/09\/WhatsApp-Image-2024-09-27-at-1.41.05-PM-1024x771.jpeg 1024w, https:\/\/atecordoba.org\/wp-content\/uploads\/2024\/09\/WhatsApp-Image-2024-09-27-at-1.41.05-PM-768x578.jpeg 768w, https:\/\/atecordoba.org\/wp-content\/uploads\/2024\/09\/WhatsApp-Image-2024-09-27-at-1.41.05-PM-1536x1156.jpeg 1536w, https:\/\/atecordoba.org\/wp-content\/uploads\/2024\/09\/WhatsApp-Image-2024-09-27-at-1.41.05-PM-750x564.jpeg 750w, https:\/\/atecordoba.org\/wp-content\/uploads\/2024\/09\/WhatsApp-Image-2024-09-27-at-1.41.05-PM-1140x858.jpeg 1140w, https:\/\/atecordoba.org\/wp-content\/uploads\/2024\/09\/WhatsApp-Image-2024-09-27-at-1.41.05-PM.jpeg 1600w\" sizes=\"auto, (max-width: 300px) 100vw, 300px\" \/><\/a>Ante la falta de acuerdo, y con un discurso municipal m\u00e1s cerrado que en la audiencia anterior,<strong> las y los trabajadores han entrado en estado de alerta y asamblea<\/strong>. En la audiencia se plante\u00f3 que el municipio no considera a los trabajadores como una inversi\u00f3n sino como un gasto, y propuso la reducci\u00f3n de la jornada laboral como soluci\u00f3n para cuadrar las cuentas.<\/p>\n<p>En respuesta, <strong>se convocar\u00e1n asambleas informativas desde hoy y durante los d\u00edas lunes, martes y mi\u00e9rcoles, en defensa de los derechos laborales<\/strong>.<\/p>\n<p><em>ATE C\u00f3rdoba sigue comprometido en esta lucha, buscando justicia y condiciones dignas para las y los trabajadores municipales.<\/em><\/p>\n<p><strong>ATE C\u00f3rdoba, siempre al frente en la defensa de los derechos laborales.<\/strong><\/p>\n","protected":false},"excerpt":{"rendered":"<p>Hoy, en Mendiolaza, tal como se hab\u00eda acordado en la audiencia del 28 de agosto con la municipalidad, se realiz\u00f3 una reuni\u00f3n con el cuerpo de delegados de ATE e Irina Silberman. Participaron la intendenta Adela Arnning, el secretario de gobierno Alejandro Medrano y el asesor letrado C\u00e9sar Tillard. El motivo fue la falta de [&hellip;]<\/p>\n","protected":false},"author":3,"featured_media":45927,"comment_status":"open","ping_status":"open","sticky":false,"template":"","format":"standard","meta":{"_exactmetrics_skip_tracking":false,"_exactmetrics_sitenote_active":false,"_exactmetrics_sitenote_note":"","_exactmetrics_sitenote_category":0,"jnews-multi-image_gallery":[],"jnews_single_post":{"format":"standard","override":[{"template":"1","parallax":"1","fullscreen":"1","layout":"no-sidebar-narrow","sidebar":"default-sidebar","second_sidebar":"default-sidebar","sticky_sidebar":"1","share_position":"bottom","share_float_style":"share-monocrhome","show_share_counter":"1","show_view_counter":"1","show_post_meta":"1","show_post_author_image":"1","show_post_date":"1","post_date_format":"default","post_date_format_custom":"Y\/m\/d","show_post_category":"1","show_post_reading_time":"0","post_reading_time_wpm":"300","post_calculate_word_method":"str_word_count","show_zoom_button":"0","zoom_button_out_step":"2","zoom_button_in_step":"3","show_post_tag":"1","number_popup_post":"1","show_post_related":"1","show_inline_post_related":"0"}],"image_override":[{"single_post_thumbnail_size":"crop-500","single_post_gallery_size":"crop-500"}],"trending_post_position":"meta","trending_post_label":"Trending","sponsored_post_label":"Sponsored by","disable_ad":"0"},"jnews_primary_category":[],"jnews_social_meta":[],"jnews_review":[],"enable_review":"","type":"percentage","name":"","summary":"","brand":"","sku":"","good":[],"bad":[],"score_override":"","override_value":"","rating":[],"price":[],"jnews_override_counter":{"view_counter_number":"0","share_counter_number":"0","like_counter_number":"0","dislike_counter_number":"0"},"jnews_post_split":{"post_split":[{"template":"1","tag":"h2","numbering":"asc","mode":"normal","first":"0","enable_toc":"0","toc_type":"normal"}]},"footnotes":""},"categories":[20],"tags":[],"class_list":["post-45926","post","type-post","status-publish","format-standard","has-post-thumbnail","hentry","category-municipales"],"jetpack_featured_media_url":"https:\/\/atecordoba.org\/wp-content\/uploads\/2024\/09\/WhatsApp-Image-2024-09-27-at-1.41.04-PM.jpeg","_links":{"self":[{"href":"https:\/\/atecordoba.org\/index.php?rest_route=\/wp\/v2\/posts\/45926","targetHints":{"allow":["GET"]}}],"collection":[{"href":"https:\/\/atecordoba.org\/index.php?rest_route=\/wp\/v2\/posts"}],"about":[{"href":"https:\/\/atecordoba.org\/index.php?rest_route=\/wp\/v2\/types\/post"}],"author":[{"embeddable":true,"href":"https:\/\/atecordoba.org\/index.php?rest_route=\/wp\/v2\/users\/3"}],"replies":[{"embeddable":true,"href":"https:\/\/atecordoba.org\/index.php?rest_route=%2Fwp%2Fv2%2Fcomments&post=45926"}],"version-history":[{"count":1,"href":"https:\/\/atecordoba.org\/index.php?rest_route=\/wp\/v2\/posts\/45926\/revisions"}],"predecessor-version":[{"id":45929,"href":"https:\/\/atecordoba.org\/index.php?rest_route=\/wp\/v2\/posts\/45926\/revisions\/45929"}],"wp:featuredmedia":[{"embeddable":true,"href":"https:\/\/atecordoba.org\/index.php?rest_route=\/wp\/v2\/media\/45927"}],"wp:attachment":[{"href":"https:\/\/atecordoba.org\/index.php?rest_route=%2Fwp%2Fv2%2Fmedia&parent=45926"}],"wp:term":[{"taxonomy":"category","embeddable":true,"href":"https:\/\/atecordoba.org\/index.php?rest_route=%2Fwp%2Fv2%2Fcategories&post=45926"},{"taxonomy":"post_tag","embeddable":true,"href":"https:\/\/atecordoba.org\/index.php?rest_route=%2Fwp%2Fv2%2Ftags&post=45926"}],"curies":[{"name":"wp","href":"https:\/\/api.w.org\/{rel}","templated":true}]}}