{"id":45920,"date":"2024-09-27T13:11:06","date_gmt":"2024-09-27T16:11:06","guid":{"rendered":"https:\/\/atecordoba.org\/?p=45920"},"modified":"2024-09-27T13:11:06","modified_gmt":"2024-09-27T16:11:06","slug":"nuevos-despidos-en-senaf-ate-cordoba-denuncia-el-ajuste-sobre-la-infancia-vulnerable","status":"publish","type":"post","link":"https:\/\/atecordoba.org\/?p=45920","title":{"rendered":"Nuevos despidos en SENAF: ATE C\u00f3rdoba denuncia el ajuste sobre la infancia vulnerable"},"content":{"rendered":"<p><a href=\"https:\/\/atecordoba.org\/wp-content\/uploads\/2024\/09\/WhatsApp-Image-2024-09-27-at-12.52.45-PM-scaled.jpeg\"><img loading=\"lazy\" decoding=\"async\" class=\"aligncenter wp-image-45924 size-full\" src=\"https:\/\/atecordoba.org\/wp-content\/uploads\/2024\/09\/WhatsApp-Image-2024-09-27-at-12.52.45-PM-scaled.jpeg\" alt=\"\" width=\"2560\" height=\"1922\" srcset=\"https:\/\/atecordoba.org\/wp-content\/uploads\/2024\/09\/WhatsApp-Image-2024-09-27-at-12.52.45-PM-scaled.jpeg 2560w, https:\/\/atecordoba.org\/wp-content\/uploads\/2024\/09\/WhatsApp-Image-2024-09-27-at-12.52.45-PM-300x225.jpeg 300w, https:\/\/atecordoba.org\/wp-content\/uploads\/2024\/09\/WhatsApp-Image-2024-09-27-at-12.52.45-PM-1024x769.jpeg 1024w, https:\/\/atecordoba.org\/wp-content\/uploads\/2024\/09\/WhatsApp-Image-2024-09-27-at-12.52.45-PM-768x577.jpeg 768w, https:\/\/atecordoba.org\/wp-content\/uploads\/2024\/09\/WhatsApp-Image-2024-09-27-at-12.52.45-PM-1536x1153.jpeg 1536w, https:\/\/atecordoba.org\/wp-content\/uploads\/2024\/09\/WhatsApp-Image-2024-09-27-at-12.52.45-PM-2048x1537.jpeg 2048w, https:\/\/atecordoba.org\/wp-content\/uploads\/2024\/09\/WhatsApp-Image-2024-09-27-at-12.52.45-PM-750x563.jpeg 750w, https:\/\/atecordoba.org\/wp-content\/uploads\/2024\/09\/WhatsApp-Image-2024-09-27-at-12.52.45-PM-1140x856.jpeg 1140w\" sizes=\"auto, (max-width: 2560px) 100vw, 2560px\" \/><\/a><\/p>\n<p>En una semana marcada por las alarmantes cifras del INDEC, que indican que el 66% de los ni\u00f1os y ni\u00f1as en Argentina viven bajo la l\u00ednea de pobreza, el gobierno ha avanzado con una nueva ola de despidos en la Secretar\u00eda Nacional de Ni\u00f1ez, Adolescencia y Familia (SENAF). En C\u00f3rdoba, nueve trabajadores con amplia trayectoria han sido notificados de su despido, mientras que a nivel nacional, el n\u00famero ya supera los 80.<\/p>\n<p>Los trabajadores afectados se desempe\u00f1an en pol\u00edticas p\u00fablicas de infancias, realizando una labor fundamental para garantizar derechos y atender la vulnerabilidad social. ATE C\u00f3rdoba ha declarado el estado de asamblea permanente y exige la reincorporaci\u00f3n inmediata de los compa\u00f1eros despedidos.<\/p>\n<h3><strong>Palabras de Soledad Micoli, delegada del Centro de Referencia de C\u00f3rdoba:<\/strong><\/h3>\n<p><a href=\"https:\/\/atecordoba.org\/wp-content\/uploads\/2024\/09\/WhatsApp-Image-2024-09-27-at-12.53.38-PM-scaled.jpeg\"><img loading=\"lazy\" decoding=\"async\" class=\"alignnone size-medium wp-image-45921\" src=\"https:\/\/atecordoba.org\/wp-content\/uploads\/2024\/09\/WhatsApp-Image-2024-09-27-at-12.53.38-PM-300x225.jpeg\" alt=\"\" width=\"300\" height=\"225\" srcset=\"https:\/\/atecordoba.org\/wp-content\/uploads\/2024\/09\/WhatsApp-Image-2024-09-27-at-12.53.38-PM-300x225.jpeg 300w, https:\/\/atecordoba.org\/wp-content\/uploads\/2024\/09\/WhatsApp-Image-2024-09-27-at-12.53.38-PM-1024x769.jpeg 1024w, https:\/\/atecordoba.org\/wp-content\/uploads\/2024\/09\/WhatsApp-Image-2024-09-27-at-12.53.38-PM-768x577.jpeg 768w, https:\/\/atecordoba.org\/wp-content\/uploads\/2024\/09\/WhatsApp-Image-2024-09-27-at-12.53.38-PM-1536x1153.jpeg 1536w, https:\/\/atecordoba.org\/wp-content\/uploads\/2024\/09\/WhatsApp-Image-2024-09-27-at-12.53.38-PM-2048x1537.jpeg 2048w, https:\/\/atecordoba.org\/wp-content\/uploads\/2024\/09\/WhatsApp-Image-2024-09-27-at-12.53.38-PM-750x563.jpeg 750w, https:\/\/atecordoba.org\/wp-content\/uploads\/2024\/09\/WhatsApp-Image-2024-09-27-at-12.53.38-PM-1140x856.jpeg 1140w\" sizes=\"auto, (max-width: 300px) 100vw, 300px\" \/><\/a><\/p>\n<p>&#8220;Estamos nuevamente en la vereda del Centro de Referencia de C\u00f3rdoba, denunciando una nueva ola de despidos en la Secretar\u00eda Nacional de Ni\u00f1ez. A esta hora del mediod\u00eda, llevamos 81 compa\u00f1eros despedidos, notificados a trav\u00e9s de correos electr\u00f3nicos y la plataforma GDE. Nueve compa\u00f1eros de C\u00f3rdoba, todos con much\u00edsimos a\u00f1os de antig\u00fcedad, han sido afectados. Es inaudito que en el momento en que se publican las crueles cifras de pobreza, especialmente cuando el 66% de los ni\u00f1os est\u00e1n bajo la l\u00ednea de pobreza, despidan a quienes trabajan para atender esa vulnerabilidad social&#8221;.<\/p>\n<p>Adem\u00e1s, Micoli se\u00f1al\u00f3 a las autoridades responsables, como la Ministra y el Subsecretario de Pol\u00edtica Familiar, Arnaldo Vivas, acusando al gobierno de mentir ante el Comit\u00e9 de Derechos del Ni\u00f1o mientras se desmantelan cruelmente las pol\u00edticas p\u00fablicas dirigidas a la infancia.<\/p>\n<h3><strong>Contexto nacional<\/strong><\/h3>\n<p>En el marco de esta situaci\u00f3n, ATE Nacional tambi\u00e9n ha manifestado su repudio a los despidos y su compromiso con la defensa de los derechos de los trabajadores de SENAF, quienes llevan a\u00f1os brindando un servicio fundamental en el pa\u00eds. La lucha por la reincorporaci\u00f3n sigue siendo un eje central de la agenda gremial, mientras el ajuste recae sobre los sectores m\u00e1s vulnerables, dejando sin herramientas a los que trabajan por el bienestar de la ni\u00f1ez.<\/p>\n<p>Desde ATE C\u00f3rdoba, reafirmamos nuestro compromiso con la lucha de los trabajadores de SENAF y exigimos que se ponga fin a este ajuste que perjudica no solo a las y los trabajadores, sino tambi\u00e9n a los ni\u00f1os y ni\u00f1as que dependen de estas pol\u00edticas p\u00fablicas.<\/p>\n<p><a href=\"https:\/\/atecordoba.org\/wp-content\/uploads\/2024\/09\/WhatsApp-Image-2024-09-27-at-12.53.37-PM-scaled.jpeg\"><img loading=\"lazy\" decoding=\"async\" class=\"alignnone size-medium wp-image-45923\" src=\"https:\/\/atecordoba.org\/wp-content\/uploads\/2024\/09\/WhatsApp-Image-2024-09-27-at-12.53.37-PM-300x225.jpeg\" alt=\"\" width=\"300\" height=\"225\" srcset=\"https:\/\/atecordoba.org\/wp-content\/uploads\/2024\/09\/WhatsApp-Image-2024-09-27-at-12.53.37-PM-300x225.jpeg 300w, https:\/\/atecordoba.org\/wp-content\/uploads\/2024\/09\/WhatsApp-Image-2024-09-27-at-12.53.37-PM-1024x769.jpeg 1024w, https:\/\/atecordoba.org\/wp-content\/uploads\/2024\/09\/WhatsApp-Image-2024-09-27-at-12.53.37-PM-768x577.jpeg 768w, https:\/\/atecordoba.org\/wp-content\/uploads\/2024\/09\/WhatsApp-Image-2024-09-27-at-12.53.37-PM-1536x1153.jpeg 1536w, https:\/\/atecordoba.org\/wp-content\/uploads\/2024\/09\/WhatsApp-Image-2024-09-27-at-12.53.37-PM-2048x1537.jpeg 2048w, https:\/\/atecordoba.org\/wp-content\/uploads\/2024\/09\/WhatsApp-Image-2024-09-27-at-12.53.37-PM-750x563.jpeg 750w, https:\/\/atecordoba.org\/wp-content\/uploads\/2024\/09\/WhatsApp-Image-2024-09-27-at-12.53.37-PM-1140x856.jpeg 1140w\" sizes=\"auto, (max-width: 300px) 100vw, 300px\" \/><\/a> <a href=\"https:\/\/atecordoba.org\/wp-content\/uploads\/2024\/09\/WhatsApp-Image-2024-09-27-at-12.53.37-PM-1-scaled.jpeg\"><img loading=\"lazy\" decoding=\"async\" class=\"alignnone size-medium wp-image-45922\" src=\"https:\/\/atecordoba.org\/wp-content\/uploads\/2024\/09\/WhatsApp-Image-2024-09-27-at-12.53.37-PM-1-300x225.jpeg\" alt=\"\" width=\"300\" height=\"225\" srcset=\"https:\/\/atecordoba.org\/wp-content\/uploads\/2024\/09\/WhatsApp-Image-2024-09-27-at-12.53.37-PM-1-300x225.jpeg 300w, https:\/\/atecordoba.org\/wp-content\/uploads\/2024\/09\/WhatsApp-Image-2024-09-27-at-12.53.37-PM-1-1024x769.jpeg 1024w, https:\/\/atecordoba.org\/wp-content\/uploads\/2024\/09\/WhatsApp-Image-2024-09-27-at-12.53.37-PM-1-768x577.jpeg 768w, https:\/\/atecordoba.org\/wp-content\/uploads\/2024\/09\/WhatsApp-Image-2024-09-27-at-12.53.37-PM-1-1536x1153.jpeg 1536w, https:\/\/atecordoba.org\/wp-content\/uploads\/2024\/09\/WhatsApp-Image-2024-09-27-at-12.53.37-PM-1-2048x1537.jpeg 2048w, https:\/\/atecordoba.org\/wp-content\/uploads\/2024\/09\/WhatsApp-Image-2024-09-27-at-12.53.37-PM-1-750x563.jpeg 750w, https:\/\/atecordoba.org\/wp-content\/uploads\/2024\/09\/WhatsApp-Image-2024-09-27-at-12.53.37-PM-1-1140x856.jpeg 1140w\" sizes=\"auto, (max-width: 300px) 100vw, 300px\" \/><\/a><\/p>\n<p><strong>#NoALosDespidos #DefendamosNuestrosDerechos<\/strong><\/p>\n","protected":false},"excerpt":{"rendered":"<p>En una semana marcada por las alarmantes cifras del INDEC, que indican que el 66% de los ni\u00f1os y ni\u00f1as en Argentina viven bajo la l\u00ednea de pobreza, el gobierno ha avanzado con una nueva ola de despidos en la Secretar\u00eda Nacional de Ni\u00f1ez, Adolescencia y Familia (SENAF). En C\u00f3rdoba, nueve trabajadores con amplia trayectoria [&hellip;]<\/p>\n","protected":false},"author":3,"featured_media":45924,"comment_status":"open","ping_status":"open","sticky":false,"template":"","format":"standard","meta":{"_exactmetrics_skip_tracking":false,"_exactmetrics_sitenote_active":false,"_exactmetrics_sitenote_note":"","_exactmetrics_sitenote_category":0,"jnews-multi-image_gallery":[],"jnews_single_post":{"format":"standard","override":[{"template":"1","parallax":"1","fullscreen":"1","layout":"no-sidebar-narrow","sidebar":"default-sidebar","second_sidebar":"default-sidebar","sticky_sidebar":"1","share_position":"bottom","share_float_style":"share-monocrhome","show_share_counter":"1","show_view_counter":"1","show_post_meta":"1","show_post_author_image":"1","show_post_date":"1","post_date_format":"default","post_date_format_custom":"Y\/m\/d","show_post_category":"1","show_post_reading_time":"0","post_reading_time_wpm":"300","post_calculate_word_method":"str_word_count","show_zoom_button":"0","zoom_button_out_step":"2","zoom_button_in_step":"3","show_post_tag":"1","number_popup_post":"1","show_post_related":"1","show_inline_post_related":"0"}],"image_override":[{"single_post_thumbnail_size":"crop-500","single_post_gallery_size":"crop-500"}],"trending_post_position":"meta","trending_post_label":"Trending","sponsored_post_label":"Sponsored by","disable_ad":"0"},"jnews_primary_category":[],"jnews_social_meta":[],"jnews_review":[],"enable_review":"","type":"percentage","name":"","summary":"","brand":"","sku":"","good":[],"bad":[],"score_override":"","override_value":"","rating":[],"price":[],"jnews_override_counter":{"view_counter_number":"0","share_counter_number":"0","like_counter_number":"0","dislike_counter_number":"0"},"jnews_post_split":{"post_split":[{"template":"1","tag":"h2","numbering":"asc","mode":"normal","first":"0","enable_toc":"0","toc_type":"normal"}]},"footnotes":""},"categories":[18],"tags":[],"class_list":["post-45920","post","type-post","status-publish","format-standard","has-post-thumbnail","hentry","category-nacionales"],"jetpack_featured_media_url":"https:\/\/atecordoba.org\/wp-content\/uploads\/2024\/09\/WhatsApp-Image-2024-09-27-at-12.52.45-PM-scaled.jpeg","_links":{"self":[{"href":"https:\/\/atecordoba.org\/index.php?rest_route=\/wp\/v2\/posts\/45920","targetHints":{"allow":["GET"]}}],"collection":[{"href":"https:\/\/atecordoba.org\/index.php?rest_route=\/wp\/v2\/posts"}],"about":[{"href":"https:\/\/atecordoba.org\/index.php?rest_route=\/wp\/v2\/types\/post"}],"author":[{"embeddable":true,"href":"https:\/\/atecordoba.org\/index.php?rest_route=\/wp\/v2\/users\/3"}],"replies":[{"embeddable":true,"href":"https:\/\/atecordoba.org\/index.php?rest_route=%2Fwp%2Fv2%2Fcomments&post=45920"}],"version-history":[{"count":1,"href":"https:\/\/atecordoba.org\/index.php?rest_route=\/wp\/v2\/posts\/45920\/revisions"}],"predecessor-version":[{"id":45925,"href":"https:\/\/atecordoba.org\/index.php?rest_route=\/wp\/v2\/posts\/45920\/revisions\/45925"}],"wp:featuredmedia":[{"embeddable":true,"href":"https:\/\/atecordoba.org\/index.php?rest_route=\/wp\/v2\/media\/45924"}],"wp:attachment":[{"href":"https:\/\/atecordoba.org\/index.php?rest_route=%2Fwp%2Fv2%2Fmedia&parent=45920"}],"wp:term":[{"taxonomy":"category","embeddable":true,"href":"https:\/\/atecordoba.org\/index.php?rest_route=%2Fwp%2Fv2%2Fcategories&post=45920"},{"taxonomy":"post_tag","embeddable":true,"href":"https:\/\/atecordoba.org\/index.php?rest_route=%2Fwp%2Fv2%2Ftags&post=45920"}],"curies":[{"name":"wp","href":"https:\/\/api.w.org\/{rel}","templated":true}]}}