{"id":45880,"date":"2024-09-26T10:47:33","date_gmt":"2024-09-26T13:47:33","guid":{"rendered":"https:\/\/atecordoba.org\/?p=45880"},"modified":"2024-09-26T12:05:47","modified_gmt":"2024-09-26T15:05:47","slug":"charla-debate-por-la-defensa-y-recuperacion-de-nuestra-soberania-en-ate-cordoba","status":"publish","type":"post","link":"https:\/\/atecordoba.org\/?p=45880","title":{"rendered":"Charla-Debate: \u201cPor la Defensa y Recuperaci\u00f3n de nuestra Soberan\u00eda\u201d en ATE C\u00f3rdoba"},"content":{"rendered":"<p><a href=\"https:\/\/atecordoba.org\/wp-content\/uploads\/2024\/09\/WhatsApp-Image-2024-09-25-at-11.21.25-PM-1-scaled.jpeg\"><img loading=\"lazy\" decoding=\"async\" class=\"alignnone wp-image-45889 size-full\" src=\"https:\/\/atecordoba.org\/wp-content\/uploads\/2024\/09\/WhatsApp-Image-2024-09-25-at-11.21.25-PM-1-scaled.jpeg\" alt=\"\" width=\"2560\" height=\"1441\" srcset=\"https:\/\/atecordoba.org\/wp-content\/uploads\/2024\/09\/WhatsApp-Image-2024-09-25-at-11.21.25-PM-1-scaled.jpeg 2560w, https:\/\/atecordoba.org\/wp-content\/uploads\/2024\/09\/WhatsApp-Image-2024-09-25-at-11.21.25-PM-1-300x169.jpeg 300w, https:\/\/atecordoba.org\/wp-content\/uploads\/2024\/09\/WhatsApp-Image-2024-09-25-at-11.21.25-PM-1-1024x577.jpeg 1024w, https:\/\/atecordoba.org\/wp-content\/uploads\/2024\/09\/WhatsApp-Image-2024-09-25-at-11.21.25-PM-1-768x432.jpeg 768w, https:\/\/atecordoba.org\/wp-content\/uploads\/2024\/09\/WhatsApp-Image-2024-09-25-at-11.21.25-PM-1-1536x865.jpeg 1536w, https:\/\/atecordoba.org\/wp-content\/uploads\/2024\/09\/WhatsApp-Image-2024-09-25-at-11.21.25-PM-1-2048x1153.jpeg 2048w, https:\/\/atecordoba.org\/wp-content\/uploads\/2024\/09\/WhatsApp-Image-2024-09-25-at-11.21.25-PM-1-750x422.jpeg 750w, https:\/\/atecordoba.org\/wp-content\/uploads\/2024\/09\/WhatsApp-Image-2024-09-25-at-11.21.25-PM-1-1140x642.jpeg 1140w\" sizes=\"auto, (max-width: 2560px) 100vw, 2560px\" \/><\/a>En v\u00edsperas del 30 de septiembre, fecha pautada por el gobierno nacional para avanzar en la privatizaci\u00f3n de nuestras empresas y f\u00e1bricas nacionales, <strong>ATE C\u00f3rdoba<\/strong> organiz\u00f3 un importante espacio de reflexi\u00f3n y debate bajo el lema <strong>\u201cReconquistar Soberan\u00eda\u201d<\/strong>. La actividad tuvo lugar este mi\u00e9rcoles 25 de septiembre a las 19 horas, en nuestra sede sindical de <strong>Entre R\u00edos 450<\/strong> en la ciudad de C\u00f3rdoba.<\/p>\n<p>Este encuentro, organizado junto a la <strong>CTA Aut\u00f3noma C\u00f3rdoba<\/strong>, el <strong>Peronismo 26 de Julio<\/strong> y la <strong>Fundaci\u00f3n Interactiva para la Cultura del Agua (FIPCA)<\/strong>, convoc\u00f3 a trabajadores, delegados y militantes comprometidos con la defensa de la soberan\u00eda nacional en un contexto de ajuste y entrega de nuestros recursos estrat\u00e9gicos.<\/p>\n<h3>Una lucha por la soberan\u00eda nacional<\/h3>\n<p>En un contexto marcado por las pol\u00edticas neoliberales impulsadas por el <strong>Gobierno de Javier Milei<\/strong>, que buscan profundizar la entrega de nuestras empresas estatales bajo la presi\u00f3n del FMI, es imprescindible organizarse y generar instancias de debate y acci\u00f3n. Esta charla-debate fue un espacio clave para pensar alternativas y resistir a la <strong>privatizaci\u00f3n de nuestras f\u00e1bricas<\/strong> y a la p\u00e9rdida de soberan\u00eda.<\/p>\n<h3>Los panelistas<\/h3>\n<p><a href=\"https:\/\/atecordoba.org\/wp-content\/uploads\/2024\/09\/WhatsApp-Image-2024-09-25-at-11.21.24-PM-scaled.jpeg\"><img loading=\"lazy\" decoding=\"async\" class=\"alignnone size-medium wp-image-45883\" src=\"https:\/\/atecordoba.org\/wp-content\/uploads\/2024\/09\/WhatsApp-Image-2024-09-25-at-11.21.24-PM-300x169.jpeg\" alt=\"\" width=\"300\" height=\"169\" srcset=\"https:\/\/atecordoba.org\/wp-content\/uploads\/2024\/09\/WhatsApp-Image-2024-09-25-at-11.21.24-PM-300x169.jpeg 300w, https:\/\/atecordoba.org\/wp-content\/uploads\/2024\/09\/WhatsApp-Image-2024-09-25-at-11.21.24-PM-1024x577.jpeg 1024w, https:\/\/atecordoba.org\/wp-content\/uploads\/2024\/09\/WhatsApp-Image-2024-09-25-at-11.21.24-PM-768x432.jpeg 768w, https:\/\/atecordoba.org\/wp-content\/uploads\/2024\/09\/WhatsApp-Image-2024-09-25-at-11.21.24-PM-1536x865.jpeg 1536w, https:\/\/atecordoba.org\/wp-content\/uploads\/2024\/09\/WhatsApp-Image-2024-09-25-at-11.21.24-PM-2048x1153.jpeg 2048w, https:\/\/atecordoba.org\/wp-content\/uploads\/2024\/09\/WhatsApp-Image-2024-09-25-at-11.21.24-PM-750x422.jpeg 750w, https:\/\/atecordoba.org\/wp-content\/uploads\/2024\/09\/WhatsApp-Image-2024-09-25-at-11.21.24-PM-1140x642.jpeg 1140w\" sizes=\"auto, (max-width: 300px) 100vw, 300px\" \/><\/a> <a href=\"https:\/\/atecordoba.org\/wp-content\/uploads\/2024\/09\/WhatsApp-Image-2024-09-25-at-11.21.27-PM-2-scaled.jpeg\"><img loading=\"lazy\" decoding=\"async\" class=\"alignnone size-medium wp-image-45884\" src=\"https:\/\/atecordoba.org\/wp-content\/uploads\/2024\/09\/WhatsApp-Image-2024-09-25-at-11.21.27-PM-2-300x169.jpeg\" alt=\"\" width=\"300\" height=\"169\" srcset=\"https:\/\/atecordoba.org\/wp-content\/uploads\/2024\/09\/WhatsApp-Image-2024-09-25-at-11.21.27-PM-2-300x169.jpeg 300w, https:\/\/atecordoba.org\/wp-content\/uploads\/2024\/09\/WhatsApp-Image-2024-09-25-at-11.21.27-PM-2-1024x577.jpeg 1024w, https:\/\/atecordoba.org\/wp-content\/uploads\/2024\/09\/WhatsApp-Image-2024-09-25-at-11.21.27-PM-2-768x432.jpeg 768w, https:\/\/atecordoba.org\/wp-content\/uploads\/2024\/09\/WhatsApp-Image-2024-09-25-at-11.21.27-PM-2-1536x865.jpeg 1536w, https:\/\/atecordoba.org\/wp-content\/uploads\/2024\/09\/WhatsApp-Image-2024-09-25-at-11.21.27-PM-2-2048x1153.jpeg 2048w, https:\/\/atecordoba.org\/wp-content\/uploads\/2024\/09\/WhatsApp-Image-2024-09-25-at-11.21.27-PM-2-750x422.jpeg 750w, https:\/\/atecordoba.org\/wp-content\/uploads\/2024\/09\/WhatsApp-Image-2024-09-25-at-11.21.27-PM-2-1140x642.jpeg 1140w\" sizes=\"auto, (max-width: 300px) 100vw, 300px\" \/><\/a> <a href=\"https:\/\/atecordoba.org\/wp-content\/uploads\/2024\/09\/WhatsApp-Image-2024-09-25-at-11.21.23-PM-scaled.jpeg\"><img loading=\"lazy\" decoding=\"async\" class=\"alignnone size-medium wp-image-45881\" src=\"https:\/\/atecordoba.org\/wp-content\/uploads\/2024\/09\/WhatsApp-Image-2024-09-25-at-11.21.23-PM-300x169.jpeg\" alt=\"\" width=\"300\" height=\"169\" srcset=\"https:\/\/atecordoba.org\/wp-content\/uploads\/2024\/09\/WhatsApp-Image-2024-09-25-at-11.21.23-PM-300x169.jpeg 300w, https:\/\/atecordoba.org\/wp-content\/uploads\/2024\/09\/WhatsApp-Image-2024-09-25-at-11.21.23-PM-1024x577.jpeg 1024w, https:\/\/atecordoba.org\/wp-content\/uploads\/2024\/09\/WhatsApp-Image-2024-09-25-at-11.21.23-PM-768x432.jpeg 768w, https:\/\/atecordoba.org\/wp-content\/uploads\/2024\/09\/WhatsApp-Image-2024-09-25-at-11.21.23-PM-1536x865.jpeg 1536w, https:\/\/atecordoba.org\/wp-content\/uploads\/2024\/09\/WhatsApp-Image-2024-09-25-at-11.21.23-PM-2048x1153.jpeg 2048w, https:\/\/atecordoba.org\/wp-content\/uploads\/2024\/09\/WhatsApp-Image-2024-09-25-at-11.21.23-PM-750x422.jpeg 750w, https:\/\/atecordoba.org\/wp-content\/uploads\/2024\/09\/WhatsApp-Image-2024-09-25-at-11.21.23-PM-1140x642.jpeg 1140w\" sizes=\"auto, (max-width: 300px) 100vw, 300px\" \/><\/a><\/p>\n<p>El panel cont\u00f3 con la presencia de destacadas figuras comprometidas con la defensa de los intereses nacionales:<\/p>\n<ul>\n<li><strong>Julio C\u00e9sar Urien<\/strong>: Ex detenido pol\u00edtico y Teniente de Fragata Retirado, actualmente presidente de la <strong>Fundaci\u00f3n Interactiva para la Cultura del Agua (FIPCA)<\/strong>.<\/li>\n<li><strong>Federico Giuliani<\/strong>: Secretario General de <strong>ATE y la CTA Aut\u00f3noma C\u00f3rdoba<\/strong>, quien expuso sobre el rol de los sindicatos en la defensa de la soberan\u00eda y la lucha contra el ajuste. Durante su intervenci\u00f3n, <strong>Giuliani<\/strong> destac\u00f3: <em>\u201cLa defensa de nuestra soberan\u00eda no es solo una cuesti\u00f3n econ\u00f3mica, es una lucha por la dignidad de la clase trabajadora. No permitiremos que entreguen nuestras f\u00e1bricas y recursos a intereses extranjeros, la soberan\u00eda se defiende en las calles y con organizaci\u00f3n\u201d<\/em>.<\/li>\n<li><strong>Francisco \u201cPancho\u201d Zelaya<\/strong>: Secretario Pol\u00edtico Nacional del <strong>Peronismo 26 de Julio<\/strong> y Veterano de Guerra de Malvinas, quien abord\u00f3 la relaci\u00f3n entre la soberan\u00eda territorial y los recursos nacionales.<\/li>\n<li><strong>Natalia Soledad Pacheco: <\/strong>Delegada de ATE C\u00f3rdoba Personal Civil.<\/li>\n<li><strong>Ivana Mart\u00ednez: <\/strong>Delegada de ATE C\u00f3rdoba SRT.<\/li>\n<li><strong>Malena Berger: <\/strong>Delegada de ATE C\u00f3rdoba Trabajo.<\/li>\n<\/ul>\n<p>Quienes aportaron desde sus experiencias en el campo sindical y pol\u00edtico.<\/p>\n<h3>Un llamado a la acci\u00f3n<\/h3>\n<p><a href=\"https:\/\/atecordoba.org\/wp-content\/uploads\/2024\/09\/WhatsApp-Image-2024-09-25-at-11.21.26-PM-scaled.jpeg\"><img loading=\"lazy\" decoding=\"async\" class=\"alignnone size-medium wp-image-45888\" src=\"https:\/\/atecordoba.org\/wp-content\/uploads\/2024\/09\/WhatsApp-Image-2024-09-25-at-11.21.26-PM-300x169.jpeg\" alt=\"\" width=\"300\" height=\"169\" srcset=\"https:\/\/atecordoba.org\/wp-content\/uploads\/2024\/09\/WhatsApp-Image-2024-09-25-at-11.21.26-PM-300x169.jpeg 300w, https:\/\/atecordoba.org\/wp-content\/uploads\/2024\/09\/WhatsApp-Image-2024-09-25-at-11.21.26-PM-1024x577.jpeg 1024w, https:\/\/atecordoba.org\/wp-content\/uploads\/2024\/09\/WhatsApp-Image-2024-09-25-at-11.21.26-PM-768x432.jpeg 768w, https:\/\/atecordoba.org\/wp-content\/uploads\/2024\/09\/WhatsApp-Image-2024-09-25-at-11.21.26-PM-1536x865.jpeg 1536w, https:\/\/atecordoba.org\/wp-content\/uploads\/2024\/09\/WhatsApp-Image-2024-09-25-at-11.21.26-PM-2048x1153.jpeg 2048w, https:\/\/atecordoba.org\/wp-content\/uploads\/2024\/09\/WhatsApp-Image-2024-09-25-at-11.21.26-PM-750x422.jpeg 750w, https:\/\/atecordoba.org\/wp-content\/uploads\/2024\/09\/WhatsApp-Image-2024-09-25-at-11.21.26-PM-1140x642.jpeg 1140w\" sizes=\"auto, (max-width: 300px) 100vw, 300px\" \/><\/a> <a href=\"https:\/\/atecordoba.org\/wp-content\/uploads\/2024\/09\/WhatsApp-Image-2024-09-25-at-11.21.26-PM-1-scaled.jpeg\"><img loading=\"lazy\" decoding=\"async\" class=\"alignnone size-medium wp-image-45887\" src=\"https:\/\/atecordoba.org\/wp-content\/uploads\/2024\/09\/WhatsApp-Image-2024-09-25-at-11.21.26-PM-1-300x169.jpeg\" alt=\"\" width=\"300\" height=\"169\" srcset=\"https:\/\/atecordoba.org\/wp-content\/uploads\/2024\/09\/WhatsApp-Image-2024-09-25-at-11.21.26-PM-1-300x169.jpeg 300w, https:\/\/atecordoba.org\/wp-content\/uploads\/2024\/09\/WhatsApp-Image-2024-09-25-at-11.21.26-PM-1-1024x577.jpeg 1024w, https:\/\/atecordoba.org\/wp-content\/uploads\/2024\/09\/WhatsApp-Image-2024-09-25-at-11.21.26-PM-1-768x432.jpeg 768w, https:\/\/atecordoba.org\/wp-content\/uploads\/2024\/09\/WhatsApp-Image-2024-09-25-at-11.21.26-PM-1-1536x865.jpeg 1536w, https:\/\/atecordoba.org\/wp-content\/uploads\/2024\/09\/WhatsApp-Image-2024-09-25-at-11.21.26-PM-1-2048x1153.jpeg 2048w, https:\/\/atecordoba.org\/wp-content\/uploads\/2024\/09\/WhatsApp-Image-2024-09-25-at-11.21.26-PM-1-750x422.jpeg 750w, https:\/\/atecordoba.org\/wp-content\/uploads\/2024\/09\/WhatsApp-Image-2024-09-25-at-11.21.26-PM-1-1140x642.jpeg 1140w\" sizes=\"auto, (max-width: 300px) 100vw, 300px\" \/><\/a> <a href=\"https:\/\/atecordoba.org\/wp-content\/uploads\/2024\/09\/WhatsApp-Image-2024-09-25-at-11.21.27-PM-scaled.jpeg\"><img loading=\"lazy\" decoding=\"async\" class=\"alignnone size-medium wp-image-45886\" src=\"https:\/\/atecordoba.org\/wp-content\/uploads\/2024\/09\/WhatsApp-Image-2024-09-25-at-11.21.27-PM-300x169.jpeg\" alt=\"\" width=\"300\" height=\"169\" srcset=\"https:\/\/atecordoba.org\/wp-content\/uploads\/2024\/09\/WhatsApp-Image-2024-09-25-at-11.21.27-PM-300x169.jpeg 300w, https:\/\/atecordoba.org\/wp-content\/uploads\/2024\/09\/WhatsApp-Image-2024-09-25-at-11.21.27-PM-1024x577.jpeg 1024w, https:\/\/atecordoba.org\/wp-content\/uploads\/2024\/09\/WhatsApp-Image-2024-09-25-at-11.21.27-PM-768x432.jpeg 768w, https:\/\/atecordoba.org\/wp-content\/uploads\/2024\/09\/WhatsApp-Image-2024-09-25-at-11.21.27-PM-1536x865.jpeg 1536w, https:\/\/atecordoba.org\/wp-content\/uploads\/2024\/09\/WhatsApp-Image-2024-09-25-at-11.21.27-PM-2048x1153.jpeg 2048w, https:\/\/atecordoba.org\/wp-content\/uploads\/2024\/09\/WhatsApp-Image-2024-09-25-at-11.21.27-PM-750x422.jpeg 750w, https:\/\/atecordoba.org\/wp-content\/uploads\/2024\/09\/WhatsApp-Image-2024-09-25-at-11.21.27-PM-1140x642.jpeg 1140w\" sizes=\"auto, (max-width: 300px) 100vw, 300px\" \/><\/a> <a href=\"https:\/\/atecordoba.org\/wp-content\/uploads\/2024\/09\/WhatsApp-Image-2024-09-25-at-11.21.27-PM-1-scaled.jpeg\"><img loading=\"lazy\" decoding=\"async\" class=\"alignnone size-medium wp-image-45885\" src=\"https:\/\/atecordoba.org\/wp-content\/uploads\/2024\/09\/WhatsApp-Image-2024-09-25-at-11.21.27-PM-1-300x169.jpeg\" alt=\"\" width=\"300\" height=\"169\" srcset=\"https:\/\/atecordoba.org\/wp-content\/uploads\/2024\/09\/WhatsApp-Image-2024-09-25-at-11.21.27-PM-1-300x169.jpeg 300w, https:\/\/atecordoba.org\/wp-content\/uploads\/2024\/09\/WhatsApp-Image-2024-09-25-at-11.21.27-PM-1-1024x577.jpeg 1024w, https:\/\/atecordoba.org\/wp-content\/uploads\/2024\/09\/WhatsApp-Image-2024-09-25-at-11.21.27-PM-1-768x432.jpeg 768w, https:\/\/atecordoba.org\/wp-content\/uploads\/2024\/09\/WhatsApp-Image-2024-09-25-at-11.21.27-PM-1-1536x865.jpeg 1536w, https:\/\/atecordoba.org\/wp-content\/uploads\/2024\/09\/WhatsApp-Image-2024-09-25-at-11.21.27-PM-1-2048x1153.jpeg 2048w, https:\/\/atecordoba.org\/wp-content\/uploads\/2024\/09\/WhatsApp-Image-2024-09-25-at-11.21.27-PM-1-750x422.jpeg 750w, https:\/\/atecordoba.org\/wp-content\/uploads\/2024\/09\/WhatsApp-Image-2024-09-25-at-11.21.27-PM-1-1140x642.jpeg 1140w\" sizes=\"auto, (max-width: 300px) 100vw, 300px\" \/><\/a><\/p>\n<p>Fue una charla extensa de aproximadamente dos horas, en la que pudimos profundizar en el concepto de <strong>soberan\u00eda argentina<\/strong>, tomando conciencia de la importancia de <strong>cuidar nuestros recursos naturales<\/strong>. Se discuti\u00f3 lo que representa la amenaza de la derecha para nuestra patria y las posibilidades que tenemos como pueblo de <strong>despertar y defender con u\u00f1as y dientes nuestro territorio nacional<\/strong>, incluyendo nuestra plataforma mar\u00edtima, r\u00edos, mares, la Ant\u00e1rtida y todos nuestros recursos estrat\u00e9gicos.<\/p>\n<p><strong>Federico Giuliani<\/strong>, en un mensaje inspirador, expres\u00f3: <em>\u201cEncontrarse, debatir, accionar y confrontar con el enemigo, eso venimos haciendo desde ATE y CTA C\u00f3rdoba. Defensa y Recuperaci\u00f3n de la Soberan\u00eda Nacional con un combatiente montonero como Julio Urien y un combatiente de Malvinas como Pancho Zelaya\u201d<\/em>.<\/p>\n<p>El veterano de Malvinas, <strong>Pancho Zelaya<\/strong>, nos record\u00f3 que si bien <em>\u201cLas Malvinas son argentinas\u201d<\/em> es un eslogan conocido, la realidad es que <strong>las islas siguen invadidas por los ingleses<\/strong>. No podemos dejar este tema de lado, es crucial <strong>politizar la cuesti\u00f3n de Malvinas<\/strong> para llevarla a la agenda pol\u00edtica y recuperar nuestro territorio. Las Malvinas no solo representan una porci\u00f3n de tierra, sino tambi\u00e9n un espacio con <strong>recursos naturales<\/strong> de gran valor, raz\u00f3n por la cual la <strong>OTAN<\/strong> mantiene una base all\u00ed.<\/p>\n<h3>Testimonios<\/h3>\n<p>Nuestra delegada de <strong>ATE C\u00f3rdoba Personal Civil, Natalia Soledad Pacheco<\/strong>, expres\u00f3:<br \/>\n<strong>\u201cFue una jornada en la que compartimos con compa\u00f1eros que la siguen luchando desde la trinchera. Particularmente me toc\u00f3 presentarlo a Francisco Pancho Zelaya, veterano de Malvinas, uno de los verdaderos h\u00e9roes de la patria que fueron olvidados por mucho tiempo. La charla de Julio C\u00e9sar Urien fue contundente en cuanto a lo que estamos perdiendo en soberan\u00eda territorial y recursos naturales, exponiendo c\u00f3mo el gobierno nacional entrega nuestros bienes estrat\u00e9gicos\u201d<\/strong>.<\/p>\n<h3>Seguimos construyendo unidad y poder popular<\/h3>\n<p><a href=\"https:\/\/atecordoba.org\/wp-content\/uploads\/2024\/09\/WhatsApp-Image-2024-09-25-at-11.21.27-PM-2-scaled.jpeg\"><img loading=\"lazy\" decoding=\"async\" class=\"alignnone size-medium wp-image-45884\" src=\"https:\/\/atecordoba.org\/wp-content\/uploads\/2024\/09\/WhatsApp-Image-2024-09-25-at-11.21.27-PM-2-300x169.jpeg\" alt=\"\" width=\"300\" height=\"169\" srcset=\"https:\/\/atecordoba.org\/wp-content\/uploads\/2024\/09\/WhatsApp-Image-2024-09-25-at-11.21.27-PM-2-300x169.jpeg 300w, https:\/\/atecordoba.org\/wp-content\/uploads\/2024\/09\/WhatsApp-Image-2024-09-25-at-11.21.27-PM-2-1024x577.jpeg 1024w, https:\/\/atecordoba.org\/wp-content\/uploads\/2024\/09\/WhatsApp-Image-2024-09-25-at-11.21.27-PM-2-768x432.jpeg 768w, https:\/\/atecordoba.org\/wp-content\/uploads\/2024\/09\/WhatsApp-Image-2024-09-25-at-11.21.27-PM-2-1536x865.jpeg 1536w, https:\/\/atecordoba.org\/wp-content\/uploads\/2024\/09\/WhatsApp-Image-2024-09-25-at-11.21.27-PM-2-2048x1153.jpeg 2048w, https:\/\/atecordoba.org\/wp-content\/uploads\/2024\/09\/WhatsApp-Image-2024-09-25-at-11.21.27-PM-2-750x422.jpeg 750w, https:\/\/atecordoba.org\/wp-content\/uploads\/2024\/09\/WhatsApp-Image-2024-09-25-at-11.21.27-PM-2-1140x642.jpeg 1140w\" sizes=\"auto, (max-width: 300px) 100vw, 300px\" \/><\/a><\/p>\n<p>Desde <strong>ATE C\u00f3rdoba<\/strong>, destacamos la importancia de <strong>articular con organizaciones, fundaciones y actores<\/strong> que compartan el objetivo de <strong>recuperar nuestra soberan\u00eda nacional<\/strong> y evitar que volvamos a ser una colonia. La defensa de nuestros recursos y nuestra soberan\u00eda es una lucha que debemos continuar, manteniendo firme nuestra convicci\u00f3n de que somos una <strong>patria libre<\/strong>.<\/p>\n<p>Este tipo de encuentros son fundamentales para <strong>fortalecer la organizaci\u00f3n<\/strong> y la unidad de los trabajadores en la lucha por los derechos soberanos. El 30 de septiembre se avecina un nuevo desaf\u00edo, y desde ATE C\u00f3rdoba estaremos firmes en la defensa de nuestras f\u00e1bricas, recursos y soberan\u00eda.<\/p>\n<p><strong>\u00a1Por la defensa y recuperaci\u00f3n de nuestra soberan\u00eda, sigamos construyendo unidad y lucha!<\/strong><\/p>\n<p><strong>Organizaron<\/strong>: <strong>ATE y CTA Aut\u00f3noma C\u00f3rdoba<\/strong>; <strong>Peronismo 26 de Julio<\/strong> y <strong>FIPCA<\/strong>.<\/p>\n","protected":false},"excerpt":{"rendered":"<p>En v\u00edsperas del 30 de septiembre, fecha pautada por el gobierno nacional para avanzar en la privatizaci\u00f3n de nuestras empresas y f\u00e1bricas nacionales, ATE C\u00f3rdoba organiz\u00f3 un importante espacio de reflexi\u00f3n y debate bajo el lema \u201cReconquistar Soberan\u00eda\u201d. La actividad tuvo lugar este mi\u00e9rcoles 25 de septiembre a las 19 horas, en nuestra sede sindical [&hellip;]<\/p>\n","protected":false},"author":3,"featured_media":45889,"comment_status":"open","ping_status":"open","sticky":false,"template":"","format":"standard","meta":{"_exactmetrics_skip_tracking":false,"_exactmetrics_sitenote_active":false,"_exactmetrics_sitenote_note":"","_exactmetrics_sitenote_category":0,"jnews-multi-image_gallery":[],"jnews_single_post":{"format":"standard","override":[{"template":"1","parallax":"1","fullscreen":"1","layout":"no-sidebar-narrow","sidebar":"default-sidebar","second_sidebar":"default-sidebar","sticky_sidebar":"1","share_position":"bottom","share_float_style":"share-monocrhome","show_share_counter":"1","show_view_counter":"1","show_post_meta":"1","show_post_author_image":"1","show_post_date":"1","post_date_format":"default","post_date_format_custom":"Y\/m\/d","show_post_category":"1","show_post_reading_time":"0","post_reading_time_wpm":"300","post_calculate_word_method":"str_word_count","show_zoom_button":"0","zoom_button_out_step":"2","zoom_button_in_step":"3","show_post_tag":"1","number_popup_post":"1","show_post_related":"1","show_inline_post_related":"0"}],"image_override":[{"single_post_thumbnail_size":"crop-500","single_post_gallery_size":"crop-500"}],"trending_post_position":"meta","trending_post_label":"Trending","sponsored_post_label":"Sponsored by","disable_ad":"0"},"jnews_primary_category":[],"jnews_social_meta":[],"jnews_review":[],"enable_review":"","type":"percentage","name":"","summary":"","brand":"","sku":"","good":[],"bad":[],"score_override":"","override_value":"","rating":[],"price":[],"jnews_override_counter":{"view_counter_number":"0","share_counter_number":"0","like_counter_number":"0","dislike_counter_number":"0"},"jnews_post_split":{"post_split":[{"template":"1","tag":"h2","numbering":"asc","mode":"normal","first":"0","enable_toc":"0","toc_type":"normal"}]},"footnotes":""},"categories":[10],"tags":[],"class_list":["post-45880","post","type-post","status-publish","format-standard","has-post-thumbnail","hentry","category-accion-politica"],"jetpack_featured_media_url":"https:\/\/atecordoba.org\/wp-content\/uploads\/2024\/09\/WhatsApp-Image-2024-09-25-at-11.21.25-PM-1-scaled.jpeg","_links":{"self":[{"href":"https:\/\/atecordoba.org\/index.php?rest_route=\/wp\/v2\/posts\/45880","targetHints":{"allow":["GET"]}}],"collection":[{"href":"https:\/\/atecordoba.org\/index.php?rest_route=\/wp\/v2\/posts"}],"about":[{"href":"https:\/\/atecordoba.org\/index.php?rest_route=\/wp\/v2\/types\/post"}],"author":[{"embeddable":true,"href":"https:\/\/atecordoba.org\/index.php?rest_route=\/wp\/v2\/users\/3"}],"replies":[{"embeddable":true,"href":"https:\/\/atecordoba.org\/index.php?rest_route=%2Fwp%2Fv2%2Fcomments&post=45880"}],"version-history":[{"count":5,"href":"https:\/\/atecordoba.org\/index.php?rest_route=\/wp\/v2\/posts\/45880\/revisions"}],"predecessor-version":[{"id":45896,"href":"https:\/\/atecordoba.org\/index.php?rest_route=\/wp\/v2\/posts\/45880\/revisions\/45896"}],"wp:featuredmedia":[{"embeddable":true,"href":"https:\/\/atecordoba.org\/index.php?rest_route=\/wp\/v2\/media\/45889"}],"wp:attachment":[{"href":"https:\/\/atecordoba.org\/index.php?rest_route=%2Fwp%2Fv2%2Fmedia&parent=45880"}],"wp:term":[{"taxonomy":"category","embeddable":true,"href":"https:\/\/atecordoba.org\/index.php?rest_route=%2Fwp%2Fv2%2Fcategories&post=45880"},{"taxonomy":"post_tag","embeddable":true,"href":"https:\/\/atecordoba.org\/index.php?rest_route=%2Fwp%2Fv2%2Ftags&post=45880"}],"curies":[{"name":"wp","href":"https:\/\/api.w.org\/{rel}","templated":true}]}}