{"id":45877,"date":"2024-09-25T13:12:39","date_gmt":"2024-09-25T16:12:39","guid":{"rendered":"https:\/\/atecordoba.org\/?p=45877"},"modified":"2024-09-25T13:12:39","modified_gmt":"2024-09-25T16:12:39","slug":"ate-cordoba-exige-la-reinstalacion-de-nuestro-afiliado-en-anisacate","status":"publish","type":"post","link":"https:\/\/atecordoba.org\/?p=45877","title":{"rendered":"ATE C\u00f3rdoba exige la reinstalaci\u00f3n de nuestro afiliado en Anisacate"},"content":{"rendered":"<p><a href=\"https:\/\/atecordoba.org\/wp-content\/uploads\/2024\/09\/WhatsApp-Image-2024-09-25-at-12.24.49-PM-1-e1727280225531.jpeg\"><img loading=\"lazy\" decoding=\"async\" class=\"alignnone wp-image-45867 size-full\" src=\"https:\/\/atecordoba.org\/wp-content\/uploads\/2024\/09\/WhatsApp-Image-2024-09-25-at-12.24.49-PM-1-e1727280225531.jpeg\" alt=\"\" width=\"1200\" height=\"413\" srcset=\"https:\/\/atecordoba.org\/wp-content\/uploads\/2024\/09\/WhatsApp-Image-2024-09-25-at-12.24.49-PM-1-e1727280225531.jpeg 1200w, https:\/\/atecordoba.org\/wp-content\/uploads\/2024\/09\/WhatsApp-Image-2024-09-25-at-12.24.49-PM-1-e1727280225531-300x103.jpeg 300w, https:\/\/atecordoba.org\/wp-content\/uploads\/2024\/09\/WhatsApp-Image-2024-09-25-at-12.24.49-PM-1-e1727280225531-1024x352.jpeg 1024w, https:\/\/atecordoba.org\/wp-content\/uploads\/2024\/09\/WhatsApp-Image-2024-09-25-at-12.24.49-PM-1-e1727280225531-768x264.jpeg 768w, https:\/\/atecordoba.org\/wp-content\/uploads\/2024\/09\/WhatsApp-Image-2024-09-25-at-12.24.49-PM-1-e1727280225531-750x258.jpeg 750w, https:\/\/atecordoba.org\/wp-content\/uploads\/2024\/09\/WhatsApp-Image-2024-09-25-at-12.24.49-PM-1-e1727280225531-1140x392.jpeg 1140w\" sizes=\"auto, (max-width: 1200px) 100vw, 1200px\" \/><\/a><\/p>\n<p>En el marco de una audiencia realizada ayer en el <strong>Ministerio de Trabajo<\/strong> entre los representantes legales de <strong>ATE C\u00f3rdoba<\/strong> y los del <strong>Municipio de Anisacate<\/strong>, se debati\u00f3 sobre el <strong>despido arbitrario y discriminatorio<\/strong> de <strong>Mart\u00edn Caminos<\/strong>, afiliado de planta permanente con varios a\u00f1os de antig\u00fcedad en la municipalidad. Caminos, quien es tambi\u00e9n un referente sindical de ATE, fue despedido sin justificaci\u00f3n alguna, lo que constituye un acto que consideramos discriminatorio y en contra de los derechos gremiales.<\/p>\n<h3>Intimaci\u00f3n a la reinstalaci\u00f3n de Mart\u00edn Caminos<\/h3>\n<p>Desde ATE C\u00f3rdoba, hemos <strong>intimado al municipio<\/strong> a reinstalar a nuestro compa\u00f1ero Mart\u00edn Caminos en su puesto de trabajo, considerando que su despido vulnera tanto su estabilidad laboral como su rol gremial. <strong>El despido de un afiliado sindical es un ataque directo a los derechos de representaci\u00f3n y organizaci\u00f3n de los trabajadores<\/strong>, y como tal, no puede quedar impune.<\/p>\n<h3>Mesa de trabajo y pr\u00f3xima audiencia<\/h3>\n<p>A pesar de los constantes intentos de la patronal de <strong>suspender las negociaciones<\/strong> en el Ministerio de Trabajo, <strong>ATE C\u00f3rdoba mantiene su convicci\u00f3n de sostener este \u00e1mbito institucional de di\u00e1logo<\/strong>. Gracias a nuestra firmeza, se ha forzado la <strong>presentaci\u00f3n del municipio<\/strong> en las audiencias y se ha fijado una nueva audiencia para el pr\u00f3ximo <strong>3 de octubre a las 10 horas<\/strong>.<\/p>\n<p>El compromiso de <strong>ATE C\u00f3rdoba<\/strong> es claro: <strong>no vamos a permitir que se vulneren los derechos de nuestros afiliados y trabajadores<\/strong>. Continuaremos presentes en las mesas de trabajo, defendiendo los derechos laborales y asegurando que nuestra organizaci\u00f3n gremial tenga <strong>participaci\u00f3n activa<\/strong> dentro del municipio de Anisacate.<\/p>\n<p>Seguimos en pie de lucha, en defensa de <strong>Mart\u00edn Caminos<\/strong> y de todos los trabajadores que han visto vulnerados sus derechos. \u00a1La unidad y la organizaci\u00f3n son nuestra mayor fortaleza!<\/p>\n<p>#ATEC\u00f3rdoba #Anisacate #Reinstalaci\u00f3n #DefensaGremial<\/p>\n","protected":false},"excerpt":{"rendered":"<p>En el marco de una audiencia realizada ayer en el Ministerio de Trabajo entre los representantes legales de ATE C\u00f3rdoba y los del Municipio de Anisacate, se debati\u00f3 sobre el despido arbitrario y discriminatorio de Mart\u00edn Caminos, afiliado de planta permanente con varios a\u00f1os de antig\u00fcedad en la municipalidad. Caminos, quien es tambi\u00e9n un referente [&hellip;]<\/p>\n","protected":false},"author":3,"featured_media":45867,"comment_status":"open","ping_status":"open","sticky":false,"template":"","format":"standard","meta":{"_exactmetrics_skip_tracking":false,"_exactmetrics_sitenote_active":false,"_exactmetrics_sitenote_note":"","_exactmetrics_sitenote_category":0,"jnews-multi-image_gallery":[],"jnews_single_post":{"format":"standard","override":[{"template":"1","parallax":"1","fullscreen":"1","layout":"no-sidebar-narrow","sidebar":"default-sidebar","second_sidebar":"default-sidebar","sticky_sidebar":"1","share_position":"bottom","share_float_style":"share-monocrhome","show_share_counter":"1","show_view_counter":"1","show_post_meta":"1","show_post_author_image":"1","show_post_date":"1","post_date_format":"default","post_date_format_custom":"Y\/m\/d","show_post_category":"1","show_post_reading_time":"0","post_reading_time_wpm":"300","post_calculate_word_method":"str_word_count","show_zoom_button":"0","zoom_button_out_step":"2","zoom_button_in_step":"3","show_post_tag":"1","number_popup_post":"1","show_post_related":"1","show_inline_post_related":"0"}],"image_override":[{"single_post_thumbnail_size":"crop-500","single_post_gallery_size":"crop-500"}],"trending_post_position":"meta","trending_post_label":"Trending","sponsored_post_label":"Sponsored by","disable_ad":"0"},"jnews_primary_category":[],"jnews_social_meta":[],"jnews_review":[],"enable_review":"","type":"percentage","name":"","summary":"","brand":"","sku":"","good":[],"bad":[],"score_override":"","override_value":"","rating":[],"price":[],"jnews_override_counter":{"view_counter_number":"0","share_counter_number":"0","like_counter_number":"0","dislike_counter_number":"0"},"jnews_post_split":{"post_split":[{"template":"1","tag":"h2","numbering":"asc","mode":"normal","first":"0","enable_toc":"0","toc_type":"normal"}]},"footnotes":""},"categories":[20],"tags":[],"class_list":["post-45877","post","type-post","status-publish","format-standard","has-post-thumbnail","hentry","category-municipales"],"jetpack_featured_media_url":"https:\/\/atecordoba.org\/wp-content\/uploads\/2024\/09\/WhatsApp-Image-2024-09-25-at-12.24.49-PM-1-e1727280225531.jpeg","_links":{"self":[{"href":"https:\/\/atecordoba.org\/index.php?rest_route=\/wp\/v2\/posts\/45877","targetHints":{"allow":["GET"]}}],"collection":[{"href":"https:\/\/atecordoba.org\/index.php?rest_route=\/wp\/v2\/posts"}],"about":[{"href":"https:\/\/atecordoba.org\/index.php?rest_route=\/wp\/v2\/types\/post"}],"author":[{"embeddable":true,"href":"https:\/\/atecordoba.org\/index.php?rest_route=\/wp\/v2\/users\/3"}],"replies":[{"embeddable":true,"href":"https:\/\/atecordoba.org\/index.php?rest_route=%2Fwp%2Fv2%2Fcomments&post=45877"}],"version-history":[{"count":1,"href":"https:\/\/atecordoba.org\/index.php?rest_route=\/wp\/v2\/posts\/45877\/revisions"}],"predecessor-version":[{"id":45878,"href":"https:\/\/atecordoba.org\/index.php?rest_route=\/wp\/v2\/posts\/45877\/revisions\/45878"}],"wp:featuredmedia":[{"embeddable":true,"href":"https:\/\/atecordoba.org\/index.php?rest_route=\/wp\/v2\/media\/45867"}],"wp:attachment":[{"href":"https:\/\/atecordoba.org\/index.php?rest_route=%2Fwp%2Fv2%2Fmedia&parent=45877"}],"wp:term":[{"taxonomy":"category","embeddable":true,"href":"https:\/\/atecordoba.org\/index.php?rest_route=%2Fwp%2Fv2%2Fcategories&post=45877"},{"taxonomy":"post_tag","embeddable":true,"href":"https:\/\/atecordoba.org\/index.php?rest_route=%2Fwp%2Fv2%2Ftags&post=45877"}],"curies":[{"name":"wp","href":"https:\/\/api.w.org\/{rel}","templated":true}]}}