{"id":45841,"date":"2024-09-25T10:03:46","date_gmt":"2024-09-25T13:03:46","guid":{"rendered":"https:\/\/atecordoba.org\/?p=45841"},"modified":"2024-09-25T10:03:46","modified_gmt":"2024-09-25T13:03:46","slug":"repudian-la-visita-de-milei-a-cordoba","status":"publish","type":"post","link":"https:\/\/atecordoba.org\/?p=45841","title":{"rendered":"Repudian la visita de Milei a C\u00f3rdoba"},"content":{"rendered":"<p><a href=\"https:\/\/atecordoba.org\/wp-content\/uploads\/2024\/09\/descarga-13.jpg\"><img loading=\"lazy\" decoding=\"async\" class=\"alignnone wp-image-45842 size-full\" src=\"https:\/\/atecordoba.org\/wp-content\/uploads\/2024\/09\/descarga-13.jpg\" alt=\"\" width=\"500\" height=\"250\" srcset=\"https:\/\/atecordoba.org\/wp-content\/uploads\/2024\/09\/descarga-13.jpg 500w, https:\/\/atecordoba.org\/wp-content\/uploads\/2024\/09\/descarga-13-300x150.jpg 300w, https:\/\/atecordoba.org\/wp-content\/uploads\/2024\/09\/descarga-13-360x180.jpg 360w\" sizes=\"auto, (max-width: 500px) 100vw, 500px\" \/><\/a><\/p>\n<p>ATE y la CTA Aut\u00f3noma C\u00f3rdoba expresaron\u00a0 su \u201crepudio a la anunciada visita del Presidente Javier Milei este mediod\u00eda a la provincia, despu\u00e9s de una semana de dram\u00e1ticos incendios en la que la cooperaci\u00f3n del Gobierno Nacional brill\u00f3 por su ausencia. Todo fuego es pol\u00edtico: Hasta el d\u00eda de hoy han hecho o\u00eddos sordos al un\u00e1nime reclamo de que se declare la Emergencia Nacional. Frente a la inacci\u00f3n de la casta, el pueblo se autoconvoca, organiza brigadas civiles y lucha denodadamente contra el fuego desatado en distintos lugares de las sierras\u201d, indica un comunicado.<\/p>\n<p>Y a\u00f1ade: \u201cMilei es responsable de esta cat\u00e1strofe: El DNU 70\/23 que destroz\u00f3 la Ley de Manejo del Fuego; la destrucci\u00f3n de las capacidades del Estado; la desjerarquizaci\u00f3n de la cartera ambiental; y el negacionismo de la Crisis Clim\u00e1tica-Ecol\u00f3gica, constituyen el combo fatal detr\u00e1s de los incendios. En el primer trimestre de 2024, el Gobierno Nacional no ejecut\u00f3 un solo peso de los fondos asignados a Manejo del Fuego\u201d.<\/p>\n<p>\u201cRechazamos la presencia de Milei en una provincia devastada por el fuego indiscriminado de los intereses financieros, empresariales y de una clase dirigente corrupta que, por acci\u00f3n u omisi\u00f3n c\u00f3mplice, arrasa con bosques nativos e implantados y pastizales, atacando y arrasando con la naturaleza y las poblaciones que la habitan. Los intereses de los grandes capitales, del agronegocio exportador, del extractivismo inmobiliario y tur\u00edstico, el saqueo de nuestros bienes comunes est\u00e1n detr\u00e1s de los incendios, que son negados, desatendidos y desfinanciados\u201d, subraya la nota.<\/p>\n<p>Y concluye: \u201cLa estafa de la Deuda Externa, cuyo pago condena a las generaciones actuales y futuras, presupone el mito del \u2018d\u00e9ficit cero\u2019, que se procura obtener sobre el desguace del Estado y los servicios p\u00fablicos b\u00e1sicos, entre los que el control y protecci\u00f3n ambiental, y la lucha contra los incendios y otras destrucciones catastr\u00f3ficas, resultan aniquilados por el accionar de este Gobierno neofascista que repudiamos, denunciamos y combatimos sin permitirnos ninguna claudicaci\u00f3n. Declaramos persona no grata a este ajustador serial, hambreador del pueblo, represor de nuestros jubilados; personaje cipayo que encarna la restauraci\u00f3n olig\u00e1rquica y el revanchismo patronal para plantar una bandera de remate a nuestra Patria\u201d.<\/p>\n<p>Fuente: https:\/\/ctaacordoba.org\/repudian-la-visita-de-milei-a-cordoba\/<\/p>\n","protected":false},"excerpt":{"rendered":"<p>ATE y la CTA Aut\u00f3noma C\u00f3rdoba expresaron\u00a0 su \u201crepudio a la anunciada visita del Presidente Javier Milei este mediod\u00eda a la provincia, despu\u00e9s de una semana de dram\u00e1ticos incendios en la que la cooperaci\u00f3n del Gobierno Nacional brill\u00f3 por su ausencia. Todo fuego es pol\u00edtico: Hasta el d\u00eda de hoy han hecho o\u00eddos sordos al [&hellip;]<\/p>\n","protected":false},"author":3,"featured_media":45843,"comment_status":"open","ping_status":"open","sticky":false,"template":"","format":"standard","meta":{"_exactmetrics_skip_tracking":false,"_exactmetrics_sitenote_active":false,"_exactmetrics_sitenote_note":"","_exactmetrics_sitenote_category":0,"jnews-multi-image_gallery":[],"jnews_single_post":{"format":"standard","override":[{"template":"1","parallax":"1","fullscreen":"1","layout":"no-sidebar-narrow","sidebar":"default-sidebar","second_sidebar":"default-sidebar","sticky_sidebar":"1","share_position":"bottom","share_float_style":"share-monocrhome","show_share_counter":"1","show_view_counter":"1","show_post_meta":"1","show_post_author_image":"1","show_post_date":"1","post_date_format":"default","post_date_format_custom":"Y\/m\/d","show_post_category":"1","show_post_reading_time":"0","post_reading_time_wpm":"300","post_calculate_word_method":"str_word_count","show_zoom_button":"0","zoom_button_out_step":"2","zoom_button_in_step":"3","show_post_tag":"1","number_popup_post":"1","show_post_related":"1","show_inline_post_related":"0"}],"image_override":[{"single_post_thumbnail_size":"crop-500","single_post_gallery_size":"crop-500"}],"trending_post_position":"meta","trending_post_label":"Trending","sponsored_post_label":"Sponsored by","disable_ad":"0"},"jnews_primary_category":[],"jnews_social_meta":[],"jnews_review":[],"enable_review":"","type":"percentage","name":"","summary":"","brand":"","sku":"","good":[],"bad":[],"score_override":"","override_value":"","rating":[],"price":[],"jnews_override_counter":{"view_counter_number":"0","share_counter_number":"0","like_counter_number":"0","dislike_counter_number":"0"},"jnews_post_split":{"post_split":[{"template":"1","tag":"h2","numbering":"asc","mode":"normal","first":"0","enable_toc":"0","toc_type":"normal"}]},"footnotes":""},"categories":[10],"tags":[],"class_list":["post-45841","post","type-post","status-publish","format-standard","has-post-thumbnail","hentry","category-accion-politica"],"jetpack_featured_media_url":"https:\/\/atecordoba.org\/wp-content\/uploads\/2024\/09\/descarga-13-1.jpg","_links":{"self":[{"href":"https:\/\/atecordoba.org\/index.php?rest_route=\/wp\/v2\/posts\/45841","targetHints":{"allow":["GET"]}}],"collection":[{"href":"https:\/\/atecordoba.org\/index.php?rest_route=\/wp\/v2\/posts"}],"about":[{"href":"https:\/\/atecordoba.org\/index.php?rest_route=\/wp\/v2\/types\/post"}],"author":[{"embeddable":true,"href":"https:\/\/atecordoba.org\/index.php?rest_route=\/wp\/v2\/users\/3"}],"replies":[{"embeddable":true,"href":"https:\/\/atecordoba.org\/index.php?rest_route=%2Fwp%2Fv2%2Fcomments&post=45841"}],"version-history":[{"count":1,"href":"https:\/\/atecordoba.org\/index.php?rest_route=\/wp\/v2\/posts\/45841\/revisions"}],"predecessor-version":[{"id":45844,"href":"https:\/\/atecordoba.org\/index.php?rest_route=\/wp\/v2\/posts\/45841\/revisions\/45844"}],"wp:featuredmedia":[{"embeddable":true,"href":"https:\/\/atecordoba.org\/index.php?rest_route=\/wp\/v2\/media\/45843"}],"wp:attachment":[{"href":"https:\/\/atecordoba.org\/index.php?rest_route=%2Fwp%2Fv2%2Fmedia&parent=45841"}],"wp:term":[{"taxonomy":"category","embeddable":true,"href":"https:\/\/atecordoba.org\/index.php?rest_route=%2Fwp%2Fv2%2Fcategories&post=45841"},{"taxonomy":"post_tag","embeddable":true,"href":"https:\/\/atecordoba.org\/index.php?rest_route=%2Fwp%2Fv2%2Ftags&post=45841"}],"curies":[{"name":"wp","href":"https:\/\/api.w.org\/{rel}","templated":true}]}}