{"id":45819,"date":"2024-09-24T11:26:25","date_gmt":"2024-09-24T14:26:25","guid":{"rendered":"https:\/\/atecordoba.org\/?p=45819"},"modified":"2024-09-24T11:26:25","modified_gmt":"2024-09-24T14:26:25","slug":"ate-cordoba-se-movilizo-en-defensa-de-la-educacion-publica","status":"publish","type":"post","link":"https:\/\/atecordoba.org\/?p=45819","title":{"rendered":"ATE C\u00f3rdoba se moviliz\u00f3 en defensa de la educaci\u00f3n p\u00fablica"},"content":{"rendered":"<p><a href=\"https:\/\/atecordoba.org\/wp-content\/uploads\/2024\/09\/WhatsApp-Image-2024-09-24-at-11.15.55-AM-1-scaled.jpeg\"><img loading=\"lazy\" decoding=\"async\" class=\"alignnone wp-image-45827 size-full\" src=\"https:\/\/atecordoba.org\/wp-content\/uploads\/2024\/09\/WhatsApp-Image-2024-09-24-at-11.15.55-AM-1-scaled.jpeg\" alt=\"\" width=\"2560\" height=\"1922\" srcset=\"https:\/\/atecordoba.org\/wp-content\/uploads\/2024\/09\/WhatsApp-Image-2024-09-24-at-11.15.55-AM-1-scaled.jpeg 2560w, https:\/\/atecordoba.org\/wp-content\/uploads\/2024\/09\/WhatsApp-Image-2024-09-24-at-11.15.55-AM-1-300x225.jpeg 300w, https:\/\/atecordoba.org\/wp-content\/uploads\/2024\/09\/WhatsApp-Image-2024-09-24-at-11.15.55-AM-1-1024x769.jpeg 1024w, https:\/\/atecordoba.org\/wp-content\/uploads\/2024\/09\/WhatsApp-Image-2024-09-24-at-11.15.55-AM-1-768x577.jpeg 768w, https:\/\/atecordoba.org\/wp-content\/uploads\/2024\/09\/WhatsApp-Image-2024-09-24-at-11.15.55-AM-1-1536x1153.jpeg 1536w, https:\/\/atecordoba.org\/wp-content\/uploads\/2024\/09\/WhatsApp-Image-2024-09-24-at-11.15.55-AM-1-2048x1537.jpeg 2048w, https:\/\/atecordoba.org\/wp-content\/uploads\/2024\/09\/WhatsApp-Image-2024-09-24-at-11.15.55-AM-1-750x563.jpeg 750w, https:\/\/atecordoba.org\/wp-content\/uploads\/2024\/09\/WhatsApp-Image-2024-09-24-at-11.15.55-AM-1-1140x856.jpeg 1140w\" sizes=\"auto, (max-width: 2560px) 100vw, 2560px\" \/><\/a><\/p>\n<p>Ayer, <strong>ATE C\u00f3rdoba<\/strong>\u00a0se sum\u00f3 a una movilizaci\u00f3n en defensa de la educaci\u00f3n p\u00fablica, partiendo desde Ciudad Universitaria y culminando en el Patio Olmos, en el coraz\u00f3n de C\u00f3rdoba. La marcha, que cont\u00f3 con la participaci\u00f3n de trabajadores universitarios y estudiantes, fue un grito contra los recortes presupuestarios y la ca\u00edda de salarios, y un llamado a la unidad en la lucha por una educaci\u00f3n p\u00fablica, gratuita y accesible.<\/p>\n<p><a href=\"https:\/\/atecordoba.org\/wp-content\/uploads\/2024\/09\/WhatsApp-Image-2024-09-24-at-11.15.55-AM-scaled.jpeg\"><img loading=\"lazy\" decoding=\"async\" class=\"alignnone size-medium wp-image-45828\" src=\"https:\/\/atecordoba.org\/wp-content\/uploads\/2024\/09\/WhatsApp-Image-2024-09-24-at-11.15.55-AM-300x225.jpeg\" alt=\"\" width=\"300\" height=\"225\" srcset=\"https:\/\/atecordoba.org\/wp-content\/uploads\/2024\/09\/WhatsApp-Image-2024-09-24-at-11.15.55-AM-300x225.jpeg 300w, https:\/\/atecordoba.org\/wp-content\/uploads\/2024\/09\/WhatsApp-Image-2024-09-24-at-11.15.55-AM-1024x769.jpeg 1024w, https:\/\/atecordoba.org\/wp-content\/uploads\/2024\/09\/WhatsApp-Image-2024-09-24-at-11.15.55-AM-768x577.jpeg 768w, https:\/\/atecordoba.org\/wp-content\/uploads\/2024\/09\/WhatsApp-Image-2024-09-24-at-11.15.55-AM-1536x1153.jpeg 1536w, https:\/\/atecordoba.org\/wp-content\/uploads\/2024\/09\/WhatsApp-Image-2024-09-24-at-11.15.55-AM-2048x1537.jpeg 2048w, https:\/\/atecordoba.org\/wp-content\/uploads\/2024\/09\/WhatsApp-Image-2024-09-24-at-11.15.55-AM-750x563.jpeg 750w, https:\/\/atecordoba.org\/wp-content\/uploads\/2024\/09\/WhatsApp-Image-2024-09-24-at-11.15.55-AM-1140x856.jpeg 1140w\" sizes=\"auto, (max-width: 300px) 100vw, 300px\" \/><\/a> <a href=\"https:\/\/atecordoba.org\/wp-content\/uploads\/2024\/09\/WhatsApp-Image-2024-09-24-at-11.15.55-AM-2-scaled.jpeg\"><img loading=\"lazy\" decoding=\"async\" class=\"alignnone size-medium wp-image-45826\" src=\"https:\/\/atecordoba.org\/wp-content\/uploads\/2024\/09\/WhatsApp-Image-2024-09-24-at-11.15.55-AM-2-300x225.jpeg\" alt=\"\" width=\"300\" height=\"225\" srcset=\"https:\/\/atecordoba.org\/wp-content\/uploads\/2024\/09\/WhatsApp-Image-2024-09-24-at-11.15.55-AM-2-300x225.jpeg 300w, https:\/\/atecordoba.org\/wp-content\/uploads\/2024\/09\/WhatsApp-Image-2024-09-24-at-11.15.55-AM-2-1024x769.jpeg 1024w, https:\/\/atecordoba.org\/wp-content\/uploads\/2024\/09\/WhatsApp-Image-2024-09-24-at-11.15.55-AM-2-768x577.jpeg 768w, https:\/\/atecordoba.org\/wp-content\/uploads\/2024\/09\/WhatsApp-Image-2024-09-24-at-11.15.55-AM-2-1536x1153.jpeg 1536w, https:\/\/atecordoba.org\/wp-content\/uploads\/2024\/09\/WhatsApp-Image-2024-09-24-at-11.15.55-AM-2-2048x1537.jpeg 2048w, https:\/\/atecordoba.org\/wp-content\/uploads\/2024\/09\/WhatsApp-Image-2024-09-24-at-11.15.55-AM-2-750x563.jpeg 750w, https:\/\/atecordoba.org\/wp-content\/uploads\/2024\/09\/WhatsApp-Image-2024-09-24-at-11.15.55-AM-2-1140x856.jpeg 1140w\" sizes=\"auto, (max-width: 300px) 100vw, 300px\" \/><\/a> <a href=\"https:\/\/atecordoba.org\/wp-content\/uploads\/2024\/09\/WhatsApp-Image-2024-09-24-at-11.15.55-AM-3-scaled.jpeg\"><img loading=\"lazy\" decoding=\"async\" class=\"alignnone size-medium wp-image-45825\" src=\"https:\/\/atecordoba.org\/wp-content\/uploads\/2024\/09\/WhatsApp-Image-2024-09-24-at-11.15.55-AM-3-300x225.jpeg\" alt=\"\" width=\"300\" height=\"225\" srcset=\"https:\/\/atecordoba.org\/wp-content\/uploads\/2024\/09\/WhatsApp-Image-2024-09-24-at-11.15.55-AM-3-300x225.jpeg 300w, https:\/\/atecordoba.org\/wp-content\/uploads\/2024\/09\/WhatsApp-Image-2024-09-24-at-11.15.55-AM-3-1024x768.jpeg 1024w, https:\/\/atecordoba.org\/wp-content\/uploads\/2024\/09\/WhatsApp-Image-2024-09-24-at-11.15.55-AM-3-768x576.jpeg 768w, https:\/\/atecordoba.org\/wp-content\/uploads\/2024\/09\/WhatsApp-Image-2024-09-24-at-11.15.55-AM-3-1536x1152.jpeg 1536w, https:\/\/atecordoba.org\/wp-content\/uploads\/2024\/09\/WhatsApp-Image-2024-09-24-at-11.15.55-AM-3-2048x1536.jpeg 2048w, https:\/\/atecordoba.org\/wp-content\/uploads\/2024\/09\/WhatsApp-Image-2024-09-24-at-11.15.55-AM-3-750x563.jpeg 750w, https:\/\/atecordoba.org\/wp-content\/uploads\/2024\/09\/WhatsApp-Image-2024-09-24-at-11.15.55-AM-3-1140x855.jpeg 1140w\" sizes=\"auto, (max-width: 300px) 100vw, 300px\" \/><\/a><\/p>\n<h3><strong>Declaraciones de nuestros compa\u00f1eros en la marcha:<\/strong><\/h3>\n<blockquote><p><strong><a href=\"https:\/\/atecordoba.org\/wp-content\/uploads\/2024\/09\/WhatsApp-Image-2024-09-24-at-11.15.56-AM-scaled.jpeg\"><img loading=\"lazy\" decoding=\"async\" class=\"size-medium wp-image-45824 alignleft\" src=\"https:\/\/atecordoba.org\/wp-content\/uploads\/2024\/09\/WhatsApp-Image-2024-09-24-at-11.15.56-AM-225x300.jpeg\" alt=\"\" width=\"225\" height=\"300\" srcset=\"https:\/\/atecordoba.org\/wp-content\/uploads\/2024\/09\/WhatsApp-Image-2024-09-24-at-11.15.56-AM-225x300.jpeg 225w, https:\/\/atecordoba.org\/wp-content\/uploads\/2024\/09\/WhatsApp-Image-2024-09-24-at-11.15.56-AM-769x1024.jpeg 769w, https:\/\/atecordoba.org\/wp-content\/uploads\/2024\/09\/WhatsApp-Image-2024-09-24-at-11.15.56-AM-768x1023.jpeg 768w, https:\/\/atecordoba.org\/wp-content\/uploads\/2024\/09\/WhatsApp-Image-2024-09-24-at-11.15.56-AM-1153x1536.jpeg 1153w, https:\/\/atecordoba.org\/wp-content\/uploads\/2024\/09\/WhatsApp-Image-2024-09-24-at-11.15.56-AM-1537x2048.jpeg 1537w, https:\/\/atecordoba.org\/wp-content\/uploads\/2024\/09\/WhatsApp-Image-2024-09-24-at-11.15.56-AM-750x999.jpeg 750w, https:\/\/atecordoba.org\/wp-content\/uploads\/2024\/09\/WhatsApp-Image-2024-09-24-at-11.15.56-AM-1140x1519.jpeg 1140w, https:\/\/atecordoba.org\/wp-content\/uploads\/2024\/09\/WhatsApp-Image-2024-09-24-at-11.15.56-AM-scaled.jpeg 1922w\" sizes=\"auto, (max-width: 225px) 100vw, 225px\" \/><\/a>Jorge Chalup<\/strong>, Secretario Gremial de ATE C\u00f3rdoba, expres\u00f3 durante la movilizaci\u00f3n:<br \/>\n&gt; &#8220;Estamos hoy moviliz\u00e1ndonos junto con los compa\u00f1eros universitarios, sobre todo los trabajadores universitarios, defendiendo la educaci\u00f3n p\u00fablica y gratuita. Nos movilizamos hacia Plaza Espa\u00f1a y cerramos en Patio Olmos, como preparativo para el d\u00eda 26 de septiembre, cuando acompa\u00f1aremos a los compa\u00f1eros de Conicet.&#8221;<\/p>\n<p>Por su parte, <strong>Isidoro D\u00edaz<\/strong>, delegado no docente de la Facultad de Matem\u00e1tica, Astronom\u00eda, F\u00edsica y Computaci\u00f3n, subray\u00f3 la situaci\u00f3n cr\u00edtica que atraviesan las universidades:<br \/>\n&gt; &#8220;Esta marcha pelea por la reivindicaci\u00f3n de los trabajadores de la universidad y por los reclamos de los estudiantes, en un contexto de recortes presupuestarios del gobierno nacional. Los salarios han ca\u00eddo m\u00e1s de un 50% en lo que va del a\u00f1o. Esta lucha se prepara para acciones como el paro del 26 de septiembre y la gran marcha federal del 2 de octubre, buscando frenar los recortes y obtener el aumento salarial que necesitamos.&#8221;<\/p><\/blockquote>\n<p><a href=\"https:\/\/atecordoba.org\/wp-content\/uploads\/2024\/09\/WhatsApp-Image-2024-09-24-at-11.15.58-AM-1-scaled.jpeg\"><img loading=\"lazy\" decoding=\"async\" class=\"size-medium wp-image-45821 alignleft\" src=\"https:\/\/atecordoba.org\/wp-content\/uploads\/2024\/09\/WhatsApp-Image-2024-09-24-at-11.15.58-AM-1-169x300.jpeg\" alt=\"\" width=\"169\" height=\"300\" srcset=\"https:\/\/atecordoba.org\/wp-content\/uploads\/2024\/09\/WhatsApp-Image-2024-09-24-at-11.15.58-AM-1-169x300.jpeg 169w, https:\/\/atecordoba.org\/wp-content\/uploads\/2024\/09\/WhatsApp-Image-2024-09-24-at-11.15.58-AM-1-576x1024.jpeg 576w, https:\/\/atecordoba.org\/wp-content\/uploads\/2024\/09\/WhatsApp-Image-2024-09-24-at-11.15.58-AM-1-768x1365.jpeg 768w, https:\/\/atecordoba.org\/wp-content\/uploads\/2024\/09\/WhatsApp-Image-2024-09-24-at-11.15.58-AM-1-864x1536.jpeg 864w, https:\/\/atecordoba.org\/wp-content\/uploads\/2024\/09\/WhatsApp-Image-2024-09-24-at-11.15.58-AM-1-1153x2048.jpeg 1153w, https:\/\/atecordoba.org\/wp-content\/uploads\/2024\/09\/WhatsApp-Image-2024-09-24-at-11.15.58-AM-1-750x1333.jpeg 750w, https:\/\/atecordoba.org\/wp-content\/uploads\/2024\/09\/WhatsApp-Image-2024-09-24-at-11.15.58-AM-1-1140x2026.jpeg 1140w, https:\/\/atecordoba.org\/wp-content\/uploads\/2024\/09\/WhatsApp-Image-2024-09-24-at-11.15.58-AM-1-scaled.jpeg 1441w\" sizes=\"auto, (max-width: 169px) 100vw, 169px\" \/><\/a>En el cierre de la jornada, <strong>Gabriel<\/strong>, delegado de la Facultad de Psicolog\u00eda, destac\u00f3 la importancia de la lucha conjunta:<\/p>\n<blockquote><p>\n&gt; &#8220;ATE est\u00e1 presente en todas las luchas que se est\u00e1n dando contra el ajuste. Creemos en lo posible, y lo posible es estar en la calle en unidad con trabajadores, estudiantes y toda la poblaci\u00f3n para derrotar este plan de ajuste. Sigamos adelante, porque lo posible es luchar, no hay otra posibilidad.&#8221;<\/p><\/blockquote>\n<p>&nbsp;<\/p>\n<p>&nbsp;<\/p>\n<p>&nbsp;<\/p>\n<p>&nbsp;<\/p>\n<h3><strong><a href=\"https:\/\/atecordoba.org\/wp-content\/uploads\/2024\/09\/WhatsApp-Image-2024-09-24-at-11.15.56-AM-1-scaled.jpeg\"><img loading=\"lazy\" decoding=\"async\" class=\"alignnone size-medium wp-image-45823\" src=\"https:\/\/atecordoba.org\/wp-content\/uploads\/2024\/09\/WhatsApp-Image-2024-09-24-at-11.15.56-AM-1-300x225.jpeg\" alt=\"\" width=\"300\" height=\"225\" srcset=\"https:\/\/atecordoba.org\/wp-content\/uploads\/2024\/09\/WhatsApp-Image-2024-09-24-at-11.15.56-AM-1-300x225.jpeg 300w, https:\/\/atecordoba.org\/wp-content\/uploads\/2024\/09\/WhatsApp-Image-2024-09-24-at-11.15.56-AM-1-1024x769.jpeg 1024w, https:\/\/atecordoba.org\/wp-content\/uploads\/2024\/09\/WhatsApp-Image-2024-09-24-at-11.15.56-AM-1-768x577.jpeg 768w, https:\/\/atecordoba.org\/wp-content\/uploads\/2024\/09\/WhatsApp-Image-2024-09-24-at-11.15.56-AM-1-1536x1153.jpeg 1536w, https:\/\/atecordoba.org\/wp-content\/uploads\/2024\/09\/WhatsApp-Image-2024-09-24-at-11.15.56-AM-1-2048x1537.jpeg 2048w, https:\/\/atecordoba.org\/wp-content\/uploads\/2024\/09\/WhatsApp-Image-2024-09-24-at-11.15.56-AM-1-750x563.jpeg 750w, https:\/\/atecordoba.org\/wp-content\/uploads\/2024\/09\/WhatsApp-Image-2024-09-24-at-11.15.56-AM-1-1140x856.jpeg 1140w\" sizes=\"auto, (max-width: 300px) 100vw, 300px\" \/><\/a> <a href=\"https:\/\/atecordoba.org\/wp-content\/uploads\/2024\/09\/WhatsApp-Image-2024-09-24-at-11.15.57-AM-scaled.jpeg\"><img loading=\"lazy\" decoding=\"async\" class=\"alignnone size-medium wp-image-45822\" src=\"https:\/\/atecordoba.org\/wp-content\/uploads\/2024\/09\/WhatsApp-Image-2024-09-24-at-11.15.57-AM-300x225.jpeg\" alt=\"\" width=\"300\" height=\"225\" srcset=\"https:\/\/atecordoba.org\/wp-content\/uploads\/2024\/09\/WhatsApp-Image-2024-09-24-at-11.15.57-AM-300x225.jpeg 300w, https:\/\/atecordoba.org\/wp-content\/uploads\/2024\/09\/WhatsApp-Image-2024-09-24-at-11.15.57-AM-1024x769.jpeg 1024w, https:\/\/atecordoba.org\/wp-content\/uploads\/2024\/09\/WhatsApp-Image-2024-09-24-at-11.15.57-AM-768x577.jpeg 768w, https:\/\/atecordoba.org\/wp-content\/uploads\/2024\/09\/WhatsApp-Image-2024-09-24-at-11.15.57-AM-1536x1153.jpeg 1536w, https:\/\/atecordoba.org\/wp-content\/uploads\/2024\/09\/WhatsApp-Image-2024-09-24-at-11.15.57-AM-2048x1537.jpeg 2048w, https:\/\/atecordoba.org\/wp-content\/uploads\/2024\/09\/WhatsApp-Image-2024-09-24-at-11.15.57-AM-750x563.jpeg 750w, https:\/\/atecordoba.org\/wp-content\/uploads\/2024\/09\/WhatsApp-Image-2024-09-24-at-11.15.57-AM-1140x856.jpeg 1140w\" sizes=\"auto, (max-width: 300px) 100vw, 300px\" \/><\/a><\/strong><\/h3>\n<h3><strong>Pr\u00f3ximas acciones:<\/strong><\/h3>\n<p>La movilizaci\u00f3n fue una preparaci\u00f3n para el <strong>paro universitario del 26 de septiembre<\/strong> y la <strong>marcha federal del 2 de octubre,<\/strong> donde ATE C\u00f3rdoba seguir\u00e1 acompa\u00f1ando a los trabajadores y estudiantes en su lucha por una educaci\u00f3n digna y accesible.<\/p>\n<p><em><strong>\u00a1Seguimos en la calle, defendiendo la educaci\u00f3n p\u00fablica y los derechos de todos los trabajadores!<\/strong><\/em><\/p>\n","protected":false},"excerpt":{"rendered":"<p>Ayer, ATE C\u00f3rdoba\u00a0se sum\u00f3 a una movilizaci\u00f3n en defensa de la educaci\u00f3n p\u00fablica, partiendo desde Ciudad Universitaria y culminando en el Patio Olmos, en el coraz\u00f3n de C\u00f3rdoba. La marcha, que cont\u00f3 con la participaci\u00f3n de trabajadores universitarios y estudiantes, fue un grito contra los recortes presupuestarios y la ca\u00edda de salarios, y un llamado [&hellip;]<\/p>\n","protected":false},"author":3,"featured_media":45827,"comment_status":"open","ping_status":"open","sticky":false,"template":"","format":"standard","meta":{"_exactmetrics_skip_tracking":false,"_exactmetrics_sitenote_active":false,"_exactmetrics_sitenote_note":"","_exactmetrics_sitenote_category":0,"jnews-multi-image_gallery":[],"jnews_single_post":{"format":"standard","override":[{"template":"1","parallax":"1","fullscreen":"1","layout":"no-sidebar-narrow","sidebar":"default-sidebar","second_sidebar":"default-sidebar","sticky_sidebar":"1","share_position":"bottom","share_float_style":"share-monocrhome","show_share_counter":"1","show_view_counter":"1","show_post_meta":"1","show_post_author_image":"1","show_post_date":"1","post_date_format":"default","post_date_format_custom":"Y\/m\/d","show_post_category":"1","show_post_reading_time":"0","post_reading_time_wpm":"300","post_calculate_word_method":"str_word_count","show_zoom_button":"0","zoom_button_out_step":"2","zoom_button_in_step":"3","show_post_tag":"1","number_popup_post":"1","show_post_related":"1","show_inline_post_related":"0"}],"image_override":[{"single_post_thumbnail_size":"crop-500","single_post_gallery_size":"crop-500"}],"trending_post_position":"meta","trending_post_label":"Trending","sponsored_post_label":"Sponsored by","disable_ad":"0"},"jnews_primary_category":[],"jnews_social_meta":[],"jnews_review":[],"enable_review":"","type":"percentage","name":"","summary":"","brand":"","sku":"","good":[],"bad":[],"score_override":"","override_value":"","rating":[],"price":[],"jnews_override_counter":{"view_counter_number":"0","share_counter_number":"0","like_counter_number":"0","dislike_counter_number":"0"},"jnews_post_split":{"post_split":[{"template":"1","tag":"h2","numbering":"asc","mode":"normal","first":"0","enable_toc":"0","toc_type":"normal"}]},"footnotes":""},"categories":[564],"tags":[],"class_list":["post-45819","post","type-post","status-publish","format-standard","has-post-thumbnail","hentry","category-educacion"],"jetpack_featured_media_url":"https:\/\/atecordoba.org\/wp-content\/uploads\/2024\/09\/WhatsApp-Image-2024-09-24-at-11.15.55-AM-1-scaled.jpeg","_links":{"self":[{"href":"https:\/\/atecordoba.org\/index.php?rest_route=\/wp\/v2\/posts\/45819","targetHints":{"allow":["GET"]}}],"collection":[{"href":"https:\/\/atecordoba.org\/index.php?rest_route=\/wp\/v2\/posts"}],"about":[{"href":"https:\/\/atecordoba.org\/index.php?rest_route=\/wp\/v2\/types\/post"}],"author":[{"embeddable":true,"href":"https:\/\/atecordoba.org\/index.php?rest_route=\/wp\/v2\/users\/3"}],"replies":[{"embeddable":true,"href":"https:\/\/atecordoba.org\/index.php?rest_route=%2Fwp%2Fv2%2Fcomments&post=45819"}],"version-history":[{"count":1,"href":"https:\/\/atecordoba.org\/index.php?rest_route=\/wp\/v2\/posts\/45819\/revisions"}],"predecessor-version":[{"id":45829,"href":"https:\/\/atecordoba.org\/index.php?rest_route=\/wp\/v2\/posts\/45819\/revisions\/45829"}],"wp:featuredmedia":[{"embeddable":true,"href":"https:\/\/atecordoba.org\/index.php?rest_route=\/wp\/v2\/media\/45827"}],"wp:attachment":[{"href":"https:\/\/atecordoba.org\/index.php?rest_route=%2Fwp%2Fv2%2Fmedia&parent=45819"}],"wp:term":[{"taxonomy":"category","embeddable":true,"href":"https:\/\/atecordoba.org\/index.php?rest_route=%2Fwp%2Fv2%2Fcategories&post=45819"},{"taxonomy":"post_tag","embeddable":true,"href":"https:\/\/atecordoba.org\/index.php?rest_route=%2Fwp%2Fv2%2Ftags&post=45819"}],"curies":[{"name":"wp","href":"https:\/\/api.w.org\/{rel}","templated":true}]}}