{"id":45810,"date":"2024-09-24T10:18:43","date_gmt":"2024-09-24T13:18:43","guid":{"rendered":"https:\/\/atecordoba.org\/?p=45810"},"modified":"2024-09-24T10:29:06","modified_gmt":"2024-09-24T13:29:06","slug":"ate-cordoba-celebra-la-reinstalacion-de-belen-agnelli-en-el-inafci","status":"publish","type":"post","link":"https:\/\/atecordoba.org\/?p=45810","title":{"rendered":"ATE C\u00f3rdoba celebra la reinstalaci\u00f3n de Bel\u00e9n Agnelli en el INAFCI"},"content":{"rendered":"<p><a href=\"https:\/\/atecordoba.org\/wp-content\/uploads\/2024\/09\/corte-no-a-la-ley-bases-1024x761-1.jpeg\"><img loading=\"lazy\" decoding=\"async\" class=\"alignnone wp-image-45813 size-full\" src=\"https:\/\/atecordoba.org\/wp-content\/uploads\/2024\/09\/corte-no-a-la-ley-bases-1024x761-1.jpeg\" alt=\"\" width=\"1024\" height=\"761\" srcset=\"https:\/\/atecordoba.org\/wp-content\/uploads\/2024\/09\/corte-no-a-la-ley-bases-1024x761-1.jpeg 1024w, https:\/\/atecordoba.org\/wp-content\/uploads\/2024\/09\/corte-no-a-la-ley-bases-1024x761-1-300x223.jpeg 300w, https:\/\/atecordoba.org\/wp-content\/uploads\/2024\/09\/corte-no-a-la-ley-bases-1024x761-1-768x571.jpeg 768w, https:\/\/atecordoba.org\/wp-content\/uploads\/2024\/09\/corte-no-a-la-ley-bases-1024x761-1-750x557.jpeg 750w\" sizes=\"auto, (max-width: 1024px) 100vw, 1024px\" \/><\/a><\/p>\n<p>Desde ATE C\u00f3rdoba celebramos la reciente decisi\u00f3n judicial que ordena la reinstalaci\u00f3n de nuestra compa\u00f1era Bel\u00e9n Agnelli, trabajadora del Instituto Nacional de Agricultura Familiar, Campesina e Ind\u00edgena (INAFCI) en la Seccional Cruz del Eje. Esta victoria llega tras meses de lucha por los derechos laborales de Agnelli, quien hab\u00eda sido despojada de sus funciones en abril de este a\u00f1o, a pesar de contar con m\u00e1s de 20 a\u00f1os de antig\u00fcedad en el organismo.<\/p>\n<h3>La historia de una lucha<\/h3>\n<p>Agnelli, quien tambi\u00e9n es Secretaria de Finanzas de la Seccional ATE Cruz del Eje, fue v\u00edctima de un despido que consideramos discriminatorio y en violaci\u00f3n de su tutela sindical. En respuesta, ATE inici\u00f3 acciones judiciales para exigir su reinstalaci\u00f3n. La jueza encargada del caso reconoci\u00f3 que se trataba de un despido ilegal y orden\u00f3 su reincorporaci\u00f3n inmediata, adem\u00e1s de que se le paguen los salarios ca\u00eddos desde el mes de abril.<\/p>\n<h3>Un fallo ejemplar<\/h3>\n<p>La sentencia judicial destaca que el despido de Agnelli vulneraba su protecci\u00f3n sindical, y que la eventual apelaci\u00f3n por parte del Estado Nacional no suspender\u00e1 la ejecuci\u00f3n de la reinstalaci\u00f3n. Esto significa que Bel\u00e9n Agnelli deber\u00e1 ser reinstalada en su puesto de trabajo sin dilaci\u00f3n, mientras contin\u00faa el proceso judicial.<\/p>\n<h3>Respaldo total de ATE<\/h3>\n<p><a href=\"https:\/\/atecordoba.org\/wp-content\/uploads\/2024\/09\/Captura-de-pantalla-2022-04-13-123522-1024x455-1.jpg\"><img loading=\"lazy\" decoding=\"async\" class=\"alignnone size-medium wp-image-45811\" src=\"https:\/\/atecordoba.org\/wp-content\/uploads\/2024\/09\/Captura-de-pantalla-2022-04-13-123522-1024x455-1-300x133.jpg\" alt=\"\" width=\"300\" height=\"133\" srcset=\"https:\/\/atecordoba.org\/wp-content\/uploads\/2024\/09\/Captura-de-pantalla-2022-04-13-123522-1024x455-1-300x133.jpg 300w, https:\/\/atecordoba.org\/wp-content\/uploads\/2024\/09\/Captura-de-pantalla-2022-04-13-123522-1024x455-1-768x341.jpg 768w, https:\/\/atecordoba.org\/wp-content\/uploads\/2024\/09\/Captura-de-pantalla-2022-04-13-123522-1024x455-1-750x333.jpg 750w, https:\/\/atecordoba.org\/wp-content\/uploads\/2024\/09\/Captura-de-pantalla-2022-04-13-123522-1024x455-1.jpg 1024w\" sizes=\"auto, (max-width: 300px) 100vw, 300px\" \/><\/a><\/p>\n<p>Esta decisi\u00f3n judicial representa un avance en la lucha por los derechos de las y los trabajadores, especialmente en casos donde las autoridades buscan debilitar la representaci\u00f3n gremial. ATE C\u00f3rdoba reafirma su compromiso con la defensa de los derechos laborales y sindicales, y felicita a nuestra compa\u00f1era Bel\u00e9n Agnelli por su incansable resistencia.<\/p>\n<h3><strong>Federico Giuliani: &#8220;Un triunfo de todos los trabajadores y trabajadoras&#8221;<\/strong><\/h3>\n<p>Nuestro Secretario General, <strong>Federico Giuliani<\/strong>, celebr\u00f3 esta victoria legal expresando:<\/p>\n<blockquote><p><em>&#8220;La reinstalaci\u00f3n de Bel\u00e9n Agnelli<strong> no es solo una reivindicaci\u00f3n de su derecho individual, sino un triunfo colectivo de todo el movimiento sindical.<\/strong> Esto demuestra que cuando las autoridades intentan vulnerar nuestros derechos, la respuesta organizada y decidida de ATE logra marcar la diferencia. Esta resoluci\u00f3n fortalece la defensa de la representaci\u00f3n sindical y los derechos laborales en C\u00f3rdoba y en todo el pa\u00eds. No vamos a permitir que se toque la tutela sindical ni que se sigan atacando a nuestros delegados y delegadas. Bel\u00e9n Agnelli vuelve a su puesto porque peleamos juntos y juntas, y eso debe ser un mensaje claro: <strong>no vamos a retroceder ni un paso en la lucha por nuestros derechos<\/strong>.&#8221;<\/em><\/p><\/blockquote>\n<h3>Contexto de la situaci\u00f3n<\/h3>\n<p><a href=\"https:\/\/atecordoba.org\/wp-content\/uploads\/2024\/09\/unnamed-file.webp\"><img loading=\"lazy\" decoding=\"async\" class=\"alignnone size-medium wp-image-45812\" src=\"https:\/\/atecordoba.org\/wp-content\/uploads\/2024\/09\/unnamed-file-300x151.webp\" alt=\"\" width=\"300\" height=\"151\" srcset=\"https:\/\/atecordoba.org\/wp-content\/uploads\/2024\/09\/unnamed-file-300x151.webp 300w, https:\/\/atecordoba.org\/wp-content\/uploads\/2024\/09\/unnamed-file-360x180.webp 360w, https:\/\/atecordoba.org\/wp-content\/uploads\/2024\/09\/unnamed-file.webp 619w\" sizes=\"auto, (max-width: 300px) 100vw, 300px\" \/><\/a><\/p>\n<p>Desde abril de 2024, trabajadores y trabajadoras del INAFCI fueron afectados por la quita de sus funciones, entre ellos Bel\u00e9n Agnelli, quien se encontraba en pleno ejercicio de su mandato sindical. Gracias a la movilizaci\u00f3n y las acciones legales impulsadas por ATE, hoy podemos celebrar este triunfo parcial en su caso, a la espera de que se haga justicia para todos los afectados.<\/p>\n<p>\u00a1La lucha sigue! ATE sigue al frente en la defensa de nuestros derechos laborales y sindicales.<\/p>\n","protected":false},"excerpt":{"rendered":"<p>Desde ATE C\u00f3rdoba celebramos la reciente decisi\u00f3n judicial que ordena la reinstalaci\u00f3n de nuestra compa\u00f1era Bel\u00e9n Agnelli, trabajadora del Instituto Nacional de Agricultura Familiar, Campesina e Ind\u00edgena (INAFCI) en la Seccional Cruz del Eje. Esta victoria llega tras meses de lucha por los derechos laborales de Agnelli, quien hab\u00eda sido despojada de sus funciones en [&hellip;]<\/p>\n","protected":false},"author":3,"featured_media":45813,"comment_status":"open","ping_status":"open","sticky":false,"template":"","format":"standard","meta":{"_exactmetrics_skip_tracking":false,"_exactmetrics_sitenote_active":false,"_exactmetrics_sitenote_note":"","_exactmetrics_sitenote_category":0,"jnews-multi-image_gallery":[],"jnews_single_post":{"format":"standard","override":[{"template":"1","parallax":"1","fullscreen":"1","layout":"no-sidebar-narrow","sidebar":"default-sidebar","second_sidebar":"default-sidebar","sticky_sidebar":"1","share_position":"bottom","share_float_style":"share-monocrhome","show_share_counter":"1","show_view_counter":"1","show_post_meta":"1","show_post_author_image":"1","show_post_date":"1","post_date_format":"default","post_date_format_custom":"Y\/m\/d","show_post_category":"1","show_post_reading_time":"0","post_reading_time_wpm":"300","post_calculate_word_method":"str_word_count","show_zoom_button":"0","zoom_button_out_step":"2","zoom_button_in_step":"3","show_post_tag":"1","number_popup_post":"1","show_post_related":"1","show_inline_post_related":"0"}],"image_override":[{"single_post_thumbnail_size":"crop-500","single_post_gallery_size":"crop-500"}],"trending_post_position":"meta","trending_post_label":"Trending","sponsored_post_label":"Sponsored by","disable_ad":"0"},"jnews_primary_category":[],"jnews_social_meta":[],"jnews_review":[],"enable_review":"","type":"percentage","name":"","summary":"","brand":"","sku":"","good":[],"bad":[],"score_override":"","override_value":"","rating":[],"price":[],"jnews_override_counter":{"view_counter_number":"0","share_counter_number":"0","like_counter_number":"0","dislike_counter_number":"0"},"jnews_post_split":{"post_split":[{"template":"1","tag":"h2","numbering":"asc","mode":"normal","first":"0","enable_toc":"0","toc_type":"normal"}]},"footnotes":""},"categories":[18],"tags":[],"class_list":["post-45810","post","type-post","status-publish","format-standard","has-post-thumbnail","hentry","category-nacionales"],"jetpack_featured_media_url":"https:\/\/atecordoba.org\/wp-content\/uploads\/2024\/09\/corte-no-a-la-ley-bases-1024x761-1.jpeg","_links":{"self":[{"href":"https:\/\/atecordoba.org\/index.php?rest_route=\/wp\/v2\/posts\/45810","targetHints":{"allow":["GET"]}}],"collection":[{"href":"https:\/\/atecordoba.org\/index.php?rest_route=\/wp\/v2\/posts"}],"about":[{"href":"https:\/\/atecordoba.org\/index.php?rest_route=\/wp\/v2\/types\/post"}],"author":[{"embeddable":true,"href":"https:\/\/atecordoba.org\/index.php?rest_route=\/wp\/v2\/users\/3"}],"replies":[{"embeddable":true,"href":"https:\/\/atecordoba.org\/index.php?rest_route=%2Fwp%2Fv2%2Fcomments&post=45810"}],"version-history":[{"count":4,"href":"https:\/\/atecordoba.org\/index.php?rest_route=\/wp\/v2\/posts\/45810\/revisions"}],"predecessor-version":[{"id":45818,"href":"https:\/\/atecordoba.org\/index.php?rest_route=\/wp\/v2\/posts\/45810\/revisions\/45818"}],"wp:featuredmedia":[{"embeddable":true,"href":"https:\/\/atecordoba.org\/index.php?rest_route=\/wp\/v2\/media\/45813"}],"wp:attachment":[{"href":"https:\/\/atecordoba.org\/index.php?rest_route=%2Fwp%2Fv2%2Fmedia&parent=45810"}],"wp:term":[{"taxonomy":"category","embeddable":true,"href":"https:\/\/atecordoba.org\/index.php?rest_route=%2Fwp%2Fv2%2Fcategories&post=45810"},{"taxonomy":"post_tag","embeddable":true,"href":"https:\/\/atecordoba.org\/index.php?rest_route=%2Fwp%2Fv2%2Ftags&post=45810"}],"curies":[{"name":"wp","href":"https:\/\/api.w.org\/{rel}","templated":true}]}}