{"id":45804,"date":"2024-09-23T15:50:51","date_gmt":"2024-09-23T18:50:51","guid":{"rendered":"https:\/\/atecordoba.org\/?p=45804"},"modified":"2024-09-23T15:50:51","modified_gmt":"2024-09-23T18:50:51","slug":"ate-cordoba-se-solidariza-con-las-y-los-companeros-de-misiones-ante-la-judicializacion-de-la-protesta","status":"publish","type":"post","link":"https:\/\/atecordoba.org\/?p=45804","title":{"rendered":"ATE C\u00f3rdoba se solidariza con las y los compa\u00f1eros de Misiones ante la judicializaci\u00f3n de la protesta"},"content":{"rendered":"<p><a href=\"https:\/\/atecordoba.org\/wp-content\/uploads\/2024\/09\/bbefbb09-39f8-442c-a5a3-fa8679bd1b96_16-9-discover-aspect-ratio_default_0.jpg\"><img loading=\"lazy\" decoding=\"async\" class=\"alignnone wp-image-45805 size-full\" src=\"https:\/\/atecordoba.org\/wp-content\/uploads\/2024\/09\/bbefbb09-39f8-442c-a5a3-fa8679bd1b96_16-9-discover-aspect-ratio_default_0.jpg\" alt=\"\" width=\"1200\" height=\"675\" srcset=\"https:\/\/atecordoba.org\/wp-content\/uploads\/2024\/09\/bbefbb09-39f8-442c-a5a3-fa8679bd1b96_16-9-discover-aspect-ratio_default_0.jpg 1200w, https:\/\/atecordoba.org\/wp-content\/uploads\/2024\/09\/bbefbb09-39f8-442c-a5a3-fa8679bd1b96_16-9-discover-aspect-ratio_default_0-300x169.jpg 300w, https:\/\/atecordoba.org\/wp-content\/uploads\/2024\/09\/bbefbb09-39f8-442c-a5a3-fa8679bd1b96_16-9-discover-aspect-ratio_default_0-1024x576.jpg 1024w, https:\/\/atecordoba.org\/wp-content\/uploads\/2024\/09\/bbefbb09-39f8-442c-a5a3-fa8679bd1b96_16-9-discover-aspect-ratio_default_0-768x432.jpg 768w, https:\/\/atecordoba.org\/wp-content\/uploads\/2024\/09\/bbefbb09-39f8-442c-a5a3-fa8679bd1b96_16-9-discover-aspect-ratio_default_0-750x422.jpg 750w, https:\/\/atecordoba.org\/wp-content\/uploads\/2024\/09\/bbefbb09-39f8-442c-a5a3-fa8679bd1b96_16-9-discover-aspect-ratio_default_0-1140x641.jpg 1140w\" sizes=\"auto, (max-width: 1200px) 100vw, 1200px\" \/><\/a><\/p>\n<p>Desde ATE C\u00f3rdoba expresamos nuestra profunda solidaridad con las y los compa\u00f1eros de ATE y CTA en Misiones, quienes est\u00e1n siendo judicializados por ejercer su leg\u00edtimo derecho a la protesta. M\u00e1s de 20 compa\u00f1eros y compa\u00f1eras, entre referentes y activistas de ATE y CTA, est\u00e1n enfrentando causas judiciales luego de protagonizar un acampe de 17 d\u00edas en reclamo de mejoras salariales y laborales en la provincia de Misiones. El acoso judicial se suma a una represi\u00f3n que refleja la ofensiva que las autoridades provinciales, bajo las pol\u00edticas neoliberales del gobierno nacional, est\u00e1n implementando contra los movimientos sociales y sindicales.<\/p>\n<p>El 30 de septiembre, nuestros compa\u00f1eros Jorge &#8220;Coki&#8221; Duarte y Juan &#8220;Chito&#8221; Pasaman deber\u00e1n declarar ante el Juzgado Penal en Posadas, Misiones, sin haber tenido acceso al expediente ni conocer los cargos que se les imputan. Este ataque judicial es una clara muestra de la persecuci\u00f3n pol\u00edtica que enfrentan los trabajadores organizados en la provincia, con el objetivo de silenciar a quienes luchan por una vida digna y salarios justos.<\/p>\n<p><a href=\"https:\/\/atecordoba.org\/wp-content\/uploads\/2024\/09\/images-_2_.jpg\"><img loading=\"lazy\" decoding=\"async\" class=\"alignnone size-full wp-image-45806\" src=\"https:\/\/atecordoba.org\/wp-content\/uploads\/2024\/09\/images-_2_.jpg\" alt=\"\" width=\"270\" height=\"187\" \/><\/a> <a href=\"https:\/\/atecordoba.org\/wp-content\/uploads\/2024\/09\/Juan-Pasaman.jpg\"><img loading=\"lazy\" decoding=\"async\" class=\"alignnone size-medium wp-image-45807\" src=\"https:\/\/atecordoba.org\/wp-content\/uploads\/2024\/09\/Juan-Pasaman-300x197.jpg\" alt=\"\" width=\"300\" height=\"197\" srcset=\"https:\/\/atecordoba.org\/wp-content\/uploads\/2024\/09\/Juan-Pasaman-300x197.jpg 300w, https:\/\/atecordoba.org\/wp-content\/uploads\/2024\/09\/Juan-Pasaman.jpg 624w\" sizes=\"auto, (max-width: 300px) 100vw, 300px\" \/><\/a><\/p>\n<p>Nuestro secretario general, Federico Giuliani, ha sido convocado a acompa\u00f1ar a las y los compa\u00f1eros en esta jornada crucial. ATE C\u00f3rdoba reafirma su compromiso con la lucha de las y los trabajadores de Misiones y de todo el pa\u00eds, y denuncia la metodolog\u00eda del gobierno provincial que, al igual que a nivel nacional, busca disciplinar a quienes se organizan y reclaman sus derechos.<\/p>\n<p><strong>Manifestamos nuestro rechazo a esta pol\u00edtica de criminalizaci\u00f3n de la protesta<\/strong> y exigimos el cese inmediato de las acciones judiciales contra las y los compa\u00f1eros de Misiones. Asimismo, llamamos a todas las organizaciones a sumarse a esta lucha, porque<strong> protestar no es un delito, es un derecho<\/strong>.<\/p>\n<p>ATE C\u00f3rdoba seguir\u00e1 de pie en defensa de los derechos de la clase trabajadora, convencidos de que la unidad y la organizaci\u00f3n son nuestras mejores armas para enfrentar cualquier ataque. La resistencia contin\u00faa y <strong>la solidaridad con las y los compa\u00f1eros de Misiones no tiene fronteras.<\/strong><\/p>\n<p>\u00a1Basta de represi\u00f3n y judicializaci\u00f3n de la protesta social!<\/p>\n<p><strong>ATE C\u00f3rdoba \u2013 Consejo Directivo Provincial<\/strong><\/p>\n","protected":false},"excerpt":{"rendered":"<p>Desde ATE C\u00f3rdoba expresamos nuestra profunda solidaridad con las y los compa\u00f1eros de ATE y CTA en Misiones, quienes est\u00e1n siendo judicializados por ejercer su leg\u00edtimo derecho a la protesta. M\u00e1s de 20 compa\u00f1eros y compa\u00f1eras, entre referentes y activistas de ATE y CTA, est\u00e1n enfrentando causas judiciales luego de protagonizar un acampe de 17 [&hellip;]<\/p>\n","protected":false},"author":3,"featured_media":45805,"comment_status":"open","ping_status":"open","sticky":false,"template":"","format":"standard","meta":{"_exactmetrics_skip_tracking":false,"_exactmetrics_sitenote_active":false,"_exactmetrics_sitenote_note":"","_exactmetrics_sitenote_category":0,"jnews-multi-image_gallery":[],"jnews_single_post":{"format":"standard","override":[{"template":"1","parallax":"1","fullscreen":"1","layout":"no-sidebar-narrow","sidebar":"default-sidebar","second_sidebar":"default-sidebar","sticky_sidebar":"1","share_position":"bottom","share_float_style":"share-monocrhome","show_share_counter":"1","show_view_counter":"1","show_post_meta":"1","show_post_author_image":"1","show_post_date":"1","post_date_format":"default","post_date_format_custom":"Y\/m\/d","show_post_category":"1","show_post_reading_time":"0","post_reading_time_wpm":"300","post_calculate_word_method":"str_word_count","show_zoom_button":"0","zoom_button_out_step":"2","zoom_button_in_step":"3","show_post_tag":"1","number_popup_post":"1","show_post_related":"1","show_inline_post_related":"0"}],"image_override":[{"single_post_thumbnail_size":"crop-500","single_post_gallery_size":"crop-500"}],"trending_post_position":"meta","trending_post_label":"Trending","sponsored_post_label":"Sponsored by","disable_ad":"0"},"jnews_primary_category":[],"jnews_social_meta":[],"jnews_review":[],"enable_review":"","type":"percentage","name":"","summary":"","brand":"","sku":"","good":[],"bad":[],"score_override":"","override_value":"","rating":[],"price":[],"jnews_override_counter":{"view_counter_number":"0","share_counter_number":"0","like_counter_number":"0","dislike_counter_number":"0"},"jnews_post_split":{"post_split":[{"template":"1","tag":"h2","numbering":"asc","mode":"normal","first":"0","enable_toc":"0","toc_type":"normal"}]},"footnotes":""},"categories":[10],"tags":[],"class_list":["post-45804","post","type-post","status-publish","format-standard","has-post-thumbnail","hentry","category-accion-politica"],"jetpack_featured_media_url":"https:\/\/atecordoba.org\/wp-content\/uploads\/2024\/09\/bbefbb09-39f8-442c-a5a3-fa8679bd1b96_16-9-discover-aspect-ratio_default_0.jpg","_links":{"self":[{"href":"https:\/\/atecordoba.org\/index.php?rest_route=\/wp\/v2\/posts\/45804","targetHints":{"allow":["GET"]}}],"collection":[{"href":"https:\/\/atecordoba.org\/index.php?rest_route=\/wp\/v2\/posts"}],"about":[{"href":"https:\/\/atecordoba.org\/index.php?rest_route=\/wp\/v2\/types\/post"}],"author":[{"embeddable":true,"href":"https:\/\/atecordoba.org\/index.php?rest_route=\/wp\/v2\/users\/3"}],"replies":[{"embeddable":true,"href":"https:\/\/atecordoba.org\/index.php?rest_route=%2Fwp%2Fv2%2Fcomments&post=45804"}],"version-history":[{"count":1,"href":"https:\/\/atecordoba.org\/index.php?rest_route=\/wp\/v2\/posts\/45804\/revisions"}],"predecessor-version":[{"id":45808,"href":"https:\/\/atecordoba.org\/index.php?rest_route=\/wp\/v2\/posts\/45804\/revisions\/45808"}],"wp:featuredmedia":[{"embeddable":true,"href":"https:\/\/atecordoba.org\/index.php?rest_route=\/wp\/v2\/media\/45805"}],"wp:attachment":[{"href":"https:\/\/atecordoba.org\/index.php?rest_route=%2Fwp%2Fv2%2Fmedia&parent=45804"}],"wp:term":[{"taxonomy":"category","embeddable":true,"href":"https:\/\/atecordoba.org\/index.php?rest_route=%2Fwp%2Fv2%2Fcategories&post=45804"},{"taxonomy":"post_tag","embeddable":true,"href":"https:\/\/atecordoba.org\/index.php?rest_route=%2Fwp%2Fv2%2Ftags&post=45804"}],"curies":[{"name":"wp","href":"https:\/\/api.w.org\/{rel}","templated":true}]}}