{"id":45789,"date":"2024-09-23T13:58:49","date_gmt":"2024-09-23T16:58:49","guid":{"rendered":"https:\/\/atecordoba.org\/?p=45789"},"modified":"2024-09-23T13:58:49","modified_gmt":"2024-09-23T16:58:49","slug":"tejer-unidad-y-generar-fuerza-obrera-contra-el-ajuste","status":"publish","type":"post","link":"https:\/\/atecordoba.org\/?p=45789","title":{"rendered":"Tejer unidad y generar fuerza obrera contra el ajuste"},"content":{"rendered":"<p>El jueves 19 en ATE Rosario se realiz\u00f3 la charla \u201c\u00bfC\u00f3mo afectan la Ley Bases y el DNU a las y los trabajadores? \u00bfCu\u00e1l es el rol del sindicalismo en esta coyuntura?\u201d. A sala llena, Marco Pozzi, Secretario General del Sindicato de Aceiteros de Rosario; Lorena Almir\u00f3n, Secretaria General ATE y CTAA Seccional Rosario; Federico Giuliani, Secretario General de ATE y CTAA C\u00f3rdoba; y Daniel Yofra, Secretario General de la Federaci\u00f3n Aceitera y Desmotadora, llamaron a organizar la fuerza obrera desde la unidad y la conciencia colectiva.<\/p>\n<p><a href=\"https:\/\/atecordoba.org\/wp-content\/uploads\/2024\/09\/IMG_5526.jpg\"><img loading=\"lazy\" decoding=\"async\" class=\"alignnone wp-image-45790 size-full\" src=\"https:\/\/atecordoba.org\/wp-content\/uploads\/2024\/09\/IMG_5526.jpg\" alt=\"\" width=\"1920\" height=\"1280\" srcset=\"https:\/\/atecordoba.org\/wp-content\/uploads\/2024\/09\/IMG_5526.jpg 1920w, https:\/\/atecordoba.org\/wp-content\/uploads\/2024\/09\/IMG_5526-300x200.jpg 300w, https:\/\/atecordoba.org\/wp-content\/uploads\/2024\/09\/IMG_5526-1024x683.jpg 1024w, https:\/\/atecordoba.org\/wp-content\/uploads\/2024\/09\/IMG_5526-768x512.jpg 768w, https:\/\/atecordoba.org\/wp-content\/uploads\/2024\/09\/IMG_5526-1536x1024.jpg 1536w, https:\/\/atecordoba.org\/wp-content\/uploads\/2024\/09\/IMG_5526-750x500.jpg 750w, https:\/\/atecordoba.org\/wp-content\/uploads\/2024\/09\/IMG_5526-1140x760.jpg 1140w\" sizes=\"auto, (max-width: 1920px) 100vw, 1920px\" \/><\/a><\/p>\n<p>La avanzada del Presidente Javier Milei y la bajada del ajuste en territorios provinciales pusieron, por su vertiginosidad y profundidad, nuevamente en el tapete el rol de las organizaciones sindicales. Ante ello, dos sectores, de dos centrales sindicales distintas, que se encuentran permanentemente en las luchas y en distintos puntos del pa\u00eds se dieron cita en voz de sus principales referencias para pensar la coyuntura.<\/p>\n<p>Sobre los alcances del DNU 70\/2023 -cuya anulaci\u00f3n se exige- y la Ley Bases -cuya inconstitucionalidad se reclama- en el mundo del trabajo, debatieron estatales y aceiteros ante un auditorio variado no s\u00f3lo en lo sectorial, sino en procedencia geogr\u00e1fica. Hubo trabajadoras y trabajadores de distintos puntos del pa\u00eds, e incluso asistentes internacionales (ver abajo).<\/p>\n<p><a href=\"https:\/\/atecordoba.org\/wp-content\/uploads\/2024\/09\/IMG_5595.jpg\"><img loading=\"lazy\" decoding=\"async\" class=\"alignnone wp-image-45791 size-full\" src=\"https:\/\/atecordoba.org\/wp-content\/uploads\/2024\/09\/IMG_5595.jpg\" alt=\"\" width=\"1920\" height=\"1280\" srcset=\"https:\/\/atecordoba.org\/wp-content\/uploads\/2024\/09\/IMG_5595.jpg 1920w, https:\/\/atecordoba.org\/wp-content\/uploads\/2024\/09\/IMG_5595-300x200.jpg 300w, https:\/\/atecordoba.org\/wp-content\/uploads\/2024\/09\/IMG_5595-1024x683.jpg 1024w, https:\/\/atecordoba.org\/wp-content\/uploads\/2024\/09\/IMG_5595-768x512.jpg 768w, https:\/\/atecordoba.org\/wp-content\/uploads\/2024\/09\/IMG_5595-1536x1024.jpg 1536w, https:\/\/atecordoba.org\/wp-content\/uploads\/2024\/09\/IMG_5595-750x500.jpg 750w, https:\/\/atecordoba.org\/wp-content\/uploads\/2024\/09\/IMG_5595-1140x760.jpg 1140w\" sizes=\"auto, (max-width: 1920px) 100vw, 1920px\" \/><\/a><\/p>\n<h2>Hilo conductor al desastre social<\/h2>\n<p>Todos los oradores y oradora coincidieron en caracterizar que el gobierno de Javier Milei \u201cdesprecia a las trabajadoras y trabajadoras\u201d, aplicando un \u201cajuste brutal\u201d contra los sectores m\u00e1s desprotegidos en beneficio del sector empresarial concentrado.<\/p>\n<p>Al inicio de su exposici\u00f3n, la Secretaria General de ATE y CTAA homenaje\u00f3 a la Madre de Plaza 25 de Mayo, Herminia Severini, en el d\u00e9cimo aniversario de su fallecimiento. Y convoc\u00f3 a participar en el encuentro de las Juventudes Trabajadoras de la CTAA Rosario que se realizar\u00e1 el s\u00e1bado 28, de 9.00 a 13.00, en San Lorenzo 1879<a href=\"https:\/\/atecordoba.org\/wp-content\/uploads\/2024\/09\/IMG_5486.jpg\"><img loading=\"lazy\" decoding=\"async\" class=\"alignnone wp-image-45792 size-full\" src=\"https:\/\/atecordoba.org\/wp-content\/uploads\/2024\/09\/IMG_5486.jpg\" alt=\"\" width=\"1920\" height=\"1280\" srcset=\"https:\/\/atecordoba.org\/wp-content\/uploads\/2024\/09\/IMG_5486.jpg 1920w, https:\/\/atecordoba.org\/wp-content\/uploads\/2024\/09\/IMG_5486-300x200.jpg 300w, https:\/\/atecordoba.org\/wp-content\/uploads\/2024\/09\/IMG_5486-1024x683.jpg 1024w, https:\/\/atecordoba.org\/wp-content\/uploads\/2024\/09\/IMG_5486-768x512.jpg 768w, https:\/\/atecordoba.org\/wp-content\/uploads\/2024\/09\/IMG_5486-1536x1024.jpg 1536w, https:\/\/atecordoba.org\/wp-content\/uploads\/2024\/09\/IMG_5486-750x500.jpg 750w, https:\/\/atecordoba.org\/wp-content\/uploads\/2024\/09\/IMG_5486-1140x760.jpg 1140w\" sizes=\"auto, (max-width: 1920px) 100vw, 1920px\" \/><\/a><\/p>\n<p>&nbsp;<\/p>\n<p>Almir\u00f3n record\u00f3 que \u201calgunos plantearon, cuando asumi\u00f3 Milei, de salir m\u00e1s tarde, darle tiempo. Y fue tal la demonizaci\u00f3n, la destrucci\u00f3n del salario y todos los derechos apenas asumi\u00f3, que el propio gobierno adelant\u00f3 el paro nacional\u201d. Analiz\u00f3 que existe \u201cun hilo conductor de los tres niveles del Estado\u201d, que en Santa Fe se palp\u00f3 claramente en la reforma previsional, votada irregularmente mientras se desplegaba una in\u00e9dita represi\u00f3n en las puertas de la Legislatura.<\/p>\n<p>Advirti\u00f3 que hay 41 empresas en peligro por estar sujetas a privatizaci\u00f3n en el DNU y las facultades extraordinarias votadas al Presidente y que, el 30 de septiembre, vencen 65 contratos nacionales. \u201cEl gobierno nacional nos enfrenta con las palabras, con el ataque a todo lo vinculado a lo popular, con la Ley Bases, el DNU. Hay una desmovilizaci\u00f3n muy grande porque se viene de una frustraci\u00f3n vinculada al incumplimiento de los gobiernos anteriores en torno a garantizar pisos de dignidad\u201d, caracteriz\u00f3. Por eso, insisti\u00f3 en la urgencia de lograr la declaraci\u00f3n de nulidad de decreto y la inconstitucionalidad de la Ley Bases y la necesidad de sostener la autonom\u00eda sindical .<\/p>\n<p><a href=\"https:\/\/atecordoba.org\/wp-content\/uploads\/2024\/09\/IMG_5469.jpg\"><img loading=\"lazy\" decoding=\"async\" class=\"alignnone wp-image-45793 size-full\" src=\"https:\/\/atecordoba.org\/wp-content\/uploads\/2024\/09\/IMG_5469.jpg\" alt=\"\" width=\"1920\" height=\"1280\" srcset=\"https:\/\/atecordoba.org\/wp-content\/uploads\/2024\/09\/IMG_5469.jpg 1920w, https:\/\/atecordoba.org\/wp-content\/uploads\/2024\/09\/IMG_5469-300x200.jpg 300w, https:\/\/atecordoba.org\/wp-content\/uploads\/2024\/09\/IMG_5469-1024x683.jpg 1024w, https:\/\/atecordoba.org\/wp-content\/uploads\/2024\/09\/IMG_5469-768x512.jpg 768w, https:\/\/atecordoba.org\/wp-content\/uploads\/2024\/09\/IMG_5469-1536x1024.jpg 1536w, https:\/\/atecordoba.org\/wp-content\/uploads\/2024\/09\/IMG_5469-750x500.jpg 750w, https:\/\/atecordoba.org\/wp-content\/uploads\/2024\/09\/IMG_5469-1140x760.jpg 1140w\" sizes=\"auto, (max-width: 1920px) 100vw, 1920px\" \/><\/a><\/p>\n<h2>Tsunami y quietud<\/h2>\n<p>El referente local aceitero, Marco Pozzi, defini\u00f3: \u201cHay un mensaje, tanto desde el universo privado como estatal, para avanzar sobre los salarios. Desde el inicio lo plantearon, ya sea con mayores impuestos, quita de subsidios y reducci\u00f3n del poder adquisitivo con paritarias a la baja. Luego, avanzaron con los derechos laborales mediante la Ley Bases\u201d.<\/p>\n<p>Cr\u00edtico de la \u201cquietud de las centrales obreras\u201d y convocando a \u201cuna fuerte autocr\u00edtica\u201d de la dirigencia gremial, se pregunt\u00f3 \u201c\u00bfqu\u00e9 estrategias, acciones directas y medidas vamos a tomar para avanzar contra la voracidad que tenemos enfrente? \u201c\u00bfQu\u00e9 ejes son los que nos van a juntar?\u201d. Tal como siempre plantean los aceiteros y aceiteras, resalt\u00f3 los tres ejes de construcci\u00f3n: \u201cla democracia sindical, defender a los compa\u00f1eros, con la huelga como herramienta\u201d.<\/p>\n<p>\u201cNo estamos discutiendo salario real, sino el que imponen las patronales. Terminamos as\u00ed peleando con las herramientas que propone la patronal, como el salario igual a la canasta b\u00e1sica. No hay una pol\u00edtica de establecer el valor real de nuestro trabajo que se traduce en lo que cobramos, por parte de las organizaciones sindicales\u201d, plante\u00f3 y concluy\u00f3: \u201cla dignidad es a partir del salario m\u00ednimo, vital y m\u00f3vil que establece la Constituci\u00f3n Nacional\u201d.<\/p>\n<p><a href=\"https:\/\/atecordoba.org\/wp-content\/uploads\/2024\/09\/IMG_5513.jpg\"><img loading=\"lazy\" decoding=\"async\" class=\"alignnone wp-image-45795 size-full\" src=\"https:\/\/atecordoba.org\/wp-content\/uploads\/2024\/09\/IMG_5513.jpg\" alt=\"\" width=\"1920\" height=\"1280\" srcset=\"https:\/\/atecordoba.org\/wp-content\/uploads\/2024\/09\/IMG_5513.jpg 1920w, https:\/\/atecordoba.org\/wp-content\/uploads\/2024\/09\/IMG_5513-300x200.jpg 300w, https:\/\/atecordoba.org\/wp-content\/uploads\/2024\/09\/IMG_5513-1024x683.jpg 1024w, https:\/\/atecordoba.org\/wp-content\/uploads\/2024\/09\/IMG_5513-768x512.jpg 768w, https:\/\/atecordoba.org\/wp-content\/uploads\/2024\/09\/IMG_5513-1536x1024.jpg 1536w, https:\/\/atecordoba.org\/wp-content\/uploads\/2024\/09\/IMG_5513-750x500.jpg 750w, https:\/\/atecordoba.org\/wp-content\/uploads\/2024\/09\/IMG_5513-1140x760.jpg 1140w\" sizes=\"auto, (max-width: 1920px) 100vw, 1920px\" \/><\/a><\/p>\n<p>Federico Giuliani, trabajador cordob\u00e9s de Senasa y dirigente estatal, consider\u00f3 que la llegada de la actual gesti\u00f3n nacional se vincula a una arrastrada crisis de representatividad, que tambi\u00e9n incluye al sindicalismo. \u201cVenimos perdiendo la batalla electoral y cultural. No hay que abandonar el lugar de disputa natural que es la calle. Buscan mano de obra barata y para eso necesitan sindicatos que lo avalen. La discusi\u00f3n sigue siendo el modelo sindical\u201d, dijo y consider\u00f3 importante el recambio generacional en las direcciones.<\/p>\n<p>Apunt\u00f3 que ning\u00fan art\u00edculo de Ley Bases ni DNU plantea la defensa de derechos y son totalmente regresivos, plante\u00e1ndose como \u201cla expresi\u00f3n del revanchismo patronal\u201d. Actualmente, para el referente, \u201cla discusi\u00f3n es si liberaci\u00f3n o dependencia\u201d. Por lo que convoc\u00f3 a construir \u201cunidad con quienes quieren pelear, de abajo hacia arriba y desde la periferia hacia el centro\u201d<\/p>\n<p><a href=\"https:\/\/atecordoba.org\/wp-content\/uploads\/2024\/09\/IMG_5632.jpg\"><img loading=\"lazy\" decoding=\"async\" class=\"alignnone wp-image-45796 size-full\" src=\"https:\/\/atecordoba.org\/wp-content\/uploads\/2024\/09\/IMG_5632.jpg\" alt=\"\" width=\"1920\" height=\"1280\" srcset=\"https:\/\/atecordoba.org\/wp-content\/uploads\/2024\/09\/IMG_5632.jpg 1920w, https:\/\/atecordoba.org\/wp-content\/uploads\/2024\/09\/IMG_5632-300x200.jpg 300w, https:\/\/atecordoba.org\/wp-content\/uploads\/2024\/09\/IMG_5632-1024x683.jpg 1024w, https:\/\/atecordoba.org\/wp-content\/uploads\/2024\/09\/IMG_5632-768x512.jpg 768w, https:\/\/atecordoba.org\/wp-content\/uploads\/2024\/09\/IMG_5632-1536x1024.jpg 1536w, https:\/\/atecordoba.org\/wp-content\/uploads\/2024\/09\/IMG_5632-750x500.jpg 750w, https:\/\/atecordoba.org\/wp-content\/uploads\/2024\/09\/IMG_5632-1140x760.jpg 1140w\" sizes=\"auto, (max-width: 1920px) 100vw, 1920px\" \/><\/a><\/p>\n<h2>Como mariposas<\/h2>\n<p>Daniel Yofra, de la Federaci\u00f3n Aceitera, valor\u00f3 que \u201ccuando uno encuentra alguien que lucha, es un amigo. Y es importante juntarnos para ayudarnos a pensar\u201d. Fiel a su estilo de exposici\u00f3n plante\u00f3: \u201csiempre fui cr\u00edtico de la dirigencia sindical que no hace lo que le corresponde desde una situaci\u00f3n de confort. Andan por ah\u00ed como mariposas sueltas a las que nadie les da un ramazo. Los dirigentes nacionales est\u00e1n hablando de las legislativas, no de la reforma laboral, del hambre de la gente\u201d.<\/p>\n<p>\u201cEste gobierno es m\u00e1s inteligente de lo que creemos. No est\u00e1 de joda, se est\u00e1n tomando muy en serio la tarea de destruirnos. Aplicaron el ahogo financiero como t\u00e1ctica de extorsi\u00f3n con los gobiernos provinciales. Milei vino a destruir todo lo que motoriza acciones colectivas. Por eso necesitamos un plan de lucha\u201d, afirm\u00f3 y llam\u00f3 a construir una experiencia similar al MTA de los \u201990.<\/p>\n<p><a href=\"https:\/\/atecordoba.org\/wp-content\/uploads\/2024\/09\/IMG_5517.jpg\"><img loading=\"lazy\" decoding=\"async\" class=\"alignnone wp-image-45798 size-full\" src=\"https:\/\/atecordoba.org\/wp-content\/uploads\/2024\/09\/IMG_5517.jpg\" alt=\"\" width=\"1920\" height=\"1280\" srcset=\"https:\/\/atecordoba.org\/wp-content\/uploads\/2024\/09\/IMG_5517.jpg 1920w, https:\/\/atecordoba.org\/wp-content\/uploads\/2024\/09\/IMG_5517-300x200.jpg 300w, https:\/\/atecordoba.org\/wp-content\/uploads\/2024\/09\/IMG_5517-1024x683.jpg 1024w, https:\/\/atecordoba.org\/wp-content\/uploads\/2024\/09\/IMG_5517-768x512.jpg 768w, https:\/\/atecordoba.org\/wp-content\/uploads\/2024\/09\/IMG_5517-1536x1024.jpg 1536w, https:\/\/atecordoba.org\/wp-content\/uploads\/2024\/09\/IMG_5517-750x500.jpg 750w, https:\/\/atecordoba.org\/wp-content\/uploads\/2024\/09\/IMG_5517-1140x760.jpg 1140w\" sizes=\"auto, (max-width: 1920px) 100vw, 1920px\" \/><\/a><\/p>\n<h2>La herramienta<\/h2>\n<p>Si hay algo que caracteriz\u00f3 a estatales y aceiteros es que en los distintos gobiernos han desplegado paros como principal recurso sindical a la hora de confrontar con la patronal, sea esta privada o estatal.<\/p>\n<p>Desde la experiencia aceitera, Yofra recalc\u00f3 que ganaron paritarias bajo el concepto del salario m\u00ednimo, vital y m\u00f3vil con huelga, mostrando que se pueden conseguir aumentos arriba de la inflaci\u00f3n. \u201cEllos (por el gobierno) nos desprecian. No se bancan que los trabajadores tengan vacaciones, jubilaci\u00f3n. Deber\u00edamos empezar a despreciarlos a ellos. Nos quieren ver pobres trabajando cuando hace 50 a\u00f1os se buscaba trabajo para no serlo. Necesitamos conciencia de clase para tener logros y sostener la huelga. Hay que empezar a dar lugar a que luchar garpa, independientemente del partido en que se est\u00e9\u201d, defini\u00f3 Daniel Yofra.<\/p>\n<p>\u201cTenemos que organizarnos en defensa del derecho a huelga, todos los gobiernos fueron en mayor o menor medida contra esa herramienta fundamental. Todo lo que hacemos cada d\u00eda representa una sumatoria de hechos pol\u00edticos para reconocernos como trabajadoras y trabajadores, para torcerle el brazo a este gobierno\u201d, cerr\u00f3 Lorena Almir\u00f3n.<\/p>\n<p><a href=\"https:\/\/atecordoba.org\/wp-content\/uploads\/2024\/09\/IMG_5481.jpg\"><img loading=\"lazy\" decoding=\"async\" class=\"alignnone wp-image-45800 size-full\" src=\"https:\/\/atecordoba.org\/wp-content\/uploads\/2024\/09\/IMG_5481.jpg\" alt=\"\" width=\"1920\" height=\"1280\" srcset=\"https:\/\/atecordoba.org\/wp-content\/uploads\/2024\/09\/IMG_5481.jpg 1920w, https:\/\/atecordoba.org\/wp-content\/uploads\/2024\/09\/IMG_5481-300x200.jpg 300w, https:\/\/atecordoba.org\/wp-content\/uploads\/2024\/09\/IMG_5481-1024x683.jpg 1024w, https:\/\/atecordoba.org\/wp-content\/uploads\/2024\/09\/IMG_5481-768x512.jpg 768w, https:\/\/atecordoba.org\/wp-content\/uploads\/2024\/09\/IMG_5481-1536x1024.jpg 1536w, https:\/\/atecordoba.org\/wp-content\/uploads\/2024\/09\/IMG_5481-750x500.jpg 750w, https:\/\/atecordoba.org\/wp-content\/uploads\/2024\/09\/IMG_5481-1140x760.jpg 1140w\" sizes=\"auto, (max-width: 1920px) 100vw, 1920px\" \/><\/a><\/p>\n<p>De la charla, que concluy\u00f3 ya entrada la noche, participaron entre otras organizaciones: la APDH Rosario, Amsafe Rosario, ATE Rosario, la CTA Aut\u00f3noma Regional Rosario, el Sindicato de Qu\u00edmicos de San Lorenzo, FREJEL, organizaciones de jubilados y jubiladas, aceiteros de todo el pa\u00eds, Fesprosa, entre otras. Adem\u00e1s, hubo presencia internacional de la mano de Carlos P\u00e9rez, de la mesa directiva Durham Assosiaciation of Educators (Carolina del Norte) y Marina Barcia, jubilada de salud que desarrolla actividad social territorial en Montevideo Uruguay.<\/p>\n<p><strong>Nota: ATE \u2013 CTAA Rosario y ATE CDP C\u00f3rdoba<\/strong><\/p>\n<p><strong>Fotos: Sof\u00eda Alberti, Prensa ATE Rosario \u2013 CTAA Rosario<\/strong><\/p>\n<p>&nbsp;<\/p>\n","protected":false},"excerpt":{"rendered":"<p>El jueves 19 en ATE Rosario se realiz\u00f3 la charla \u201c\u00bfC\u00f3mo afectan la Ley Bases y el DNU a las y los trabajadores? \u00bfCu\u00e1l es el rol del sindicalismo en esta coyuntura?\u201d. A sala llena, Marco Pozzi, Secretario General del Sindicato de Aceiteros de Rosario; Lorena Almir\u00f3n, Secretaria General ATE y CTAA Seccional Rosario; Federico [&hellip;]<\/p>\n","protected":false},"author":3,"featured_media":45795,"comment_status":"open","ping_status":"open","sticky":false,"template":"","format":"standard","meta":{"_exactmetrics_skip_tracking":false,"_exactmetrics_sitenote_active":false,"_exactmetrics_sitenote_note":"","_exactmetrics_sitenote_category":0,"jnews-multi-image_gallery":[],"jnews_single_post":{"format":"standard","override":[{"template":"1","parallax":"1","fullscreen":"1","layout":"no-sidebar-narrow","sidebar":"default-sidebar","second_sidebar":"default-sidebar","sticky_sidebar":"1","share_position":"bottom","share_float_style":"share-monocrhome","show_share_counter":"1","show_view_counter":"1","show_post_meta":"1","show_post_author_image":"1","show_post_date":"1","post_date_format":"default","post_date_format_custom":"Y\/m\/d","show_post_category":"1","show_post_reading_time":"0","post_reading_time_wpm":"300","post_calculate_word_method":"str_word_count","show_zoom_button":"0","zoom_button_out_step":"2","zoom_button_in_step":"3","show_post_tag":"1","number_popup_post":"1","show_post_related":"1","show_inline_post_related":"0"}],"image_override":[{"single_post_thumbnail_size":"crop-500","single_post_gallery_size":"crop-500"}],"trending_post_position":"meta","trending_post_label":"Trending","sponsored_post_label":"Sponsored by","disable_ad":"0"},"jnews_primary_category":[],"jnews_social_meta":[],"jnews_review":[],"enable_review":"","type":"percentage","name":"","summary":"","brand":"","sku":"","good":[],"bad":[],"score_override":"","override_value":"","rating":[],"price":[],"jnews_override_counter":{"view_counter_number":"0","share_counter_number":"0","like_counter_number":"0","dislike_counter_number":"0"},"jnews_post_split":{"post_split":[{"template":"1","tag":"h2","numbering":"asc","mode":"normal","first":"0","enable_toc":"0","toc_type":"normal"}]},"footnotes":""},"categories":[10],"tags":[],"class_list":["post-45789","post","type-post","status-publish","format-standard","has-post-thumbnail","hentry","category-accion-politica"],"jetpack_featured_media_url":"https:\/\/atecordoba.org\/wp-content\/uploads\/2024\/09\/IMG_5513.jpg","_links":{"self":[{"href":"https:\/\/atecordoba.org\/index.php?rest_route=\/wp\/v2\/posts\/45789","targetHints":{"allow":["GET"]}}],"collection":[{"href":"https:\/\/atecordoba.org\/index.php?rest_route=\/wp\/v2\/posts"}],"about":[{"href":"https:\/\/atecordoba.org\/index.php?rest_route=\/wp\/v2\/types\/post"}],"author":[{"embeddable":true,"href":"https:\/\/atecordoba.org\/index.php?rest_route=\/wp\/v2\/users\/3"}],"replies":[{"embeddable":true,"href":"https:\/\/atecordoba.org\/index.php?rest_route=%2Fwp%2Fv2%2Fcomments&post=45789"}],"version-history":[{"count":1,"href":"https:\/\/atecordoba.org\/index.php?rest_route=\/wp\/v2\/posts\/45789\/revisions"}],"predecessor-version":[{"id":45801,"href":"https:\/\/atecordoba.org\/index.php?rest_route=\/wp\/v2\/posts\/45789\/revisions\/45801"}],"wp:featuredmedia":[{"embeddable":true,"href":"https:\/\/atecordoba.org\/index.php?rest_route=\/wp\/v2\/media\/45795"}],"wp:attachment":[{"href":"https:\/\/atecordoba.org\/index.php?rest_route=%2Fwp%2Fv2%2Fmedia&parent=45789"}],"wp:term":[{"taxonomy":"category","embeddable":true,"href":"https:\/\/atecordoba.org\/index.php?rest_route=%2Fwp%2Fv2%2Fcategories&post=45789"},{"taxonomy":"post_tag","embeddable":true,"href":"https:\/\/atecordoba.org\/index.php?rest_route=%2Fwp%2Fv2%2Ftags&post=45789"}],"curies":[{"name":"wp","href":"https:\/\/api.w.org\/{rel}","templated":true}]}}