{"id":45782,"date":"2024-09-23T13:46:21","date_gmt":"2024-09-23T16:46:21","guid":{"rendered":"https:\/\/atecordoba.org\/?p=45782"},"modified":"2024-09-23T13:46:21","modified_gmt":"2024-09-23T16:46:21","slug":"robusteciendo-la-municipalizacion-de-ate-cordoba","status":"publish","type":"post","link":"https:\/\/atecordoba.org\/?p=45782","title":{"rendered":"Robusteciendo la municipalizaci\u00f3n de ATE C\u00f3rdoba"},"content":{"rendered":"<p><a href=\"https:\/\/atecordoba.org\/wp-content\/uploads\/2024\/09\/460715372_10232042166655280_2330815350887157677_n-1536x883-1.jpg\"><img loading=\"lazy\" decoding=\"async\" class=\"alignnone wp-image-45783 size-full\" src=\"https:\/\/atecordoba.org\/wp-content\/uploads\/2024\/09\/460715372_10232042166655280_2330815350887157677_n-1536x883-1.jpg\" alt=\"\" width=\"1536\" height=\"883\" srcset=\"https:\/\/atecordoba.org\/wp-content\/uploads\/2024\/09\/460715372_10232042166655280_2330815350887157677_n-1536x883-1.jpg 1536w, https:\/\/atecordoba.org\/wp-content\/uploads\/2024\/09\/460715372_10232042166655280_2330815350887157677_n-1536x883-1-300x172.jpg 300w, https:\/\/atecordoba.org\/wp-content\/uploads\/2024\/09\/460715372_10232042166655280_2330815350887157677_n-1536x883-1-1024x589.jpg 1024w, https:\/\/atecordoba.org\/wp-content\/uploads\/2024\/09\/460715372_10232042166655280_2330815350887157677_n-1536x883-1-768x442.jpg 768w, https:\/\/atecordoba.org\/wp-content\/uploads\/2024\/09\/460715372_10232042166655280_2330815350887157677_n-1536x883-1-750x431.jpg 750w, https:\/\/atecordoba.org\/wp-content\/uploads\/2024\/09\/460715372_10232042166655280_2330815350887157677_n-1536x883-1-1140x655.jpg 1140w\" sizes=\"auto, (max-width: 1536px) 100vw, 1536px\" \/><\/a><\/p>\n<p>En el marco del recorrido provincial que viene desarrollando la comitiva de ATE C\u00f3rdoba, en todas las seccionales, con motivo de plenarios de delegados municipales realizados en R\u00edo Cuarto y Adelia Mar\u00eda; Cruz del Eje; Villa Mar\u00eda y R\u00edo Tercero, se concret\u00f3 en San Francisco el encuentro del Departamento San Justo de cara a la organizaci\u00f3n del Plenario Provincial de Trabajadores Municipales, que se realizar\u00e1 el pr\u00f3ximo 9 de octubre en la Sede del Consejo Directivo Provincial (CDP) del sindicato en la Capital cordobesa.<\/p>\n<p>El viernes, el Secretario General de ATE y la CTA Aut\u00f3noma C\u00f3rdoba, Federico Giuliani, acompa\u00f1ado por el Secretario de Finanzas, Ricardo Reyna; el Secretario de Organizaci\u00f3n, Javier Bracamonte y el Delegado Congresal del CDP, Mario Bongiovani Perna, estuvieron presentes en la Seccional San Justo, recibidos por su Secretario General, compa\u00f1ero Dar\u00edo Paredes y la Comisi\u00f3n Directiva.<\/p>\n<p><a href=\"https:\/\/atecordoba.org\/wp-content\/uploads\/2024\/09\/2-10-240x300-1.jpg\"><img loading=\"lazy\" decoding=\"async\" class=\"alignnone size-full wp-image-45784\" src=\"https:\/\/atecordoba.org\/wp-content\/uploads\/2024\/09\/2-10-240x300-1.jpg\" alt=\"\" width=\"240\" height=\"300\" \/><\/a> <a href=\"https:\/\/atecordoba.org\/wp-content\/uploads\/2024\/09\/3-9-240x300-1.jpg\"><img loading=\"lazy\" decoding=\"async\" class=\"alignnone size-medium wp-image-45785\" src=\"https:\/\/atecordoba.org\/wp-content\/uploads\/2024\/09\/3-9-240x300-1.jpg\" alt=\"\" width=\"240\" height=\"300\" \/><\/a><\/p>\n<p>Abierto el plenario por parte del Secretario de la Seccional San Justo, quien agradeci\u00f3 la presencia de la Conducci\u00f3n Provincial, destacando la necesidad de unificar una estrategia de lucha y de adhesi\u00f3n por parte de los sectores Municipales a ATE, aludiendo a que no es solamente un gremio de estatales nacionales y provinciales, sino que cuenta con una fuerte presencia en municipios y comunas en toda la provincia de C\u00f3rdoba.<\/p>\n<p>Continuando la actividad, Giuliani manifest\u00f3 la preocupaci\u00f3n por la deplorable situaci\u00f3n que padecen todos los estatales del orden municipal en materia salarial (sueldos de indigencia), en condiciones de contrataci\u00f3n (becarios, jornaleros, planes de emergencia ocupacional, monotributistas), con normativas de estatutos diferentes en cada Municipio o Comuna, cuando en realidad las problem\u00e1ticas son similares en cada Municipio y territorio del \u00e1mbito cordob\u00e9s.<\/p>\n<p>Destac\u00f3 que es imperioso contar con la integraci\u00f3n de convenios colectivos de trabajo en el sector para unificar los criterios que padecen en la Carrera Administrativa, condiciones laborales, paritarias y dem\u00e1s rubros que hacen a relaciones laborales de fraude y precarias que el Estado Patr\u00f3n imparte con sus agentes estatales.<\/p>\n<p><a href=\"https:\/\/atecordoba.org\/wp-content\/uploads\/2024\/09\/5-5-240x300-1.jpg\"><img loading=\"lazy\" decoding=\"async\" class=\"alignnone size-full wp-image-45786\" src=\"https:\/\/atecordoba.org\/wp-content\/uploads\/2024\/09\/5-5-240x300-1.jpg\" alt=\"\" width=\"240\" height=\"300\" \/><\/a> <a href=\"https:\/\/atecordoba.org\/wp-content\/uploads\/2024\/09\/4-7-240x300-1.jpg\"><img loading=\"lazy\" decoding=\"async\" class=\"alignnone size-medium wp-image-45787\" src=\"https:\/\/atecordoba.org\/wp-content\/uploads\/2024\/09\/4-7-240x300-1.jpg\" alt=\"\" width=\"240\" height=\"300\" \/><\/a><\/p>\n<p>Cabe se\u00f1alar que la comitiva que acompa\u00f1\u00f3 al Plenario en la Seccional San Justo en la tarde del viernes, ven\u00eda de un recorrido interprovincial, en donde Giuliani particip\u00f3 como expositor brindando la experiencia de la gesti\u00f3n sindical de C\u00f3rdoba en el Plenario Provincial de Delegados Municipales de ATE Entre R\u00edos, como tambi\u00e9n estuvo presente en la Seccional de Rosario como panelista en el debate sobre la Ley Bases y el modelo de ultraderecha del Gobierno de Milei.<\/p>\n<p>Por \u00faltimo, entre ambas seccionales de las provincias de C\u00f3rdoba y Entre R\u00edos y la de la ciudad de Rosario, se propuso como proyecto realizar un Plenario de Municipales de ATE de la Regi\u00f3n Centro donde confluyan trabajadoras y trabajadores del sector de C\u00f3rdoba, Entre R\u00edos y Santa Fe.<\/p>\n","protected":false},"excerpt":{"rendered":"<p>En el marco del recorrido provincial que viene desarrollando la comitiva de ATE C\u00f3rdoba, en todas las seccionales, con motivo de plenarios de delegados municipales realizados en R\u00edo Cuarto y Adelia Mar\u00eda; Cruz del Eje; Villa Mar\u00eda y R\u00edo Tercero, se concret\u00f3 en San Francisco el encuentro del Departamento San Justo de cara a la [&hellip;]<\/p>\n","protected":false},"author":3,"featured_media":45783,"comment_status":"open","ping_status":"open","sticky":false,"template":"","format":"standard","meta":{"_exactmetrics_skip_tracking":false,"_exactmetrics_sitenote_active":false,"_exactmetrics_sitenote_note":"","_exactmetrics_sitenote_category":0,"jnews-multi-image_gallery":[],"jnews_single_post":{"format":"standard","override":[{"template":"1","parallax":"1","fullscreen":"1","layout":"no-sidebar-narrow","sidebar":"default-sidebar","second_sidebar":"default-sidebar","sticky_sidebar":"1","share_position":"bottom","share_float_style":"share-monocrhome","show_share_counter":"1","show_view_counter":"1","show_post_meta":"1","show_post_author_image":"1","show_post_date":"1","post_date_format":"default","post_date_format_custom":"Y\/m\/d","show_post_category":"1","show_post_reading_time":"0","post_reading_time_wpm":"300","post_calculate_word_method":"str_word_count","show_zoom_button":"0","zoom_button_out_step":"2","zoom_button_in_step":"3","show_post_tag":"1","number_popup_post":"1","show_post_related":"1","show_inline_post_related":"0"}],"image_override":[{"single_post_thumbnail_size":"crop-500","single_post_gallery_size":"crop-500"}],"trending_post_position":"meta","trending_post_label":"Trending","sponsored_post_label":"Sponsored by","disable_ad":"0"},"jnews_primary_category":[],"jnews_social_meta":[],"jnews_review":[],"enable_review":"","type":"percentage","name":"","summary":"","brand":"","sku":"","good":[],"bad":[],"score_override":"","override_value":"","rating":[],"price":[],"jnews_override_counter":{"view_counter_number":"0","share_counter_number":"0","like_counter_number":"0","dislike_counter_number":"0"},"jnews_post_split":{"post_split":[{"template":"1","tag":"h2","numbering":"asc","mode":"normal","first":"0","enable_toc":"0","toc_type":"normal"}]},"footnotes":""},"categories":[20],"tags":[],"class_list":["post-45782","post","type-post","status-publish","format-standard","has-post-thumbnail","hentry","category-municipales"],"jetpack_featured_media_url":"https:\/\/atecordoba.org\/wp-content\/uploads\/2024\/09\/460715372_10232042166655280_2330815350887157677_n-1536x883-1.jpg","_links":{"self":[{"href":"https:\/\/atecordoba.org\/index.php?rest_route=\/wp\/v2\/posts\/45782","targetHints":{"allow":["GET"]}}],"collection":[{"href":"https:\/\/atecordoba.org\/index.php?rest_route=\/wp\/v2\/posts"}],"about":[{"href":"https:\/\/atecordoba.org\/index.php?rest_route=\/wp\/v2\/types\/post"}],"author":[{"embeddable":true,"href":"https:\/\/atecordoba.org\/index.php?rest_route=\/wp\/v2\/users\/3"}],"replies":[{"embeddable":true,"href":"https:\/\/atecordoba.org\/index.php?rest_route=%2Fwp%2Fv2%2Fcomments&post=45782"}],"version-history":[{"count":1,"href":"https:\/\/atecordoba.org\/index.php?rest_route=\/wp\/v2\/posts\/45782\/revisions"}],"predecessor-version":[{"id":45788,"href":"https:\/\/atecordoba.org\/index.php?rest_route=\/wp\/v2\/posts\/45782\/revisions\/45788"}],"wp:featuredmedia":[{"embeddable":true,"href":"https:\/\/atecordoba.org\/index.php?rest_route=\/wp\/v2\/media\/45783"}],"wp:attachment":[{"href":"https:\/\/atecordoba.org\/index.php?rest_route=%2Fwp%2Fv2%2Fmedia&parent=45782"}],"wp:term":[{"taxonomy":"category","embeddable":true,"href":"https:\/\/atecordoba.org\/index.php?rest_route=%2Fwp%2Fv2%2Fcategories&post=45782"},{"taxonomy":"post_tag","embeddable":true,"href":"https:\/\/atecordoba.org\/index.php?rest_route=%2Fwp%2Fv2%2Ftags&post=45782"}],"curies":[{"name":"wp","href":"https:\/\/api.w.org\/{rel}","templated":true}]}}