{"id":45778,"date":"2024-09-20T11:00:07","date_gmt":"2024-09-20T14:00:07","guid":{"rendered":"https:\/\/atecordoba.org\/?p=45778"},"modified":"2024-09-20T11:00:07","modified_gmt":"2024-09-20T14:00:07","slug":"curso-gratuito-para-trabajadoras-y-trabajadores-de-museos-y-espacios-culturales-publicos-de-cordoba","status":"publish","type":"post","link":"https:\/\/atecordoba.org\/?p=45778","title":{"rendered":"Curso gratuito para trabajadoras y trabajadores de museos y espacios culturales p\u00fablicos de C\u00f3rdoba"},"content":{"rendered":"<p><a href=\"https:\/\/atecordoba.org\/wp-content\/uploads\/2024\/09\/WhatsApp-Image-2024-09-20-at-10.47.00-AM.jpeg\"><img loading=\"lazy\" decoding=\"async\" class=\"alignnone wp-image-45779 size-full\" src=\"https:\/\/atecordoba.org\/wp-content\/uploads\/2024\/09\/WhatsApp-Image-2024-09-20-at-10.47.00-AM.jpeg\" alt=\"\" width=\"1600\" height=\"1600\" srcset=\"https:\/\/atecordoba.org\/wp-content\/uploads\/2024\/09\/WhatsApp-Image-2024-09-20-at-10.47.00-AM.jpeg 1600w, https:\/\/atecordoba.org\/wp-content\/uploads\/2024\/09\/WhatsApp-Image-2024-09-20-at-10.47.00-AM-300x300.jpeg 300w, https:\/\/atecordoba.org\/wp-content\/uploads\/2024\/09\/WhatsApp-Image-2024-09-20-at-10.47.00-AM-1024x1024.jpeg 1024w, https:\/\/atecordoba.org\/wp-content\/uploads\/2024\/09\/WhatsApp-Image-2024-09-20-at-10.47.00-AM-150x150.jpeg 150w, https:\/\/atecordoba.org\/wp-content\/uploads\/2024\/09\/WhatsApp-Image-2024-09-20-at-10.47.00-AM-768x768.jpeg 768w, https:\/\/atecordoba.org\/wp-content\/uploads\/2024\/09\/WhatsApp-Image-2024-09-20-at-10.47.00-AM-1536x1536.jpeg 1536w, https:\/\/atecordoba.org\/wp-content\/uploads\/2024\/09\/WhatsApp-Image-2024-09-20-at-10.47.00-AM-560x560.jpeg 560w, https:\/\/atecordoba.org\/wp-content\/uploads\/2024\/09\/WhatsApp-Image-2024-09-20-at-10.47.00-AM-75x75.jpeg 75w, https:\/\/atecordoba.org\/wp-content\/uploads\/2024\/09\/WhatsApp-Image-2024-09-20-at-10.47.00-AM-350x350.jpeg 350w, https:\/\/atecordoba.org\/wp-content\/uploads\/2024\/09\/WhatsApp-Image-2024-09-20-at-10.47.00-AM-750x750.jpeg 750w, https:\/\/atecordoba.org\/wp-content\/uploads\/2024\/09\/WhatsApp-Image-2024-09-20-at-10.47.00-AM-1140x1140.jpeg 1140w\" sizes=\"auto, (max-width: 1600px) 100vw, 1600px\" \/><\/a><\/p>\n<p>\ud83d\udce2 <strong>Capacitaci\u00f3n en Gesti\u00f3n Cultural para Trabajadores de Museos y Espacios P\u00fablicos<\/strong>\u00a0\ud83d\udce2<\/p>\n<p>Los d\u00edas <strong>viernes 27 <\/strong>y <strong>s\u00e1bado 28 de septiembre<\/strong> se llevar\u00e1 a cabo en C\u00f3rdoba el curso presencial y gratuito <strong>\u201cMuseos, patrimonio y colapso. Gesti\u00f3n de proyectos culturales para cuidar el presente y construir futuros\u201d<\/strong>, destinado a trabajadoras y trabajadores de espacios culturales p\u00fablicos.<\/p>\n<p><strong>Objetivo del curso:<\/strong><br \/>\nEste encuentro formativo busca ofrecer herramientas y experiencias que ayuden a fortalecer el dise\u00f1o, ejecuci\u00f3n y evaluaci\u00f3n de proyectos y pol\u00edticas culturales en museos y espacios patrimoniales, promoviendo la jerarquizaci\u00f3n y el reconocimiento de las tareas de los y las trabajadoras de la cultura.<\/p>\n<p><strong>Docente a cargo:<\/strong><br \/>\nEl curso estar\u00e1 dirigido por el <strong>Lic. Juan Ignacio Mu\u00f1oz<\/strong>, destacado gestor cultural, docente de la Universidad Nacional de Jujuy y director del Museo Nacional Terry de Tilcara.<\/p>\n<p><strong>\u00bfQui\u00e9nes pueden participar?<\/strong><br \/>\nTrabajadoras y trabajadores de organismos culturales, museos, bibliotecas, centros culturales de la administraci\u00f3n p\u00fablica (nacional, provincial o municipal), as\u00ed como de espacios culturales independientes o comunitarios, organizaciones gremiales y sociales vinculadas a la cultura.<\/p>\n<p><strong>Horarios y Lugar:<\/strong><br \/>\n&#8211; <strong>Viernes 27\/9<\/strong>: 14.30 hs. a 20.30 hs.<br \/>\n&#8211; <strong>S\u00e1bado 28\/9<\/strong>: 9.30 hs. a 13.30 hs.<\/p>\n<p>\ud83d\udccd<strong> Museo de Antropolog\u00eda de la Universidad Nacional de C\u00f3rdoba<\/strong> (Av. Hip\u00f3lito Yrigoyen 174, C\u00f3rdoba).<\/p>\n<p><strong>Inscripci\u00f3n:<\/strong><br \/>\nEl curso es gratuito y no requiere inscripci\u00f3n previa. Las personas interesadas deber\u00e1n presentarse con 15 minutos de anticipaci\u00f3n en el lugar.<\/p>\n<p><strong>Organiza:<\/strong><br \/>\nLa <strong>Asociaci\u00f3n Trabajadores del Estado (ATE)<\/strong>.<\/p>\n<p>\u00a1No te lo pierdas, te esperamos! \u270a\ud83c\udffd<\/p>\n","protected":false},"excerpt":{"rendered":"<p>\ud83d\udce2 Capacitaci\u00f3n en Gesti\u00f3n Cultural para Trabajadores de Museos y Espacios P\u00fablicos\u00a0\ud83d\udce2 Los d\u00edas viernes 27 y s\u00e1bado 28 de septiembre se llevar\u00e1 a cabo en C\u00f3rdoba el curso presencial y gratuito \u201cMuseos, patrimonio y colapso. Gesti\u00f3n de proyectos culturales para cuidar el presente y construir futuros\u201d, destinado a trabajadoras y trabajadores de espacios culturales [&hellip;]<\/p>\n","protected":false},"author":3,"featured_media":45779,"comment_status":"open","ping_status":"open","sticky":false,"template":"","format":"standard","meta":{"_exactmetrics_skip_tracking":false,"_exactmetrics_sitenote_active":false,"_exactmetrics_sitenote_note":"","_exactmetrics_sitenote_category":0,"jnews-multi-image_gallery":[],"jnews_single_post":{"format":"standard","override":[{"template":"1","parallax":"1","fullscreen":"1","layout":"no-sidebar-narrow","sidebar":"default-sidebar","second_sidebar":"default-sidebar","sticky_sidebar":"1","share_position":"bottom","share_float_style":"share-monocrhome","show_share_counter":"1","show_view_counter":"1","show_post_meta":"1","show_post_author_image":"1","show_post_date":"1","post_date_format":"default","post_date_format_custom":"Y\/m\/d","show_post_category":"1","show_post_reading_time":"0","post_reading_time_wpm":"300","post_calculate_word_method":"str_word_count","show_zoom_button":"0","zoom_button_out_step":"2","zoom_button_in_step":"3","show_post_tag":"1","number_popup_post":"1","show_post_related":"1","show_inline_post_related":"0"}],"image_override":[{"single_post_thumbnail_size":"crop-500","single_post_gallery_size":"crop-500"}],"trending_post_position":"meta","trending_post_label":"Trending","sponsored_post_label":"Sponsored by","disable_ad":"0"},"jnews_primary_category":[],"jnews_social_meta":[],"jnews_review":[],"enable_review":"","type":"percentage","name":"","summary":"","brand":"","sku":"","good":[],"bad":[],"score_override":"","override_value":"","rating":[],"price":[],"jnews_override_counter":{"view_counter_number":"0","share_counter_number":"0","like_counter_number":"0","dislike_counter_number":"0"},"jnews_post_split":{"post_split":[{"template":"1","tag":"h2","numbering":"asc","mode":"normal","first":"0","enable_toc":"0","toc_type":"normal"}]},"footnotes":""},"categories":[88],"tags":[],"class_list":["post-45778","post","type-post","status-publish","format-standard","has-post-thumbnail","hentry","category-formacion"],"jetpack_featured_media_url":"https:\/\/atecordoba.org\/wp-content\/uploads\/2024\/09\/WhatsApp-Image-2024-09-20-at-10.47.00-AM.jpeg","_links":{"self":[{"href":"https:\/\/atecordoba.org\/index.php?rest_route=\/wp\/v2\/posts\/45778","targetHints":{"allow":["GET"]}}],"collection":[{"href":"https:\/\/atecordoba.org\/index.php?rest_route=\/wp\/v2\/posts"}],"about":[{"href":"https:\/\/atecordoba.org\/index.php?rest_route=\/wp\/v2\/types\/post"}],"author":[{"embeddable":true,"href":"https:\/\/atecordoba.org\/index.php?rest_route=\/wp\/v2\/users\/3"}],"replies":[{"embeddable":true,"href":"https:\/\/atecordoba.org\/index.php?rest_route=%2Fwp%2Fv2%2Fcomments&post=45778"}],"version-history":[{"count":1,"href":"https:\/\/atecordoba.org\/index.php?rest_route=\/wp\/v2\/posts\/45778\/revisions"}],"predecessor-version":[{"id":45780,"href":"https:\/\/atecordoba.org\/index.php?rest_route=\/wp\/v2\/posts\/45778\/revisions\/45780"}],"wp:featuredmedia":[{"embeddable":true,"href":"https:\/\/atecordoba.org\/index.php?rest_route=\/wp\/v2\/media\/45779"}],"wp:attachment":[{"href":"https:\/\/atecordoba.org\/index.php?rest_route=%2Fwp%2Fv2%2Fmedia&parent=45778"}],"wp:term":[{"taxonomy":"category","embeddable":true,"href":"https:\/\/atecordoba.org\/index.php?rest_route=%2Fwp%2Fv2%2Fcategories&post=45778"},{"taxonomy":"post_tag","embeddable":true,"href":"https:\/\/atecordoba.org\/index.php?rest_route=%2Fwp%2Fv2%2Ftags&post=45778"}],"curies":[{"name":"wp","href":"https:\/\/api.w.org\/{rel}","templated":true}]}}