{"id":4577,"date":"2014-10-09T15:17:51","date_gmt":"2014-10-09T18:17:51","guid":{"rendered":"http:\/\/www.atecordoba.org\/?p=4577"},"modified":"2014-10-09T15:17:51","modified_gmt":"2014-10-09T18:17:51","slug":"salio-la-nueva-edicion-de-informate-descargar-e-imprimir","status":"publish","type":"post","link":"https:\/\/atecordoba.org\/?p=4577","title":{"rendered":"\u00a1Sali\u00f3 la nueva edici\u00f3n de InformATE! descargar e imprimir"},"content":{"rendered":"<p><em>Compa\u00f1eros con mucho orgullo les comunicamos una nueva salida de InformATE, la revista de difusi\u00f3n de ATE C\u00f3rdoba.<\/em><\/p>\n<p>&nbsp;<\/p>\n<p><a href=\"http:\/\/www.atecordoba.org\/wp-content\/uploads\/2014\/10\/tapa-informATE-sept-2014-1-e1412876985487.jpg\"><img loading=\"lazy\" decoding=\"async\" class=\"aligncenter size-full wp-image-4580\" src=\"http:\/\/www.atecordoba.org\/wp-content\/uploads\/2014\/10\/tapa-informATE-sept-2014-1-e1412876985487.jpg\" alt=\"tapa-informATE-sept-2014-1\" width=\"454\" height=\"600\" \/><\/a><\/p>\n<p>Haciendo clik\u00a0<a href=\"http:\/\/www.atecordoba.org\/wp-content\/uploads\/2014\/10\/aqui.pdf\">aqui<\/a>\u00a0se puede descargar la edici\u00f3n completa de la revista de forma gratuita.<\/p>\n<p>Esta nueva publicaci\u00f3n de InformATE contiene:<\/p>\n<ul>\n<li>La tradicional editorial de nuestra secretaria General, Mar\u00eda Teresa Romero, dando un panorama pol\u00edtico-gremial de las actividades que desarrollo nuestra ATE desde comienzos de a\u00f1o.<\/li>\n<li>Un detallado informe sobre los avances logrados por ATE en Fabricaciones Militares.<\/li>\n<li>La participaci\u00f3n de los no docentes de ATE en las elecciones de consiliarios de la UNC y la apertura de otro sector para la representaci\u00f3n con la elecci\u00f3n de delegados en DASPU.<\/li>\n<li>La situaci\u00f3n que atraviesan los Trabajadores Civiles de las FF.AA. respecto a la discusi\u00f3n del convenio colectivo de trabajo.<\/li>\n<li>Una cr\u00f3nica con la campa\u00f1a que desarroll\u00f3 nuestro gremio en la provincia para recabar firmar por le 82% m\u00f3vil para los jubilados, apoyando el proyecto de ley del diputado nacional V\u00edctor de Gennaro y un detalle sobre la situaci\u00f3n de la Caja de Jubilaciones de la Provincia.<\/li>\n<li>Un resumen de la actualidad de los Provinciales, tras el reconocimiento oficial del gobierno provincial de la personer\u00eda y el \u00e1mbito de representaci\u00f3n de ATE en C\u00f3rdoba.<\/li>\n<li>Un informe sobre el fallo de la Corte Suprema de Justicia que orden\u00f3 al gobierno delasotista a aplicar los descuentos por recibo de la cuota sindical.<\/li>\n<li>El conflicto en el PAMI<\/li>\n<li>La reinauguraci\u00f3n de la sede de la seccional de R\u00edo Tercero<\/li>\n<li>la movilizaci\u00f3n de la Anses de Villa Mar\u00eda de la mano de los compa\u00f1eros de dicha seccional.<\/li>\n<li>El trabajo de la seccional R\u00edo Cuarto en el sector municipal.<\/li>\n<li>El informe sobre el Congreso Anual ordinario y extraordinario de ATE realizado en Villa Mar\u00eda en mayo pasado, donde se aprob\u00f3 memoria y balance de lo actuado en 2013.<\/li>\n<li>La apertura de los departamentos de G\u00e9nero y de Salud.<\/li>\n<li>Las actividades realizadas por la Secretar\u00eda de Formaci\u00f3n.<\/li>\n<li>La presentaci\u00f3n del equipo jur\u00eddico de ATE ante el Tribunal Superior de justicia sobre la inconstitucionalidad de la ley provincial que estableci\u00f3 el unicato en la representaci\u00f3n de los trabajadores de un gremio oficialista en la Legislatura.<\/li>\n<li>La asunci\u00f3n de las autoridades de la CTA.<\/li>\n<li>El conflicto en el INTI.<\/li>\n<li>La inauguraci\u00f3n de nuestro local de ATE en Unquillo.<\/li>\n<li>El avance de las obras de remodelaci\u00f3n y construcci\u00f3n de un nuevo edificio en la sede del Consejo Directivo Provincial con una linda galer\u00eda de fotos.<\/li>\n<\/ul>\n<p>As\u00ed que, compa\u00f1eros, a disfrutar y difundir<\/p>\n","protected":false},"excerpt":{"rendered":"<p>Compa\u00f1eros con mucho orgullo les comunicamos una nueva salida de InformATE, la revista de difusi\u00f3n de ATE C\u00f3rdoba. &nbsp; Haciendo clik\u00a0aqui\u00a0se puede descargar la edici\u00f3n completa de la revista de forma gratuita. Esta nueva publicaci\u00f3n de InformATE contiene: La tradicional editorial de nuestra secretaria General, Mar\u00eda Teresa Romero, dando un panorama pol\u00edtico-gremial de las actividades [&hellip;]<\/p>\n","protected":false},"author":1,"featured_media":19220,"comment_status":"open","ping_status":"open","sticky":false,"template":"","format":"standard","meta":{"_exactmetrics_skip_tracking":false,"_exactmetrics_sitenote_active":false,"_exactmetrics_sitenote_note":"","_exactmetrics_sitenote_category":0,"jnews-multi-image_gallery":[],"jnews_single_post":[],"jnews_primary_category":[],"jnews_social_meta":[],"jnews_review":[],"enable_review":"","type":"","name":"","summary":"","brand":"","sku":"","good":[],"bad":[],"score_override":"","override_value":"","rating":[],"price":[],"jnews_override_counter":[],"jnews_post_split":[],"footnotes":""},"categories":[1],"tags":[],"class_list":["post-4577","post","type-post","status-publish","format-standard","has-post-thumbnail","hentry","category-sin-categoria"],"jetpack_featured_media_url":"https:\/\/atecordoba.org\/wp-content\/uploads\/2020\/05\/logo-nuevochico-e1561581322808.png","_links":{"self":[{"href":"https:\/\/atecordoba.org\/index.php?rest_route=\/wp\/v2\/posts\/4577","targetHints":{"allow":["GET"]}}],"collection":[{"href":"https:\/\/atecordoba.org\/index.php?rest_route=\/wp\/v2\/posts"}],"about":[{"href":"https:\/\/atecordoba.org\/index.php?rest_route=\/wp\/v2\/types\/post"}],"author":[{"embeddable":true,"href":"https:\/\/atecordoba.org\/index.php?rest_route=\/wp\/v2\/users\/1"}],"replies":[{"embeddable":true,"href":"https:\/\/atecordoba.org\/index.php?rest_route=%2Fwp%2Fv2%2Fcomments&post=4577"}],"version-history":[{"count":0,"href":"https:\/\/atecordoba.org\/index.php?rest_route=\/wp\/v2\/posts\/4577\/revisions"}],"wp:featuredmedia":[{"embeddable":true,"href":"https:\/\/atecordoba.org\/index.php?rest_route=\/wp\/v2\/media\/19220"}],"wp:attachment":[{"href":"https:\/\/atecordoba.org\/index.php?rest_route=%2Fwp%2Fv2%2Fmedia&parent=4577"}],"wp:term":[{"taxonomy":"category","embeddable":true,"href":"https:\/\/atecordoba.org\/index.php?rest_route=%2Fwp%2Fv2%2Fcategories&post=4577"},{"taxonomy":"post_tag","embeddable":true,"href":"https:\/\/atecordoba.org\/index.php?rest_route=%2Fwp%2Fv2%2Ftags&post=4577"}],"curies":[{"name":"wp","href":"https:\/\/api.w.org\/{rel}","templated":true}]}}