{"id":45767,"date":"2024-09-20T10:50:00","date_gmt":"2024-09-20T13:50:00","guid":{"rendered":"https:\/\/atecordoba.org\/?p=45767"},"modified":"2024-09-20T10:50:00","modified_gmt":"2024-09-20T13:50:00","slug":"hacia-el-encuentro-de-trabajadoras-y-trabajadores-municipales-de-la-region-centro","status":"publish","type":"post","link":"https:\/\/atecordoba.org\/?p=45767","title":{"rendered":"Hacia el encuentro de Trabajadoras y Trabajadores Municipales de la Regi\u00f3n Centro"},"content":{"rendered":"<p><a href=\"https:\/\/atecordoba.org\/wp-content\/uploads\/2024\/09\/1-3.jpg\"><img loading=\"lazy\" decoding=\"async\" class=\"alignnone wp-image-45775 size-full\" src=\"https:\/\/atecordoba.org\/wp-content\/uploads\/2024\/09\/1-3.jpg\" alt=\"\" width=\"1098\" height=\"575\" srcset=\"https:\/\/atecordoba.org\/wp-content\/uploads\/2024\/09\/1-3.jpg 1098w, https:\/\/atecordoba.org\/wp-content\/uploads\/2024\/09\/1-3-300x157.jpg 300w, https:\/\/atecordoba.org\/wp-content\/uploads\/2024\/09\/1-3-1024x536.jpg 1024w, https:\/\/atecordoba.org\/wp-content\/uploads\/2024\/09\/1-3-768x402.jpg 768w, https:\/\/atecordoba.org\/wp-content\/uploads\/2024\/09\/1-3-750x393.jpg 750w\" sizes=\"auto, (max-width: 1098px) 100vw, 1098px\" \/><\/a><\/p>\n<p>Desde ATE C\u00f3rdoba, informamos que nuestro Secretario General, Federico Giuliani, particip\u00f3 ayer en Paran\u00e1, junto a las y los compa\u00f1eros de ATE Entre R\u00edos, del Plenario Provincial de Delegados y Delegadas Municipales, por invitaci\u00f3n del Secretario General de ATE Entre R\u00edos, Oscar Muntes.<\/p>\n<p><a href=\"https:\/\/atecordoba.org\/wp-content\/uploads\/2024\/09\/WhatsApp-Image-2024-09-20-at-10.46.37-AM.jpeg\"><img loading=\"lazy\" decoding=\"async\" class=\"alignleft wp-image-45772 size-medium\" src=\"https:\/\/atecordoba.org\/wp-content\/uploads\/2024\/09\/WhatsApp-Image-2024-09-20-at-10.46.37-AM-300x169.jpeg\" alt=\"\" width=\"300\" height=\"169\" srcset=\"https:\/\/atecordoba.org\/wp-content\/uploads\/2024\/09\/WhatsApp-Image-2024-09-20-at-10.46.37-AM-300x169.jpeg 300w, https:\/\/atecordoba.org\/wp-content\/uploads\/2024\/09\/WhatsApp-Image-2024-09-20-at-10.46.37-AM-1024x576.jpeg 1024w, https:\/\/atecordoba.org\/wp-content\/uploads\/2024\/09\/WhatsApp-Image-2024-09-20-at-10.46.37-AM-768x432.jpeg 768w, https:\/\/atecordoba.org\/wp-content\/uploads\/2024\/09\/WhatsApp-Image-2024-09-20-at-10.46.37-AM-750x422.jpeg 750w, https:\/\/atecordoba.org\/wp-content\/uploads\/2024\/09\/WhatsApp-Image-2024-09-20-at-10.46.37-AM-1140x641.jpeg 1140w, https:\/\/atecordoba.org\/wp-content\/uploads\/2024\/09\/WhatsApp-Image-2024-09-20-at-10.46.37-AM.jpeg 1280w\" sizes=\"auto, (max-width: 300px) 100vw, 300px\" \/><\/a>&#8220;Estamos caminando hacia la construcci\u00f3n de un Encuentro de la Regi\u00f3n Centro (C\u00f3rdoba, Entre R\u00edos y Santa Fe) con el objetivo de fortalecer la organizaci\u00f3n del sector m\u00e1s castigado del empleo p\u00fablico: las trabajadoras y trabajadores municipales&#8221;, destac\u00f3 Giuliani. En esta instancia, estuvieron presentes tambi\u00e9n Javier Bracamonte, Secretario de Organizaci\u00f3n del CDP ATE C\u00f3rdoba, y Ricardo Reyna, Secretario de Finanzas.<\/p>\n<p><strong>Unidad y organizaci\u00f3n contra el ajuste<\/strong><\/p>\n<p><a href=\"https:\/\/atecordoba.org\/wp-content\/uploads\/2024\/09\/WhatsApp-Image-2024-09-20-at-10.46.38-AM.jpeg\"><img loading=\"lazy\" decoding=\"async\" class=\"size-medium wp-image-45769 alignleft\" src=\"https:\/\/atecordoba.org\/wp-content\/uploads\/2024\/09\/WhatsApp-Image-2024-09-20-at-10.46.38-AM-300x169.jpeg\" alt=\"\" width=\"300\" height=\"169\" srcset=\"https:\/\/atecordoba.org\/wp-content\/uploads\/2024\/09\/WhatsApp-Image-2024-09-20-at-10.46.38-AM-300x169.jpeg 300w, https:\/\/atecordoba.org\/wp-content\/uploads\/2024\/09\/WhatsApp-Image-2024-09-20-at-10.46.38-AM-1024x576.jpeg 1024w, https:\/\/atecordoba.org\/wp-content\/uploads\/2024\/09\/WhatsApp-Image-2024-09-20-at-10.46.38-AM-768x432.jpeg 768w, https:\/\/atecordoba.org\/wp-content\/uploads\/2024\/09\/WhatsApp-Image-2024-09-20-at-10.46.38-AM-750x422.jpeg 750w, https:\/\/atecordoba.org\/wp-content\/uploads\/2024\/09\/WhatsApp-Image-2024-09-20-at-10.46.38-AM-1140x641.jpeg 1140w, https:\/\/atecordoba.org\/wp-content\/uploads\/2024\/09\/WhatsApp-Image-2024-09-20-at-10.46.38-AM.jpeg 1280w\" sizes=\"auto, (max-width: 300px) 100vw, 300px\" \/><\/a>Durante el plenario, Giuliani resalt\u00f3 la importancia de parar, reflexionar y debatir para luego actuar de manera conjunta frente a las pol\u00edticas de ajuste que se aplican sobre el pueblo trabajador. &#8220;Los gobernadores de la Regi\u00f3n Centro, independientemente de sus colores pol\u00edticos, se unen para planificar el ajuste sobre los trabajadores, y los primeros que sufren estas pol\u00edticas son los estatales, tanto municipales, provinciales como nacionales&#8221;, afirm\u00f3 nuestro Secretario General.<\/p>\n<p>Desde ATE C\u00f3rdoba, insistimos en la necesidad de organizarnos para revertir esta situaci\u00f3n: &#8220;No podemos conformarnos con trabajar para sobrevivir, debemos pelear por condiciones laborales dignas. ATE tiene que ser una alternativa de lucha y organizaci\u00f3n para las trabajadoras y trabajadores municipales&#8221;, sostuvo Giuliani.<\/p>\n<p><strong>Pr\u00f3ximo Encuentro Regional en C\u00f3rdoba<\/strong><\/p>\n<p><a href=\"https:\/\/atecordoba.org\/wp-content\/uploads\/2024\/09\/2-8-300x157-1.jpg\"><img loading=\"lazy\" decoding=\"async\" class=\"alignnone size-full wp-image-45774\" src=\"https:\/\/atecordoba.org\/wp-content\/uploads\/2024\/09\/2-8-300x157-1.jpg\" alt=\"\" width=\"300\" height=\"157\" \/><\/a> <a href=\"https:\/\/atecordoba.org\/wp-content\/uploads\/2024\/09\/460486936_10161725785104805_1606131722646618243_n-300x157-1.jpg\"><img loading=\"lazy\" decoding=\"async\" class=\"alignnone size-full wp-image-45773\" src=\"https:\/\/atecordoba.org\/wp-content\/uploads\/2024\/09\/460486936_10161725785104805_1606131722646618243_n-300x157-1.jpg\" alt=\"\" width=\"300\" height=\"157\" \/><\/a> <a href=\"https:\/\/atecordoba.org\/wp-content\/uploads\/2024\/09\/WhatsApp-Image-2024-09-20-at-10.46.37-AM-2.jpeg\"><img loading=\"lazy\" decoding=\"async\" class=\"alignnone size-medium wp-image-45770\" src=\"https:\/\/atecordoba.org\/wp-content\/uploads\/2024\/09\/WhatsApp-Image-2024-09-20-at-10.46.37-AM-2-300x169.jpeg\" alt=\"\" width=\"300\" height=\"169\" srcset=\"https:\/\/atecordoba.org\/wp-content\/uploads\/2024\/09\/WhatsApp-Image-2024-09-20-at-10.46.37-AM-2-300x169.jpeg 300w, https:\/\/atecordoba.org\/wp-content\/uploads\/2024\/09\/WhatsApp-Image-2024-09-20-at-10.46.37-AM-2-1024x576.jpeg 1024w, https:\/\/atecordoba.org\/wp-content\/uploads\/2024\/09\/WhatsApp-Image-2024-09-20-at-10.46.37-AM-2-768x432.jpeg 768w, https:\/\/atecordoba.org\/wp-content\/uploads\/2024\/09\/WhatsApp-Image-2024-09-20-at-10.46.37-AM-2-750x422.jpeg 750w, https:\/\/atecordoba.org\/wp-content\/uploads\/2024\/09\/WhatsApp-Image-2024-09-20-at-10.46.37-AM-2-1140x641.jpeg 1140w, https:\/\/atecordoba.org\/wp-content\/uploads\/2024\/09\/WhatsApp-Image-2024-09-20-at-10.46.37-AM-2.jpeg 1280w\" sizes=\"auto, (max-width: 300px) 100vw, 300px\" \/><\/a><a href=\"https:\/\/atecordoba.org\/wp-content\/uploads\/2024\/09\/WhatsApp-Image-2024-09-20-at-10.46.37-AM-1.jpeg\"><img loading=\"lazy\" decoding=\"async\" class=\"alignnone size-medium wp-image-45771\" src=\"https:\/\/atecordoba.org\/wp-content\/uploads\/2024\/09\/WhatsApp-Image-2024-09-20-at-10.46.37-AM-1-300x169.jpeg\" alt=\"\" width=\"300\" height=\"169\" srcset=\"https:\/\/atecordoba.org\/wp-content\/uploads\/2024\/09\/WhatsApp-Image-2024-09-20-at-10.46.37-AM-1-300x169.jpeg 300w, https:\/\/atecordoba.org\/wp-content\/uploads\/2024\/09\/WhatsApp-Image-2024-09-20-at-10.46.37-AM-1-1024x576.jpeg 1024w, https:\/\/atecordoba.org\/wp-content\/uploads\/2024\/09\/WhatsApp-Image-2024-09-20-at-10.46.37-AM-1-768x432.jpeg 768w, https:\/\/atecordoba.org\/wp-content\/uploads\/2024\/09\/WhatsApp-Image-2024-09-20-at-10.46.37-AM-1-750x422.jpeg 750w, https:\/\/atecordoba.org\/wp-content\/uploads\/2024\/09\/WhatsApp-Image-2024-09-20-at-10.46.37-AM-1-1140x641.jpeg 1140w, https:\/\/atecordoba.org\/wp-content\/uploads\/2024\/09\/WhatsApp-Image-2024-09-20-at-10.46.37-AM-1.jpeg 1280w\" sizes=\"auto, (max-width: 300px) 100vw, 300px\" \/><\/a><\/p>\n<p>ATE C\u00f3rdoba est\u00e1 planificando un plenario de trabajadoras y trabajadores municipales en nuestra provincia, al que invitaremos a Oscar Muntes y compa\u00f1eras y compa\u00f1eros de Santa Fe y Entre R\u00edos. Este ser\u00e1 un paso m\u00e1s hacia el Encuentro Regional que tendr\u00e1 lugar en noviembre, donde debatiremos y planificaremos acciones conjuntas para defender los derechos de las y los municipales.<\/p>\n<p>En este espacio, se abordar\u00e1n temas fundamentales como la lucha por salarios dignos, la precarizaci\u00f3n laboral, y la necesidad de avanzar hacia un convenio colectivo que garantice derechos y condiciones justas. &#8220;Las trabajadoras y trabajadores municipales son quienes est\u00e1n en contacto directo con la ciudadan\u00eda, y aun as\u00ed son quienes reciben los salarios m\u00e1s bajos y sufren las peores condiciones laborales. Es hora de que esa realidad cambie&#8221;, subray\u00f3 Giuliani.<\/p>\n<p><strong>Rumbo a un Encuentro Nacional de Delegados Municipales<\/strong><\/p>\n<p>Finalmente, desde ATE C\u00f3rdoba reafirmamos nuestro compromiso de convocar un Encuentro Nacional de Delegados Municipales, para unificar la lucha de las trabajadoras y trabajadores municipales de todo el pa\u00eds. &#8220;Nuestro objetivo es que las y los municipales encuentren en ATE una herramienta para organizarse y defender sus derechos, desde la base y con unidad&#8221;, concluy\u00f3 nuestro Secretario General.<\/p>\n","protected":false},"excerpt":{"rendered":"<p>Desde ATE C\u00f3rdoba, informamos que nuestro Secretario General, Federico Giuliani, particip\u00f3 ayer en Paran\u00e1, junto a las y los compa\u00f1eros de ATE Entre R\u00edos, del Plenario Provincial de Delegados y Delegadas Municipales, por invitaci\u00f3n del Secretario General de ATE Entre R\u00edos, Oscar Muntes. &#8220;Estamos caminando hacia la construcci\u00f3n de un Encuentro de la Regi\u00f3n Centro [&hellip;]<\/p>\n","protected":false},"author":3,"featured_media":45775,"comment_status":"open","ping_status":"open","sticky":false,"template":"","format":"standard","meta":{"_exactmetrics_skip_tracking":false,"_exactmetrics_sitenote_active":false,"_exactmetrics_sitenote_note":"","_exactmetrics_sitenote_category":0,"jnews-multi-image_gallery":[],"jnews_single_post":{"format":"standard","override":[{"template":"1","parallax":"1","fullscreen":"1","layout":"no-sidebar-narrow","sidebar":"default-sidebar","second_sidebar":"default-sidebar","sticky_sidebar":"1","share_position":"bottom","share_float_style":"share-monocrhome","show_share_counter":"1","show_view_counter":"1","show_post_meta":"1","show_post_author_image":"1","show_post_date":"1","post_date_format":"default","post_date_format_custom":"Y\/m\/d","show_post_category":"1","show_post_reading_time":"0","post_reading_time_wpm":"300","post_calculate_word_method":"str_word_count","show_zoom_button":"0","zoom_button_out_step":"2","zoom_button_in_step":"3","show_post_tag":"1","number_popup_post":"1","show_post_related":"1","show_inline_post_related":"0"}],"image_override":[{"single_post_thumbnail_size":"crop-500","single_post_gallery_size":"crop-500"}],"trending_post_position":"meta","trending_post_label":"Trending","sponsored_post_label":"Sponsored by","disable_ad":"0"},"jnews_primary_category":[],"jnews_social_meta":[],"jnews_review":[],"enable_review":"","type":"percentage","name":"","summary":"","brand":"","sku":"","good":[],"bad":[],"score_override":"","override_value":"","rating":[],"price":[],"jnews_override_counter":{"view_counter_number":"0","share_counter_number":"0","like_counter_number":"0","dislike_counter_number":"0"},"jnews_post_split":{"post_split":[{"template":"1","tag":"h2","numbering":"asc","mode":"normal","first":"0","enable_toc":"0","toc_type":"normal"}]},"footnotes":""},"categories":[20],"tags":[],"class_list":["post-45767","post","type-post","status-publish","format-standard","has-post-thumbnail","hentry","category-municipales"],"jetpack_featured_media_url":"https:\/\/atecordoba.org\/wp-content\/uploads\/2024\/09\/1-3.jpg","_links":{"self":[{"href":"https:\/\/atecordoba.org\/index.php?rest_route=\/wp\/v2\/posts\/45767","targetHints":{"allow":["GET"]}}],"collection":[{"href":"https:\/\/atecordoba.org\/index.php?rest_route=\/wp\/v2\/posts"}],"about":[{"href":"https:\/\/atecordoba.org\/index.php?rest_route=\/wp\/v2\/types\/post"}],"author":[{"embeddable":true,"href":"https:\/\/atecordoba.org\/index.php?rest_route=\/wp\/v2\/users\/3"}],"replies":[{"embeddable":true,"href":"https:\/\/atecordoba.org\/index.php?rest_route=%2Fwp%2Fv2%2Fcomments&post=45767"}],"version-history":[{"count":1,"href":"https:\/\/atecordoba.org\/index.php?rest_route=\/wp\/v2\/posts\/45767\/revisions"}],"predecessor-version":[{"id":45777,"href":"https:\/\/atecordoba.org\/index.php?rest_route=\/wp\/v2\/posts\/45767\/revisions\/45777"}],"wp:featuredmedia":[{"embeddable":true,"href":"https:\/\/atecordoba.org\/index.php?rest_route=\/wp\/v2\/media\/45775"}],"wp:attachment":[{"href":"https:\/\/atecordoba.org\/index.php?rest_route=%2Fwp%2Fv2%2Fmedia&parent=45767"}],"wp:term":[{"taxonomy":"category","embeddable":true,"href":"https:\/\/atecordoba.org\/index.php?rest_route=%2Fwp%2Fv2%2Fcategories&post=45767"},{"taxonomy":"post_tag","embeddable":true,"href":"https:\/\/atecordoba.org\/index.php?rest_route=%2Fwp%2Fv2%2Ftags&post=45767"}],"curies":[{"name":"wp","href":"https:\/\/api.w.org\/{rel}","templated":true}]}}