{"id":45762,"date":"2024-09-20T09:23:48","date_gmt":"2024-09-20T12:23:48","guid":{"rendered":"https:\/\/atecordoba.org\/?p=45762"},"modified":"2024-09-20T09:24:49","modified_gmt":"2024-09-20T12:24:49","slug":"ate-cordoba-logra-que-la-legislatura-manifieste-su-preocupacion-ante-la-conversion-de-empresas-del-estado-en-sociedades-anonimas","status":"publish","type":"post","link":"https:\/\/atecordoba.org\/?p=45762","title":{"rendered":"ATE C\u00f3rdoba logra que la Legislatura manifieste su preocupaci\u00f3n ante la conversi\u00f3n de empresas del Estado en Sociedades An\u00f3nimas"},"content":{"rendered":"<p><a href=\"https:\/\/atecordoba.org\/wp-content\/uploads\/2024\/09\/WhatsApp-Image-2024-09-03-at-15.01.12-scaled.jpeg\"><img loading=\"lazy\" decoding=\"async\" class=\"alignnone wp-image-45434 size-full\" src=\"https:\/\/atecordoba.org\/wp-content\/uploads\/2024\/09\/WhatsApp-Image-2024-09-03-at-15.01.12-scaled.jpeg\" alt=\"\" width=\"2560\" height=\"1445\" srcset=\"https:\/\/atecordoba.org\/wp-content\/uploads\/2024\/09\/WhatsApp-Image-2024-09-03-at-15.01.12-scaled.jpeg 2560w, https:\/\/atecordoba.org\/wp-content\/uploads\/2024\/09\/WhatsApp-Image-2024-09-03-at-15.01.12-300x169.jpeg 300w, https:\/\/atecordoba.org\/wp-content\/uploads\/2024\/09\/WhatsApp-Image-2024-09-03-at-15.01.12-1024x578.jpeg 1024w, https:\/\/atecordoba.org\/wp-content\/uploads\/2024\/09\/WhatsApp-Image-2024-09-03-at-15.01.12-768x434.jpeg 768w, https:\/\/atecordoba.org\/wp-content\/uploads\/2024\/09\/WhatsApp-Image-2024-09-03-at-15.01.12-1536x867.jpeg 1536w, https:\/\/atecordoba.org\/wp-content\/uploads\/2024\/09\/WhatsApp-Image-2024-09-03-at-15.01.12-2048x1156.jpeg 2048w, https:\/\/atecordoba.org\/wp-content\/uploads\/2024\/09\/WhatsApp-Image-2024-09-03-at-15.01.12-750x423.jpeg 750w, https:\/\/atecordoba.org\/wp-content\/uploads\/2024\/09\/WhatsApp-Image-2024-09-03-at-15.01.12-1140x644.jpeg 1140w\" sizes=\"auto, (max-width: 2560px) 100vw, 2560px\" \/><\/a><\/p>\n<p>Luego de las intensas gestiones y reuniones mantenidas por ATE C\u00f3rdoba con las y los legisladores provinciales, finalmente el 18 de septiembre de 2024, la Legislatura de C\u00f3rdoba emiti\u00f3 una declaraci\u00f3n oficial manifestando su preocupaci\u00f3n ante el avance en la conversi\u00f3n de empresas del Estado en sociedades an\u00f3nimas.<\/p>\n<p>La medida, impulsada por el Gobierno Nacional, afecta particularmente a \u00e1reas productivas estrat\u00e9gicas, muchas de las cuales tienen sede o dependencias en nuestra provincia. La declaraci\u00f3n prioriza la <strong>defensa de las fuentes laborales<\/strong>, el <strong>valor hist\u00f3rico<\/strong> de estas empresas, y su importante <strong>rol en la econom\u00eda local.<\/strong><\/p>\n<p>Desde ATE C\u00f3rdoba celebramos este paso, que tambi\u00e9n incluye un <strong>pedido de precisiones<\/strong> al Gobierno Nacional respecto a su plan privatizador, solicitando mayor claridad y transparencia en sus intenciones. Esto representa una victoria parcial en la lucha que llevamos adelante para <strong>frenar la privatizaci\u00f3n y garantizar los derechos laborales<\/strong>\u00a0de los trabajadores y trabajadoras de estas empresas, que son fundamentales para el desarrollo productivo de la provincia y del pa\u00eds.<\/p>\n<p><strong>Mir\u00e1 la declaraci\u00f3n completa ac\u00e1:\u00a0<\/strong><\/p>\n<a href=\"https:\/\/atecordoba.org\/wp-content\/uploads\/2024\/09\/D-28599-P-40448-40453.pdf\" class=\"pdfemb-viewer\" style=\"\" data-width=\"max\" data-height=\"max\" data-toolbar=\"bottom\" data-toolbar-fixed=\"off\">D-28599 - P-40448-40453<\/a>\n<p><em><strong>Seguiremos trabajando codo a codo con las y los legisladores como tambi\u00e9n con otras organizaciones para defender las empresas p\u00fablicas, su rol estrat\u00e9gico y la soberan\u00eda nacional.<\/strong><\/em><\/p>\n<p>&nbsp;<\/p>\n","protected":false},"excerpt":{"rendered":"<p>Luego de las intensas gestiones y reuniones mantenidas por ATE C\u00f3rdoba con las y los legisladores provinciales, finalmente el 18 de septiembre de 2024, la Legislatura de C\u00f3rdoba emiti\u00f3 una declaraci\u00f3n oficial manifestando su preocupaci\u00f3n ante el avance en la conversi\u00f3n de empresas del Estado en sociedades an\u00f3nimas. La medida, impulsada por el Gobierno Nacional, [&hellip;]<\/p>\n","protected":false},"author":3,"featured_media":45434,"comment_status":"open","ping_status":"open","sticky":false,"template":"","format":"standard","meta":{"_exactmetrics_skip_tracking":false,"_exactmetrics_sitenote_active":false,"_exactmetrics_sitenote_note":"","_exactmetrics_sitenote_category":0,"jnews-multi-image_gallery":[],"jnews_single_post":{"format":"standard","override":[{"template":"1","parallax":"1","fullscreen":"1","layout":"no-sidebar-narrow","sidebar":"default-sidebar","second_sidebar":"default-sidebar","sticky_sidebar":"1","share_position":"bottom","share_float_style":"share-monocrhome","show_share_counter":"1","show_view_counter":"1","show_post_meta":"1","show_post_author_image":"1","show_post_date":"1","post_date_format":"default","post_date_format_custom":"Y\/m\/d","show_post_category":"1","show_post_reading_time":"0","post_reading_time_wpm":"300","post_calculate_word_method":"str_word_count","show_zoom_button":"0","zoom_button_out_step":"2","zoom_button_in_step":"3","show_post_tag":"1","number_popup_post":"1","show_post_related":"1","show_inline_post_related":"0"}],"image_override":[{"single_post_thumbnail_size":"crop-500","single_post_gallery_size":"crop-500"}],"trending_post_position":"meta","trending_post_label":"Trending","sponsored_post_label":"Sponsored by","disable_ad":"0"},"jnews_primary_category":[],"jnews_social_meta":[],"jnews_review":[],"enable_review":"","type":"percentage","name":"","summary":"","brand":"","sku":"","good":[],"bad":[],"score_override":"","override_value":"","rating":[],"price":[],"jnews_override_counter":{"view_counter_number":"0","share_counter_number":"0","like_counter_number":"0","dislike_counter_number":"0"},"jnews_post_split":{"post_split":[{"template":"1","tag":"h2","numbering":"asc","mode":"normal","first":"0","enable_toc":"0","toc_type":"normal"}]},"footnotes":""},"categories":[10],"tags":[],"class_list":["post-45762","post","type-post","status-publish","format-standard","has-post-thumbnail","hentry","category-accion-politica"],"jetpack_featured_media_url":"https:\/\/atecordoba.org\/wp-content\/uploads\/2024\/09\/WhatsApp-Image-2024-09-03-at-15.01.12-scaled.jpeg","_links":{"self":[{"href":"https:\/\/atecordoba.org\/index.php?rest_route=\/wp\/v2\/posts\/45762","targetHints":{"allow":["GET"]}}],"collection":[{"href":"https:\/\/atecordoba.org\/index.php?rest_route=\/wp\/v2\/posts"}],"about":[{"href":"https:\/\/atecordoba.org\/index.php?rest_route=\/wp\/v2\/types\/post"}],"author":[{"embeddable":true,"href":"https:\/\/atecordoba.org\/index.php?rest_route=\/wp\/v2\/users\/3"}],"replies":[{"embeddable":true,"href":"https:\/\/atecordoba.org\/index.php?rest_route=%2Fwp%2Fv2%2Fcomments&post=45762"}],"version-history":[{"count":2,"href":"https:\/\/atecordoba.org\/index.php?rest_route=\/wp\/v2\/posts\/45762\/revisions"}],"predecessor-version":[{"id":45766,"href":"https:\/\/atecordoba.org\/index.php?rest_route=\/wp\/v2\/posts\/45762\/revisions\/45766"}],"wp:featuredmedia":[{"embeddable":true,"href":"https:\/\/atecordoba.org\/index.php?rest_route=\/wp\/v2\/media\/45434"}],"wp:attachment":[{"href":"https:\/\/atecordoba.org\/index.php?rest_route=%2Fwp%2Fv2%2Fmedia&parent=45762"}],"wp:term":[{"taxonomy":"category","embeddable":true,"href":"https:\/\/atecordoba.org\/index.php?rest_route=%2Fwp%2Fv2%2Fcategories&post=45762"},{"taxonomy":"post_tag","embeddable":true,"href":"https:\/\/atecordoba.org\/index.php?rest_route=%2Fwp%2Fv2%2Ftags&post=45762"}],"curies":[{"name":"wp","href":"https:\/\/api.w.org\/{rel}","templated":true}]}}