{"id":45754,"date":"2024-09-19T09:20:50","date_gmt":"2024-09-19T12:20:50","guid":{"rendered":"https:\/\/atecordoba.org\/?p=45754"},"modified":"2024-09-19T09:20:50","modified_gmt":"2024-09-19T12:20:50","slug":"jubilados-de-punilla-en-movimiento","status":"publish","type":"post","link":"https:\/\/atecordoba.org\/?p=45754","title":{"rendered":"Jubilados de Punilla \u201cen Movimiento\u201d"},"content":{"rendered":"<p><a href=\"https:\/\/atecordoba.org\/wp-content\/uploads\/2024\/09\/IMG-20240918-WA0045-1536x1152-1.jpg\"><img loading=\"lazy\" decoding=\"async\" class=\"alignnone wp-image-45755 size-full\" src=\"https:\/\/atecordoba.org\/wp-content\/uploads\/2024\/09\/IMG-20240918-WA0045-1536x1152-1.jpg\" alt=\"\" width=\"1536\" height=\"1152\" srcset=\"https:\/\/atecordoba.org\/wp-content\/uploads\/2024\/09\/IMG-20240918-WA0045-1536x1152-1.jpg 1536w, https:\/\/atecordoba.org\/wp-content\/uploads\/2024\/09\/IMG-20240918-WA0045-1536x1152-1-300x225.jpg 300w, https:\/\/atecordoba.org\/wp-content\/uploads\/2024\/09\/IMG-20240918-WA0045-1536x1152-1-1024x768.jpg 1024w, https:\/\/atecordoba.org\/wp-content\/uploads\/2024\/09\/IMG-20240918-WA0045-1536x1152-1-768x576.jpg 768w, https:\/\/atecordoba.org\/wp-content\/uploads\/2024\/09\/IMG-20240918-WA0045-1536x1152-1-750x563.jpg 750w, https:\/\/atecordoba.org\/wp-content\/uploads\/2024\/09\/IMG-20240918-WA0045-1536x1152-1-1140x855.jpg 1140w\" sizes=\"auto, (max-width: 1536px) 100vw, 1536px\" \/><\/a><\/p>\n<p>Con la confluencia de \u201cJubilados en Movimiento\u201d, espacio surgido al calor del Foro Solidario C\u00f3rdoba -activo integrante de la CTA Aut\u00f3noma- se prepara en La Falda la convocatoria de Jubilados en su d\u00eda este viernes 20 de septiembre a las 11 horas frente a las oficinas del PAMI en dicha ciudad.<\/p>\n<p>La CTA-A Punilla -a trav\u00e9s de su Secretario General, Juan Yacobs, y de otros compa\u00f1eros y compa\u00f1eras del Consejo Ejecutivo Regional de la Central- viene acompa\u00f1ando las distintas convocatorias que se realizan en la regi\u00f3n los d\u00edas mi\u00e9rcoles en Villa Carlos Paz.donde se re\u00fanen los \u201cJubilados en Movimiento\u201d que ya han realizado 25\u00b0 marchas de la dignidad por las calles de esa ciudad tur\u00edstica con la presencia de destacados dirigentes como Alberto Fonseca, Edgardo Anglada,\u00a0 Gustavo Wurth o Eduardo Ahamendaburu. Y otros dirigentes que ya son parte de la historia del movimiento obrero de C\u00f3rdoba.<\/p>\n<p><a href=\"https:\/\/atecordoba.org\/wp-content\/uploads\/2024\/09\/WhatsApp-Image-2024-09-04-at-1.42.16-PM-300x225-1.jpeg\"><img loading=\"lazy\" decoding=\"async\" class=\"alignnone size-full wp-image-45756\" src=\"https:\/\/atecordoba.org\/wp-content\/uploads\/2024\/09\/WhatsApp-Image-2024-09-04-at-1.42.16-PM-300x225-1.jpeg\" alt=\"\" width=\"300\" height=\"225\" \/><\/a> <a href=\"https:\/\/atecordoba.org\/wp-content\/uploads\/2024\/09\/WhatsApp-Image-2024-09-11-at-3.13.07-PM-300x225-1.jpeg\"><img loading=\"lazy\" decoding=\"async\" class=\"alignnone size-medium wp-image-45757\" src=\"https:\/\/atecordoba.org\/wp-content\/uploads\/2024\/09\/WhatsApp-Image-2024-09-11-at-3.13.07-PM-300x225-1.jpeg\" alt=\"\" width=\"300\" height=\"225\" \/><\/a><\/p>\n<p>En palabras de Edgardo Anglada: \u201cNos est\u00e1n robando la plata del bolsillo son corruptos y tan corruptos como el peor a nivel nacional. Y ac\u00e1 en C\u00f3rdoba, se tom\u00f3 circunstancialmente la Caja de Jubilaciones, inclusive la pasaron de edificio, y ac\u00e1 reclamamos que se le devuelva la caja de jubilaciones de la provincia de C\u00f3rdoba a sus leg\u00edtimos due\u00f1os, los jubilados\u201d.<\/p>\n<p>\u201cTengo que hacer hincapi\u00e9 en esto, y es que quien nos representaba en Punilla cuando sali\u00f3 esa nefasta ley fue la legisladora Mariana Caserio, que vot\u00f3 en contra del pueblo, en contra de lo nacional y popular, espacio al que ella te\u00f3ricamente pertenec\u00eda\u201d.<\/p>\n<p><a href=\"https:\/\/atecordoba.org\/wp-content\/uploads\/2024\/09\/WhatsApp-Image-2024-09-04-at-1.42.15-PM-225x300-1.jpeg\"><img loading=\"lazy\" decoding=\"async\" class=\"alignnone size-full wp-image-45758\" src=\"https:\/\/atecordoba.org\/wp-content\/uploads\/2024\/09\/WhatsApp-Image-2024-09-04-at-1.42.15-PM-225x300-1.jpeg\" alt=\"\" width=\"225\" height=\"300\" \/><\/a><a href=\"https:\/\/atecordoba.org\/wp-content\/uploads\/2024\/09\/WhatsApp-Image-2024-09-17-at-7.40.37-AM-1-201x300-1.jpeg\"><img loading=\"lazy\" decoding=\"async\" class=\"alignnone size-full wp-image-45759\" src=\"https:\/\/atecordoba.org\/wp-content\/uploads\/2024\/09\/WhatsApp-Image-2024-09-17-at-7.40.37-AM-1-201x300-1.jpeg\" alt=\"\" width=\"201\" height=\"300\" \/><\/a><\/p>\n<p>\u201cPor eso en el Foro Solidario C\u00f3rdoba hablamos mucho de esto, de que hay que recordar la historia. Y por eso mismo el Foro Solidario es un faro importante para la sociedad\u201d, finaliz\u00f3.<\/p>\n<p>Las convocatorias de jubilados acompa\u00f1adas por la CTA Aut\u00f3noma Punilla se realizan todos los d\u00edas mi\u00e9rcoles en La Falda y Villa Carlos Paz, pero este viernes la convocatoria \u00fanica ser\u00e1 por el D\u00eda del Jubilado en unidad desde toda la regi\u00f3n del Valle de Punilla.<\/p>\n<p>Fuente: https:\/\/ctaacordoba.org\/jubilados-de-punilla-en-movimiento\/<\/p>\n","protected":false},"excerpt":{"rendered":"<p>Con la confluencia de \u201cJubilados en Movimiento\u201d, espacio surgido al calor del Foro Solidario C\u00f3rdoba -activo integrante de la CTA Aut\u00f3noma- se prepara en La Falda la convocatoria de Jubilados en su d\u00eda este viernes 20 de septiembre a las 11 horas frente a las oficinas del PAMI en dicha ciudad. La CTA-A Punilla -a [&hellip;]<\/p>\n","protected":false},"author":3,"featured_media":45755,"comment_status":"open","ping_status":"open","sticky":false,"template":"","format":"standard","meta":{"_exactmetrics_skip_tracking":false,"_exactmetrics_sitenote_active":false,"_exactmetrics_sitenote_note":"","_exactmetrics_sitenote_category":0,"jnews-multi-image_gallery":[],"jnews_single_post":{"format":"standard","override":[{"template":"1","parallax":"1","fullscreen":"1","layout":"no-sidebar-narrow","sidebar":"default-sidebar","second_sidebar":"default-sidebar","sticky_sidebar":"1","share_position":"bottom","share_float_style":"share-monocrhome","show_share_counter":"1","show_view_counter":"1","show_post_meta":"1","show_post_author_image":"1","show_post_date":"1","post_date_format":"default","post_date_format_custom":"Y\/m\/d","show_post_category":"1","show_post_reading_time":"0","post_reading_time_wpm":"300","post_calculate_word_method":"str_word_count","show_zoom_button":"0","zoom_button_out_step":"2","zoom_button_in_step":"3","show_post_tag":"1","number_popup_post":"1","show_post_related":"1","show_inline_post_related":"0"}],"image_override":[{"single_post_thumbnail_size":"crop-500","single_post_gallery_size":"crop-500"}],"trending_post_position":"meta","trending_post_label":"Trending","sponsored_post_label":"Sponsored by","disable_ad":"0"},"jnews_primary_category":[],"jnews_social_meta":[],"jnews_review":[],"enable_review":"","type":"percentage","name":"","summary":"","brand":"","sku":"","good":[],"bad":[],"score_override":"","override_value":"","rating":[],"price":[],"jnews_override_counter":{"view_counter_number":"0","share_counter_number":"0","like_counter_number":"0","dislike_counter_number":"0"},"jnews_post_split":{"post_split":[{"template":"1","tag":"h2","numbering":"asc","mode":"normal","first":"0","enable_toc":"0","toc_type":"normal"}]},"footnotes":""},"categories":[92],"tags":[],"class_list":["post-45754","post","type-post","status-publish","format-standard","has-post-thumbnail","hentry","category-cta"],"jetpack_featured_media_url":"https:\/\/atecordoba.org\/wp-content\/uploads\/2024\/09\/IMG-20240918-WA0045-1536x1152-1.jpg","_links":{"self":[{"href":"https:\/\/atecordoba.org\/index.php?rest_route=\/wp\/v2\/posts\/45754","targetHints":{"allow":["GET"]}}],"collection":[{"href":"https:\/\/atecordoba.org\/index.php?rest_route=\/wp\/v2\/posts"}],"about":[{"href":"https:\/\/atecordoba.org\/index.php?rest_route=\/wp\/v2\/types\/post"}],"author":[{"embeddable":true,"href":"https:\/\/atecordoba.org\/index.php?rest_route=\/wp\/v2\/users\/3"}],"replies":[{"embeddable":true,"href":"https:\/\/atecordoba.org\/index.php?rest_route=%2Fwp%2Fv2%2Fcomments&post=45754"}],"version-history":[{"count":1,"href":"https:\/\/atecordoba.org\/index.php?rest_route=\/wp\/v2\/posts\/45754\/revisions"}],"predecessor-version":[{"id":45760,"href":"https:\/\/atecordoba.org\/index.php?rest_route=\/wp\/v2\/posts\/45754\/revisions\/45760"}],"wp:featuredmedia":[{"embeddable":true,"href":"https:\/\/atecordoba.org\/index.php?rest_route=\/wp\/v2\/media\/45755"}],"wp:attachment":[{"href":"https:\/\/atecordoba.org\/index.php?rest_route=%2Fwp%2Fv2%2Fmedia&parent=45754"}],"wp:term":[{"taxonomy":"category","embeddable":true,"href":"https:\/\/atecordoba.org\/index.php?rest_route=%2Fwp%2Fv2%2Fcategories&post=45754"},{"taxonomy":"post_tag","embeddable":true,"href":"https:\/\/atecordoba.org\/index.php?rest_route=%2Fwp%2Fv2%2Ftags&post=45754"}],"curies":[{"name":"wp","href":"https:\/\/api.w.org\/{rel}","templated":true}]}}