{"id":45750,"date":"2024-09-19T09:15:04","date_gmt":"2024-09-19T12:15:04","guid":{"rendered":"https:\/\/atecordoba.org\/?p=45750"},"modified":"2024-09-19T09:15:04","modified_gmt":"2024-09-19T12:15:04","slug":"giuliani-participara-de-una-charla-debate-en-rosario","status":"publish","type":"post","link":"https:\/\/atecordoba.org\/?p=45750","title":{"rendered":"Giuliani participar\u00e1 de una Charla-Debate en Rosario"},"content":{"rendered":"<div dir=\"auto\"><a href=\"https:\/\/atecordoba.org\/wp-content\/uploads\/2024\/09\/IMG-20240911-WA0053.jpg\"><img loading=\"lazy\" decoding=\"async\" class=\"alignnone wp-image-45751 size-full\" src=\"https:\/\/atecordoba.org\/wp-content\/uploads\/2024\/09\/IMG-20240911-WA0053.jpg\" alt=\"\" width=\"1000\" height=\"1000\" srcset=\"https:\/\/atecordoba.org\/wp-content\/uploads\/2024\/09\/IMG-20240911-WA0053.jpg 1000w, https:\/\/atecordoba.org\/wp-content\/uploads\/2024\/09\/IMG-20240911-WA0053-300x300.jpg 300w, https:\/\/atecordoba.org\/wp-content\/uploads\/2024\/09\/IMG-20240911-WA0053-150x150.jpg 150w, https:\/\/atecordoba.org\/wp-content\/uploads\/2024\/09\/IMG-20240911-WA0053-768x768.jpg 768w, https:\/\/atecordoba.org\/wp-content\/uploads\/2024\/09\/IMG-20240911-WA0053-560x560.jpg 560w, https:\/\/atecordoba.org\/wp-content\/uploads\/2024\/09\/IMG-20240911-WA0053-75x75.jpg 75w, https:\/\/atecordoba.org\/wp-content\/uploads\/2024\/09\/IMG-20240911-WA0053-350x350.jpg 350w, https:\/\/atecordoba.org\/wp-content\/uploads\/2024\/09\/IMG-20240911-WA0053-750x750.jpg 750w\" sizes=\"auto, (max-width: 1000px) 100vw, 1000px\" \/><\/a><\/div>\n<div dir=\"auto\">El Secretario General de ATE y la CTA Aut\u00f3noma C\u00f3rdoba, Federico Giuliani, ser\u00e1 uno de los panelistas en la Charla-Encuentro \u201c\u00bfC\u00f3mo afecta la Ley Bases y el DNU a las y los trabajadores?\u201d, que se llevar\u00e1 a cabo este jueves 19 de septiembre a las 18 horas en la sede de la Asociaci\u00f3n Trabajadores del Estado de la ciudad de Rosario.<\/div>\n<div dir=\"auto\"><\/div>\n<div dir=\"auto\">Se trata de una nueva instancia de formaci\u00f3n y capacitaci\u00f3n de cuadros tendiente a sumar herramientas de pensamiento y acci\u00f3n para hacer frente a la devastaci\u00f3n provocada por la restauraci\u00f3n olig\u00e1rquica representada por el Gobierno Cipayo de Milei.<\/div>\n<h3 dir=\"auto\"><strong>La Convocatoria<\/strong><\/h3>\n<div dir=\"auto\"><em>Charla-Encuentro \u201c\u00bfC\u00f3mo afecta la Ley Bases y el DNU a las y los trabajadores?. \u00bfCu\u00e1l es el rol del sindicalismo en esta coyuntura?\u201d.<\/em><\/div>\n<div dir=\"auto\"><\/div>\n<div dir=\"auto\"><img decoding=\"async\" class=\"an1\" draggable=\"false\" src=\"https:\/\/fonts.gstatic.com\/s\/e\/notoemoji\/15.1\/1f4e2\/32.png\" alt=\"\" data-emoji=\"\" aria-label=\"\" \/>\u00a0<strong>*Disertan:<\/strong><\/div>\n<div dir=\"auto\"><\/div>\n<div dir=\"auto\"><strong>\u2013 Marco Pozzi<\/strong>: Secretario General de SOEAR (Sindicato de Obreros y Empleados Aceiteros de Rosario).<\/div>\n<div dir=\"auto\"><\/div>\n<div dir=\"auto\"><strong>\u2013 Federico Giuliani:<\/strong>\u00a0Secretario General de ATE y la CTA Aut\u00f3noma C\u00f3rdoba.<\/div>\n<div dir=\"auto\"><\/div>\n<div dir=\"auto\"><strong>\u2013 Daniel Yofra:<\/strong>\u00a0Secretario General de la Federaci\u00f3n de Trabajadores del Complejo Industrial Oleaginoso.<\/div>\n<div dir=\"auto\"><\/div>\n<div dir=\"auto\"><strong>\u2013 Lorena Almir\u00f3n:<\/strong>\u00a0Secretaria General de ATE y la CTA-A Seccional Rosario.<\/div>\n<div dir=\"auto\"><\/div>\n<div dir=\"auto\"><img decoding=\"async\" class=\"an1\" draggable=\"false\" src=\"https:\/\/fonts.gstatic.com\/s\/e\/notoemoji\/15.1\/1f4c5\/32.png\" alt=\"\" data-emoji=\"\" aria-label=\"\" \/>\u00a0*Jueves 19 de septiembre.<\/div>\n<div dir=\"auto\"><img decoding=\"async\" class=\"an1\" draggable=\"false\" src=\"https:\/\/fonts.gstatic.com\/s\/e\/notoemoji\/15.1\/23f0\/32.png\" alt=\"\u23f0\" data-emoji=\"\u23f0\" aria-label=\"\u23f0\" \/>\u00a0*18:00 horas.<\/div>\n<div dir=\"auto\"><img decoding=\"async\" class=\"an1\" draggable=\"false\" src=\"https:\/\/fonts.gstatic.com\/s\/e\/notoemoji\/15.1\/1f4cd\/32.png\" alt=\"\" data-emoji=\"\" aria-label=\"\" \/>\u00a0*ATE Rosario: San Lorenzo 1879.<\/div>\n<div dir=\"auto\"><\/div>\n<div dir=\"auto\"><strong>Organizan:<\/strong>\u00a0ATE Rosario; SO.E.A.R.; Federaci\u00f3n de Trabajadores del Complejo Industrial Oleaginoso; ATE C\u00f3rdoba.<\/div>\n","protected":false},"excerpt":{"rendered":"<p>El Secretario General de ATE y la CTA Aut\u00f3noma C\u00f3rdoba, Federico Giuliani, ser\u00e1 uno de los panelistas en la Charla-Encuentro \u201c\u00bfC\u00f3mo afecta la Ley Bases y el DNU a las y los trabajadores?\u201d, que se llevar\u00e1 a cabo este jueves 19 de septiembre a las 18 horas en la sede de la Asociaci\u00f3n Trabajadores del [&hellip;]<\/p>\n","protected":false},"author":3,"featured_media":45751,"comment_status":"open","ping_status":"open","sticky":false,"template":"","format":"standard","meta":{"_exactmetrics_skip_tracking":false,"_exactmetrics_sitenote_active":false,"_exactmetrics_sitenote_note":"","_exactmetrics_sitenote_category":0,"jnews-multi-image_gallery":[],"jnews_single_post":{"format":"standard","override":[{"template":"1","parallax":"1","fullscreen":"1","layout":"no-sidebar-narrow","sidebar":"default-sidebar","second_sidebar":"default-sidebar","sticky_sidebar":"1","share_position":"bottom","share_float_style":"share-monocrhome","show_share_counter":"1","show_view_counter":"1","show_post_meta":"1","show_post_author_image":"1","show_post_date":"1","post_date_format":"default","post_date_format_custom":"Y\/m\/d","show_post_category":"1","show_post_reading_time":"0","post_reading_time_wpm":"300","post_calculate_word_method":"str_word_count","show_zoom_button":"0","zoom_button_out_step":"2","zoom_button_in_step":"3","show_post_tag":"1","number_popup_post":"1","show_post_related":"1","show_inline_post_related":"0"}],"image_override":[{"single_post_thumbnail_size":"crop-500","single_post_gallery_size":"crop-500"}],"trending_post_position":"meta","trending_post_label":"Trending","sponsored_post_label":"Sponsored by","disable_ad":"0"},"jnews_primary_category":[],"jnews_social_meta":[],"jnews_review":[],"enable_review":"","type":"percentage","name":"","summary":"","brand":"","sku":"","good":[],"bad":[],"score_override":"","override_value":"","rating":[],"price":[],"jnews_override_counter":{"view_counter_number":"0","share_counter_number":"0","like_counter_number":"0","dislike_counter_number":"0"},"jnews_post_split":{"post_split":[{"template":"1","tag":"h2","numbering":"asc","mode":"normal","first":"0","enable_toc":"0","toc_type":"normal"}]},"footnotes":""},"categories":[10],"tags":[],"class_list":["post-45750","post","type-post","status-publish","format-standard","has-post-thumbnail","hentry","category-accion-politica"],"jetpack_featured_media_url":"https:\/\/atecordoba.org\/wp-content\/uploads\/2024\/09\/IMG-20240911-WA0053.jpg","_links":{"self":[{"href":"https:\/\/atecordoba.org\/index.php?rest_route=\/wp\/v2\/posts\/45750","targetHints":{"allow":["GET"]}}],"collection":[{"href":"https:\/\/atecordoba.org\/index.php?rest_route=\/wp\/v2\/posts"}],"about":[{"href":"https:\/\/atecordoba.org\/index.php?rest_route=\/wp\/v2\/types\/post"}],"author":[{"embeddable":true,"href":"https:\/\/atecordoba.org\/index.php?rest_route=\/wp\/v2\/users\/3"}],"replies":[{"embeddable":true,"href":"https:\/\/atecordoba.org\/index.php?rest_route=%2Fwp%2Fv2%2Fcomments&post=45750"}],"version-history":[{"count":1,"href":"https:\/\/atecordoba.org\/index.php?rest_route=\/wp\/v2\/posts\/45750\/revisions"}],"predecessor-version":[{"id":45752,"href":"https:\/\/atecordoba.org\/index.php?rest_route=\/wp\/v2\/posts\/45750\/revisions\/45752"}],"wp:featuredmedia":[{"embeddable":true,"href":"https:\/\/atecordoba.org\/index.php?rest_route=\/wp\/v2\/media\/45751"}],"wp:attachment":[{"href":"https:\/\/atecordoba.org\/index.php?rest_route=%2Fwp%2Fv2%2Fmedia&parent=45750"}],"wp:term":[{"taxonomy":"category","embeddable":true,"href":"https:\/\/atecordoba.org\/index.php?rest_route=%2Fwp%2Fv2%2Fcategories&post=45750"},{"taxonomy":"post_tag","embeddable":true,"href":"https:\/\/atecordoba.org\/index.php?rest_route=%2Fwp%2Fv2%2Ftags&post=45750"}],"curies":[{"name":"wp","href":"https:\/\/api.w.org\/{rel}","templated":true}]}}