{"id":45722,"date":"2024-09-18T13:44:43","date_gmt":"2024-09-18T16:44:43","guid":{"rendered":"https:\/\/atecordoba.org\/?p=45722"},"modified":"2024-09-18T13:44:43","modified_gmt":"2024-09-18T16:44:43","slug":"primer-encuentro-y-debate-de-accion-politica-en-ate-cordoba-una-charla-clave-sobre-la-reforma-laboral-y-la-ley-bases","status":"publish","type":"post","link":"https:\/\/atecordoba.org\/?p=45722","title":{"rendered":"Primer Encuentro y Debate de Acci\u00f3n Pol\u00edtica en ATE C\u00f3rdoba: Una charla clave sobre la Reforma Laboral y la Ley Bases"},"content":{"rendered":"<p><a href=\"https:\/\/atecordoba.org\/wp-content\/uploads\/2024\/09\/WhatsApp-Image-2024-09-17-at-9.24.42-PM-scaled.jpeg\"><img loading=\"lazy\" decoding=\"async\" class=\"alignnone wp-image-45729 size-full\" src=\"https:\/\/atecordoba.org\/wp-content\/uploads\/2024\/09\/WhatsApp-Image-2024-09-17-at-9.24.42-PM-scaled.jpeg\" alt=\"\" width=\"2560\" height=\"1441\" srcset=\"https:\/\/atecordoba.org\/wp-content\/uploads\/2024\/09\/WhatsApp-Image-2024-09-17-at-9.24.42-PM-scaled.jpeg 2560w, https:\/\/atecordoba.org\/wp-content\/uploads\/2024\/09\/WhatsApp-Image-2024-09-17-at-9.24.42-PM-300x169.jpeg 300w, https:\/\/atecordoba.org\/wp-content\/uploads\/2024\/09\/WhatsApp-Image-2024-09-17-at-9.24.42-PM-1024x576.jpeg 1024w, https:\/\/atecordoba.org\/wp-content\/uploads\/2024\/09\/WhatsApp-Image-2024-09-17-at-9.24.42-PM-768x432.jpeg 768w, https:\/\/atecordoba.org\/wp-content\/uploads\/2024\/09\/WhatsApp-Image-2024-09-17-at-9.24.42-PM-1536x864.jpeg 1536w, https:\/\/atecordoba.org\/wp-content\/uploads\/2024\/09\/WhatsApp-Image-2024-09-17-at-9.24.42-PM-2048x1153.jpeg 2048w, https:\/\/atecordoba.org\/wp-content\/uploads\/2024\/09\/WhatsApp-Image-2024-09-17-at-9.24.42-PM-750x422.jpeg 750w, https:\/\/atecordoba.org\/wp-content\/uploads\/2024\/09\/WhatsApp-Image-2024-09-17-at-9.24.42-PM-1140x642.jpeg 1140w\" sizes=\"auto, (max-width: 2560px) 100vw, 2560px\" \/><\/a>El d\u00eda de ayer, en la sede de ATE C\u00f3rdoba, se llev\u00f3 a cabo el primer encuentro del ciclo &#8220;Mano a Mano en Acci\u00f3n Pol\u00edtica&#8221;, destinado a nuestros delegados y afiliados. En este espacio, se debati\u00f3 sobre temas fundamentales como la reforma laboral y la Ley Bases, y c\u00f3mo afectan a las y los trabajadores estatales.<\/p>\n<p><a href=\"https:\/\/atecordoba.org\/wp-content\/uploads\/2024\/09\/WhatsApp-Image-2024-09-17-at-9.24.45-PM-1-scaled.jpeg\"><img loading=\"lazy\" decoding=\"async\" class=\"alignnone size-medium wp-image-45734\" src=\"https:\/\/atecordoba.org\/wp-content\/uploads\/2024\/09\/WhatsApp-Image-2024-09-17-at-9.24.45-PM-1-300x169.jpeg\" alt=\"\" width=\"300\" height=\"169\" srcset=\"https:\/\/atecordoba.org\/wp-content\/uploads\/2024\/09\/WhatsApp-Image-2024-09-17-at-9.24.45-PM-1-300x169.jpeg 300w, https:\/\/atecordoba.org\/wp-content\/uploads\/2024\/09\/WhatsApp-Image-2024-09-17-at-9.24.45-PM-1-1024x577.jpeg 1024w, https:\/\/atecordoba.org\/wp-content\/uploads\/2024\/09\/WhatsApp-Image-2024-09-17-at-9.24.45-PM-1-768x432.jpeg 768w, https:\/\/atecordoba.org\/wp-content\/uploads\/2024\/09\/WhatsApp-Image-2024-09-17-at-9.24.45-PM-1-1536x865.jpeg 1536w, https:\/\/atecordoba.org\/wp-content\/uploads\/2024\/09\/WhatsApp-Image-2024-09-17-at-9.24.45-PM-1-2048x1153.jpeg 2048w, https:\/\/atecordoba.org\/wp-content\/uploads\/2024\/09\/WhatsApp-Image-2024-09-17-at-9.24.45-PM-1-750x422.jpeg 750w, https:\/\/atecordoba.org\/wp-content\/uploads\/2024\/09\/WhatsApp-Image-2024-09-17-at-9.24.45-PM-1-1140x642.jpeg 1140w\" sizes=\"auto, (max-width: 300px) 100vw, 300px\" \/><\/a> <a href=\"https:\/\/atecordoba.org\/wp-content\/uploads\/2024\/09\/WhatsApp-Image-2024-09-17-at-9.24.47-PM-scaled.jpeg\"><img loading=\"lazy\" decoding=\"async\" class=\"alignnone size-medium wp-image-45741\" src=\"https:\/\/atecordoba.org\/wp-content\/uploads\/2024\/09\/WhatsApp-Image-2024-09-17-at-9.24.47-PM-300x169.jpeg\" alt=\"\" width=\"300\" height=\"169\" srcset=\"https:\/\/atecordoba.org\/wp-content\/uploads\/2024\/09\/WhatsApp-Image-2024-09-17-at-9.24.47-PM-300x169.jpeg 300w, https:\/\/atecordoba.org\/wp-content\/uploads\/2024\/09\/WhatsApp-Image-2024-09-17-at-9.24.47-PM-1024x577.jpeg 1024w, https:\/\/atecordoba.org\/wp-content\/uploads\/2024\/09\/WhatsApp-Image-2024-09-17-at-9.24.47-PM-768x432.jpeg 768w, https:\/\/atecordoba.org\/wp-content\/uploads\/2024\/09\/WhatsApp-Image-2024-09-17-at-9.24.47-PM-1536x865.jpeg 1536w, https:\/\/atecordoba.org\/wp-content\/uploads\/2024\/09\/WhatsApp-Image-2024-09-17-at-9.24.47-PM-2048x1153.jpeg 2048w, https:\/\/atecordoba.org\/wp-content\/uploads\/2024\/09\/WhatsApp-Image-2024-09-17-at-9.24.47-PM-750x422.jpeg 750w, https:\/\/atecordoba.org\/wp-content\/uploads\/2024\/09\/WhatsApp-Image-2024-09-17-at-9.24.47-PM-1140x642.jpeg 1140w\" sizes=\"auto, (max-width: 300px) 100vw, 300px\" \/><\/a> <a href=\"https:\/\/atecordoba.org\/wp-content\/uploads\/2024\/09\/WhatsApp-Image-2024-09-17-at-9.24.45-PM-scaled.jpeg\"><img loading=\"lazy\" decoding=\"async\" class=\"alignnone size-medium wp-image-45736\" src=\"https:\/\/atecordoba.org\/wp-content\/uploads\/2024\/09\/WhatsApp-Image-2024-09-17-at-9.24.45-PM-300x169.jpeg\" alt=\"\" width=\"300\" height=\"169\" srcset=\"https:\/\/atecordoba.org\/wp-content\/uploads\/2024\/09\/WhatsApp-Image-2024-09-17-at-9.24.45-PM-300x169.jpeg 300w, https:\/\/atecordoba.org\/wp-content\/uploads\/2024\/09\/WhatsApp-Image-2024-09-17-at-9.24.45-PM-1024x577.jpeg 1024w, https:\/\/atecordoba.org\/wp-content\/uploads\/2024\/09\/WhatsApp-Image-2024-09-17-at-9.24.45-PM-768x432.jpeg 768w, https:\/\/atecordoba.org\/wp-content\/uploads\/2024\/09\/WhatsApp-Image-2024-09-17-at-9.24.45-PM-1536x865.jpeg 1536w, https:\/\/atecordoba.org\/wp-content\/uploads\/2024\/09\/WhatsApp-Image-2024-09-17-at-9.24.45-PM-2048x1153.jpeg 2048w, https:\/\/atecordoba.org\/wp-content\/uploads\/2024\/09\/WhatsApp-Image-2024-09-17-at-9.24.45-PM-750x422.jpeg 750w, https:\/\/atecordoba.org\/wp-content\/uploads\/2024\/09\/WhatsApp-Image-2024-09-17-at-9.24.45-PM-1140x642.jpeg 1140w\" sizes=\"auto, (max-width: 300px) 100vw, 300px\" \/><\/a> <a href=\"https:\/\/atecordoba.org\/wp-content\/uploads\/2024\/09\/WhatsApp-Image-2024-09-17-at-9.24.43-PM-scaled.jpeg\"><img loading=\"lazy\" decoding=\"async\" class=\"alignnone size-medium wp-image-45731\" src=\"https:\/\/atecordoba.org\/wp-content\/uploads\/2024\/09\/WhatsApp-Image-2024-09-17-at-9.24.43-PM-300x169.jpeg\" alt=\"\" width=\"300\" height=\"169\" srcset=\"https:\/\/atecordoba.org\/wp-content\/uploads\/2024\/09\/WhatsApp-Image-2024-09-17-at-9.24.43-PM-300x169.jpeg 300w, https:\/\/atecordoba.org\/wp-content\/uploads\/2024\/09\/WhatsApp-Image-2024-09-17-at-9.24.43-PM-1024x576.jpeg 1024w, https:\/\/atecordoba.org\/wp-content\/uploads\/2024\/09\/WhatsApp-Image-2024-09-17-at-9.24.43-PM-768x432.jpeg 768w, https:\/\/atecordoba.org\/wp-content\/uploads\/2024\/09\/WhatsApp-Image-2024-09-17-at-9.24.43-PM-1536x864.jpeg 1536w, https:\/\/atecordoba.org\/wp-content\/uploads\/2024\/09\/WhatsApp-Image-2024-09-17-at-9.24.43-PM-2048x1153.jpeg 2048w, https:\/\/atecordoba.org\/wp-content\/uploads\/2024\/09\/WhatsApp-Image-2024-09-17-at-9.24.43-PM-750x422.jpeg 750w, https:\/\/atecordoba.org\/wp-content\/uploads\/2024\/09\/WhatsApp-Image-2024-09-17-at-9.24.43-PM-1140x642.jpeg 1140w\" sizes=\"auto, (max-width: 300px) 100vw, 300px\" \/><\/a><\/p>\n<p>El encuentro cont\u00f3 con la presencia de nuestra abogada laboralista Mar\u00eda Terragno, quien adem\u00e1s es vicepresidenta del C\u00edrculo de Abogadas y Abogados Laboristas. Durante la charla, Terragno abord\u00f3 temas cruciales sobre la ofensiva que representan estas reformas para los derechos laborales de las y los trabajadores estatales, as\u00ed como las estrategias para enfrentarlas desde una perspectiva gremial y jur\u00eddica.<\/p>\n<p><strong>Declaraciones destacadas:<\/strong><\/p>\n<p><a href=\"https:\/\/atecordoba.org\/wp-content\/uploads\/2024\/09\/WhatsApp-Image-2024-09-17-at-9.24.45-PM-1-scaled.jpeg\"><img loading=\"lazy\" decoding=\"async\" class=\"alignnone size-medium wp-image-45734\" src=\"https:\/\/atecordoba.org\/wp-content\/uploads\/2024\/09\/WhatsApp-Image-2024-09-17-at-9.24.45-PM-1-300x169.jpeg\" alt=\"\" width=\"300\" height=\"169\" srcset=\"https:\/\/atecordoba.org\/wp-content\/uploads\/2024\/09\/WhatsApp-Image-2024-09-17-at-9.24.45-PM-1-300x169.jpeg 300w, https:\/\/atecordoba.org\/wp-content\/uploads\/2024\/09\/WhatsApp-Image-2024-09-17-at-9.24.45-PM-1-1024x577.jpeg 1024w, https:\/\/atecordoba.org\/wp-content\/uploads\/2024\/09\/WhatsApp-Image-2024-09-17-at-9.24.45-PM-1-768x432.jpeg 768w, https:\/\/atecordoba.org\/wp-content\/uploads\/2024\/09\/WhatsApp-Image-2024-09-17-at-9.24.45-PM-1-1536x865.jpeg 1536w, https:\/\/atecordoba.org\/wp-content\/uploads\/2024\/09\/WhatsApp-Image-2024-09-17-at-9.24.45-PM-1-2048x1153.jpeg 2048w, https:\/\/atecordoba.org\/wp-content\/uploads\/2024\/09\/WhatsApp-Image-2024-09-17-at-9.24.45-PM-1-750x422.jpeg 750w, https:\/\/atecordoba.org\/wp-content\/uploads\/2024\/09\/WhatsApp-Image-2024-09-17-at-9.24.45-PM-1-1140x642.jpeg 1140w\" sizes=\"auto, (max-width: 300px) 100vw, 300px\" \/><\/a> <a href=\"https:\/\/atecordoba.org\/wp-content\/uploads\/2024\/09\/WhatsApp-Image-2024-09-17-at-9.24.49-PM-scaled.jpeg\"><img loading=\"lazy\" decoding=\"async\" class=\"alignnone size-medium wp-image-45748\" src=\"https:\/\/atecordoba.org\/wp-content\/uploads\/2024\/09\/WhatsApp-Image-2024-09-17-at-9.24.49-PM-300x169.jpeg\" alt=\"\" width=\"300\" height=\"169\" srcset=\"https:\/\/atecordoba.org\/wp-content\/uploads\/2024\/09\/WhatsApp-Image-2024-09-17-at-9.24.49-PM-300x169.jpeg 300w, https:\/\/atecordoba.org\/wp-content\/uploads\/2024\/09\/WhatsApp-Image-2024-09-17-at-9.24.49-PM-1024x576.jpeg 1024w, https:\/\/atecordoba.org\/wp-content\/uploads\/2024\/09\/WhatsApp-Image-2024-09-17-at-9.24.49-PM-768x432.jpeg 768w, https:\/\/atecordoba.org\/wp-content\/uploads\/2024\/09\/WhatsApp-Image-2024-09-17-at-9.24.49-PM-1536x864.jpeg 1536w, https:\/\/atecordoba.org\/wp-content\/uploads\/2024\/09\/WhatsApp-Image-2024-09-17-at-9.24.49-PM-2048x1153.jpeg 2048w, https:\/\/atecordoba.org\/wp-content\/uploads\/2024\/09\/WhatsApp-Image-2024-09-17-at-9.24.49-PM-750x422.jpeg 750w, https:\/\/atecordoba.org\/wp-content\/uploads\/2024\/09\/WhatsApp-Image-2024-09-17-at-9.24.49-PM-1140x642.jpeg 1140w\" sizes=\"auto, (max-width: 300px) 100vw, 300px\" \/><\/a> <a href=\"https:\/\/atecordoba.org\/wp-content\/uploads\/2024\/09\/WhatsApp-Image-2024-09-17-at-9.24.46-PM-1-scaled.jpeg\"><img loading=\"lazy\" decoding=\"async\" class=\"alignnone size-medium wp-image-45737\" src=\"https:\/\/atecordoba.org\/wp-content\/uploads\/2024\/09\/WhatsApp-Image-2024-09-17-at-9.24.46-PM-1-300x169.jpeg\" alt=\"\" width=\"300\" height=\"169\" srcset=\"https:\/\/atecordoba.org\/wp-content\/uploads\/2024\/09\/WhatsApp-Image-2024-09-17-at-9.24.46-PM-1-300x169.jpeg 300w, https:\/\/atecordoba.org\/wp-content\/uploads\/2024\/09\/WhatsApp-Image-2024-09-17-at-9.24.46-PM-1-1024x577.jpeg 1024w, https:\/\/atecordoba.org\/wp-content\/uploads\/2024\/09\/WhatsApp-Image-2024-09-17-at-9.24.46-PM-1-768x432.jpeg 768w, https:\/\/atecordoba.org\/wp-content\/uploads\/2024\/09\/WhatsApp-Image-2024-09-17-at-9.24.46-PM-1-1536x865.jpeg 1536w, https:\/\/atecordoba.org\/wp-content\/uploads\/2024\/09\/WhatsApp-Image-2024-09-17-at-9.24.46-PM-1-2048x1153.jpeg 2048w, https:\/\/atecordoba.org\/wp-content\/uploads\/2024\/09\/WhatsApp-Image-2024-09-17-at-9.24.46-PM-1-750x422.jpeg 750w, https:\/\/atecordoba.org\/wp-content\/uploads\/2024\/09\/WhatsApp-Image-2024-09-17-at-9.24.46-PM-1-1140x642.jpeg 1140w\" sizes=\"auto, (max-width: 300px) 100vw, 300px\" \/><\/a> <a href=\"https:\/\/atecordoba.org\/wp-content\/uploads\/2024\/09\/WhatsApp-Image-2024-09-17-at-9.24.43-PM-scaled.jpeg\"><img loading=\"lazy\" decoding=\"async\" class=\"alignnone size-medium wp-image-45731\" src=\"https:\/\/atecordoba.org\/wp-content\/uploads\/2024\/09\/WhatsApp-Image-2024-09-17-at-9.24.43-PM-300x169.jpeg\" alt=\"\" width=\"300\" height=\"169\" srcset=\"https:\/\/atecordoba.org\/wp-content\/uploads\/2024\/09\/WhatsApp-Image-2024-09-17-at-9.24.43-PM-300x169.jpeg 300w, https:\/\/atecordoba.org\/wp-content\/uploads\/2024\/09\/WhatsApp-Image-2024-09-17-at-9.24.43-PM-1024x576.jpeg 1024w, https:\/\/atecordoba.org\/wp-content\/uploads\/2024\/09\/WhatsApp-Image-2024-09-17-at-9.24.43-PM-768x432.jpeg 768w, https:\/\/atecordoba.org\/wp-content\/uploads\/2024\/09\/WhatsApp-Image-2024-09-17-at-9.24.43-PM-1536x864.jpeg 1536w, https:\/\/atecordoba.org\/wp-content\/uploads\/2024\/09\/WhatsApp-Image-2024-09-17-at-9.24.43-PM-2048x1153.jpeg 2048w, https:\/\/atecordoba.org\/wp-content\/uploads\/2024\/09\/WhatsApp-Image-2024-09-17-at-9.24.43-PM-750x422.jpeg 750w, https:\/\/atecordoba.org\/wp-content\/uploads\/2024\/09\/WhatsApp-Image-2024-09-17-at-9.24.43-PM-1140x642.jpeg 1140w\" sizes=\"auto, (max-width: 300px) 100vw, 300px\" \/><\/a> <a href=\"https:\/\/atecordoba.org\/wp-content\/uploads\/2024\/09\/WhatsApp-Image-2024-09-17-at-9.24.39-PM-1-scaled.jpeg\"><img loading=\"lazy\" decoding=\"async\" class=\"alignnone size-medium wp-image-45723\" src=\"https:\/\/atecordoba.org\/wp-content\/uploads\/2024\/09\/WhatsApp-Image-2024-09-17-at-9.24.39-PM-1-300x169.jpeg\" alt=\"\" width=\"300\" height=\"169\" srcset=\"https:\/\/atecordoba.org\/wp-content\/uploads\/2024\/09\/WhatsApp-Image-2024-09-17-at-9.24.39-PM-1-300x169.jpeg 300w, https:\/\/atecordoba.org\/wp-content\/uploads\/2024\/09\/WhatsApp-Image-2024-09-17-at-9.24.39-PM-1-1024x576.jpeg 1024w, https:\/\/atecordoba.org\/wp-content\/uploads\/2024\/09\/WhatsApp-Image-2024-09-17-at-9.24.39-PM-1-768x432.jpeg 768w, https:\/\/atecordoba.org\/wp-content\/uploads\/2024\/09\/WhatsApp-Image-2024-09-17-at-9.24.39-PM-1-1536x864.jpeg 1536w, https:\/\/atecordoba.org\/wp-content\/uploads\/2024\/09\/WhatsApp-Image-2024-09-17-at-9.24.39-PM-1-2048x1153.jpeg 2048w, https:\/\/atecordoba.org\/wp-content\/uploads\/2024\/09\/WhatsApp-Image-2024-09-17-at-9.24.39-PM-1-750x422.jpeg 750w, https:\/\/atecordoba.org\/wp-content\/uploads\/2024\/09\/WhatsApp-Image-2024-09-17-at-9.24.39-PM-1-1140x642.jpeg 1140w\" sizes=\"auto, (max-width: 300px) 100vw, 300px\" \/><\/a><\/p>\n<p><strong>Mar\u00eda Terragno expres\u00f3: <\/strong><br \/>\n&#8220;Hoy nos encontramos en la sede de ATE, del Consejo Directivo Provincial C\u00f3rdoba, para charlar sobre la reforma laboral, la Ley Bases y lo que implica para el empleo p\u00fablico. Es fundamental debatir qu\u00e9 estrategias podemos desarrollar frente a esta ofensiva que busca deslaboralizar derechos y c\u00f3mo podemos organizarnos gremialmente para resistir.&#8221;<\/p>\n<p>Por su parte,<strong> Alejandra Agnone, secretaria de acci\u00f3n pol\u00edtica<\/strong>, destac\u00f3 la importancia del encuentro:<br \/>\n&#8220;Este es el primero de una serie de ciclos mano a mano de acci\u00f3n pol\u00edtica que tenemos programados con distintos ejes tem\u00e1ticos y distintos invitados. Hoy contamos con la doctora Mar\u00eda Terragno, quien nos ayuda a entender las implicancias de la Ley Bases y la situaci\u00f3n actual del empleo p\u00fablico.&#8221;<\/p>\n<p>La jornada fue un espacio clave para el debate y la reflexi\u00f3n, y continuar\u00e1 con m\u00e1s encuentros en los pr\u00f3ximos meses, reafirmando el compromiso de ATE C\u00f3rdoba en la defensa de los derechos laborales.<\/p>\n<p><em><strong>\u00a1Gracias a quienes participaron y los esperamos en los pr\u00f3ximos encuentros para seguir construyendo m\u00e1s lucha colectiva!<\/strong><\/em><\/p>\n","protected":false},"excerpt":{"rendered":"<p>El d\u00eda de ayer, en la sede de ATE C\u00f3rdoba, se llev\u00f3 a cabo el primer encuentro del ciclo &#8220;Mano a Mano en Acci\u00f3n Pol\u00edtica&#8221;, destinado a nuestros delegados y afiliados. En este espacio, se debati\u00f3 sobre temas fundamentales como la reforma laboral y la Ley Bases, y c\u00f3mo afectan a las y los trabajadores [&hellip;]<\/p>\n","protected":false},"author":3,"featured_media":45738,"comment_status":"open","ping_status":"open","sticky":false,"template":"","format":"standard","meta":{"_exactmetrics_skip_tracking":false,"_exactmetrics_sitenote_active":false,"_exactmetrics_sitenote_note":"","_exactmetrics_sitenote_category":0,"jnews-multi-image_gallery":[],"jnews_single_post":{"format":"standard","override":[{"template":"1","parallax":"1","fullscreen":"1","layout":"no-sidebar-narrow","sidebar":"default-sidebar","second_sidebar":"default-sidebar","sticky_sidebar":"1","share_position":"bottom","share_float_style":"share-monocrhome","show_share_counter":"1","show_view_counter":"1","show_post_meta":"1","show_post_author_image":"1","show_post_date":"1","post_date_format":"default","post_date_format_custom":"Y\/m\/d","show_post_category":"1","show_post_reading_time":"0","post_reading_time_wpm":"300","post_calculate_word_method":"str_word_count","show_zoom_button":"0","zoom_button_out_step":"2","zoom_button_in_step":"3","show_post_tag":"1","number_popup_post":"1","show_post_related":"1","show_inline_post_related":"0"}],"image_override":[{"single_post_thumbnail_size":"crop-500","single_post_gallery_size":"crop-500"}],"trending_post_position":"meta","trending_post_label":"Trending","sponsored_post_label":"Sponsored by","disable_ad":"0"},"jnews_primary_category":[],"jnews_social_meta":[],"jnews_review":[],"enable_review":"","type":"percentage","name":"","summary":"","brand":"","sku":"","good":[],"bad":[],"score_override":"","override_value":"","rating":[],"price":[],"jnews_override_counter":{"view_counter_number":"0","share_counter_number":"0","like_counter_number":"0","dislike_counter_number":"0"},"jnews_post_split":{"post_split":[{"template":"1","tag":"h2","numbering":"asc","mode":"normal","first":"0","enable_toc":"0","toc_type":"normal"}]},"footnotes":""},"categories":[10],"tags":[],"class_list":["post-45722","post","type-post","status-publish","format-standard","has-post-thumbnail","hentry","category-accion-politica"],"jetpack_featured_media_url":"https:\/\/atecordoba.org\/wp-content\/uploads\/2024\/09\/WhatsApp-Image-2024-09-17-at-9.24.46-PM-scaled.jpeg","_links":{"self":[{"href":"https:\/\/atecordoba.org\/index.php?rest_route=\/wp\/v2\/posts\/45722","targetHints":{"allow":["GET"]}}],"collection":[{"href":"https:\/\/atecordoba.org\/index.php?rest_route=\/wp\/v2\/posts"}],"about":[{"href":"https:\/\/atecordoba.org\/index.php?rest_route=\/wp\/v2\/types\/post"}],"author":[{"embeddable":true,"href":"https:\/\/atecordoba.org\/index.php?rest_route=\/wp\/v2\/users\/3"}],"replies":[{"embeddable":true,"href":"https:\/\/atecordoba.org\/index.php?rest_route=%2Fwp%2Fv2%2Fcomments&post=45722"}],"version-history":[{"count":1,"href":"https:\/\/atecordoba.org\/index.php?rest_route=\/wp\/v2\/posts\/45722\/revisions"}],"predecessor-version":[{"id":45749,"href":"https:\/\/atecordoba.org\/index.php?rest_route=\/wp\/v2\/posts\/45722\/revisions\/45749"}],"wp:featuredmedia":[{"embeddable":true,"href":"https:\/\/atecordoba.org\/index.php?rest_route=\/wp\/v2\/media\/45738"}],"wp:attachment":[{"href":"https:\/\/atecordoba.org\/index.php?rest_route=%2Fwp%2Fv2%2Fmedia&parent=45722"}],"wp:term":[{"taxonomy":"category","embeddable":true,"href":"https:\/\/atecordoba.org\/index.php?rest_route=%2Fwp%2Fv2%2Fcategories&post=45722"},{"taxonomy":"post_tag","embeddable":true,"href":"https:\/\/atecordoba.org\/index.php?rest_route=%2Fwp%2Fv2%2Ftags&post=45722"}],"curies":[{"name":"wp","href":"https:\/\/api.w.org\/{rel}","templated":true}]}}