{"id":45700,"date":"2024-09-18T12:16:58","date_gmt":"2024-09-18T15:16:58","guid":{"rendered":"https:\/\/atecordoba.org\/?p=45700"},"modified":"2024-09-18T12:16:58","modified_gmt":"2024-09-18T15:16:58","slug":"ate-cordoba-alerta-sobre-la-privatizacion-de-fabricaciones-militares-todo-esta-listo-para-que-una-empresa-checa-que-provee-armas-a-la-otan-se-quede-con-nuestras-fabricas","status":"publish","type":"post","link":"https:\/\/atecordoba.org\/?p=45700","title":{"rendered":"ATE C\u00f3rdoba alerta sobre la privatizaci\u00f3n de Fabricaciones Militares: &#8220;Todo est\u00e1 listo para que una empresa checa que provee armas a la OTAN se quede con nuestras f\u00e1bricas&#8221;"},"content":{"rendered":"<p>&nbsp;<\/p>\n<p><a href=\"https:\/\/atecordoba.org\/wp-content\/uploads\/2024\/09\/unnamed-4.jpg\"><img loading=\"lazy\" decoding=\"async\" class=\"alignnone wp-image-45705 size-full\" src=\"https:\/\/atecordoba.org\/wp-content\/uploads\/2024\/09\/unnamed-4.jpg\" alt=\"\" width=\"650\" height=\"382\" srcset=\"https:\/\/atecordoba.org\/wp-content\/uploads\/2024\/09\/unnamed-4.jpg 650w, https:\/\/atecordoba.org\/wp-content\/uploads\/2024\/09\/unnamed-4-300x176.jpg 300w\" sizes=\"auto, (max-width: 650px) 100vw, 650px\" \/><\/a><\/p>\n<p><strong>&#8220;El 30 de septiembre las Fabricaciones Militares de nuestra provincia corren el riesgo de ser convertidas en Sociedades An\u00f3nimas, paso previo a su privatizaci\u00f3n&#8221;<\/strong>. As\u00ed lo advirti\u00f3 Federico Giuliani, secretario general de ATE C\u00f3rdoba, quien denunci\u00f3 que esta medida, facilitada por el DNU 70, permitir\u00e1 que capitales extranjeros, espec\u00edficamente de la Rep\u00fablica Checa y Estados Unidos, se adue\u00f1en de una pieza clave en la defensa y soberan\u00eda nacional.<\/p>\n<p><a href=\"https:\/\/atecordoba.org\/wp-content\/uploads\/2024\/09\/Federico-Giuliani-ATE-CTA-Cordoba-Edgardo-Gomez-3.jpg\"><img loading=\"lazy\" decoding=\"async\" class=\"size-medium wp-image-45653 alignleft\" src=\"https:\/\/atecordoba.org\/wp-content\/uploads\/2024\/09\/Federico-Giuliani-ATE-CTA-Cordoba-Edgardo-Gomez-3-300x200.jpg\" alt=\"\" width=\"300\" height=\"200\" srcset=\"https:\/\/atecordoba.org\/wp-content\/uploads\/2024\/09\/Federico-Giuliani-ATE-CTA-Cordoba-Edgardo-Gomez-3-300x200.jpg 300w, https:\/\/atecordoba.org\/wp-content\/uploads\/2024\/09\/Federico-Giuliani-ATE-CTA-Cordoba-Edgardo-Gomez-3-1024x683.jpg 1024w, https:\/\/atecordoba.org\/wp-content\/uploads\/2024\/09\/Federico-Giuliani-ATE-CTA-Cordoba-Edgardo-Gomez-3-768x512.jpg 768w, https:\/\/atecordoba.org\/wp-content\/uploads\/2024\/09\/Federico-Giuliani-ATE-CTA-Cordoba-Edgardo-Gomez-3-750x500.jpg 750w, https:\/\/atecordoba.org\/wp-content\/uploads\/2024\/09\/Federico-Giuliani-ATE-CTA-Cordoba-Edgardo-Gomez-3-1140x760.jpg 1140w, https:\/\/atecordoba.org\/wp-content\/uploads\/2024\/09\/Federico-Giuliani-ATE-CTA-Cordoba-Edgardo-Gomez-3.jpg 1200w\" sizes=\"auto, (max-width: 300px) 100vw, 300px\" \/><\/a><strong>&#8220;Milei plante\u00f3 claramente que Argentina tiene que ser el patio trasero de Estados Unidos&#8221;<\/strong>, afirm\u00f3 Giuliani durante una entrevista con Data Gremial. El dirigente subray\u00f3 que la visita de funcionarios del Departamento de Estado de EE.UU. a la planta de R\u00edo Tercero evidencia el inter\u00e9s internacional en estos activos, que podr\u00edan ser utilizados para la producci\u00f3n de municiones destinadas a la guerra en Ucrania.<\/p>\n<p>&nbsp;<\/p>\n<h3>Privatizaci\u00f3n y extranjerizaci\u00f3n de un sector estrat\u00e9gico<\/h3>\n<p>Giuliani explic\u00f3 que <strong>&#8220;la transformaci\u00f3n de Fabricaciones Militares en Sociedad An\u00f3nima abre la puerta para que un privado se haga con la mayor\u00eda de las acciones&#8221;<\/strong>, un escenario que rememora el vaciamiento que sufri\u00f3 el pa\u00eds en los a\u00f1os 90 durante el gobierno de Menem. El l\u00edder sindical advirti\u00f3 sobre un acuerdo firmado entre el Ministerio de Defensa y una empresa de la Rep\u00fablica Checa, lo que, seg\u00fan Giuliani, <strong>&#8220;es un sello de goma para que capitales norteamericanos ingresen a la f\u00e1brica&#8221;<\/strong>.<\/p>\n<p><a href=\"https:\/\/atecordoba.org\/wp-content\/uploads\/2024\/09\/Untitled-design-2020-08-13T172404.823.jpg\"><img loading=\"lazy\" decoding=\"async\" class=\"alignnone size-medium wp-image-45703\" src=\"https:\/\/atecordoba.org\/wp-content\/uploads\/2024\/09\/Untitled-design-2020-08-13T172404.823-300x225.jpg\" alt=\"\" width=\"300\" height=\"225\" srcset=\"https:\/\/atecordoba.org\/wp-content\/uploads\/2024\/09\/Untitled-design-2020-08-13T172404.823-300x225.jpg 300w, https:\/\/atecordoba.org\/wp-content\/uploads\/2024\/09\/Untitled-design-2020-08-13T172404.823-1024x768.jpg 1024w, https:\/\/atecordoba.org\/wp-content\/uploads\/2024\/09\/Untitled-design-2020-08-13T172404.823-768x576.jpg 768w, https:\/\/atecordoba.org\/wp-content\/uploads\/2024\/09\/Untitled-design-2020-08-13T172404.823-1536x1152.jpg 1536w, https:\/\/atecordoba.org\/wp-content\/uploads\/2024\/09\/Untitled-design-2020-08-13T172404.823-750x563.jpg 750w, https:\/\/atecordoba.org\/wp-content\/uploads\/2024\/09\/Untitled-design-2020-08-13T172404.823-1140x855.jpg 1140w, https:\/\/atecordoba.org\/wp-content\/uploads\/2024\/09\/Untitled-design-2020-08-13T172404.823.jpg 1600w\" sizes=\"auto, (max-width: 300px) 100vw, 300px\" \/><\/a> <a href=\"https:\/\/atecordoba.org\/wp-content\/uploads\/2024\/09\/th-59-1.jpeg\"><img loading=\"lazy\" decoding=\"async\" class=\"alignnone size-full wp-image-45704\" src=\"https:\/\/atecordoba.org\/wp-content\/uploads\/2024\/09\/th-59-1.jpeg\" alt=\"\" width=\"272\" height=\"180\" \/><\/a><\/p>\n<p>En particular, la planta de R\u00edo Tercero ha despertado un gran inter\u00e9s debido a su capacidad para producir municiones de 150 mil\u00edmetros, utilizadas por la OTAN en el conflicto de Ucrania. La reactivaci\u00f3n de esta producci\u00f3n podr\u00eda tener graves consecuencias, no solo en t\u00e9rminos de p\u00e9rdida de soberan\u00eda, sino tambi\u00e9n en la alineaci\u00f3n de Argentina con un conflicto b\u00e9lico internacional.<\/p>\n<h3>El rol de la CONAE en la estrategia nacional<\/h3>\n<p><a href=\"https:\/\/atecordoba.org\/wp-content\/uploads\/2024\/09\/grupalyantenas_fotopresidenciadelanacion-1024x683-1.jpg\"><img loading=\"lazy\" decoding=\"async\" class=\"alignnone size-medium wp-image-45706\" src=\"https:\/\/atecordoba.org\/wp-content\/uploads\/2024\/09\/grupalyantenas_fotopresidenciadelanacion-1024x683-1-300x200.jpg\" alt=\"\" width=\"300\" height=\"200\" srcset=\"https:\/\/atecordoba.org\/wp-content\/uploads\/2024\/09\/grupalyantenas_fotopresidenciadelanacion-1024x683-1-300x200.jpg 300w, https:\/\/atecordoba.org\/wp-content\/uploads\/2024\/09\/grupalyantenas_fotopresidenciadelanacion-1024x683-1-768x512.jpg 768w, https:\/\/atecordoba.org\/wp-content\/uploads\/2024\/09\/grupalyantenas_fotopresidenciadelanacion-1024x683-1-750x500.jpg 750w, https:\/\/atecordoba.org\/wp-content\/uploads\/2024\/09\/grupalyantenas_fotopresidenciadelanacion-1024x683-1.jpg 1024w\" sizes=\"auto, (max-width: 300px) 100vw, 300px\" \/><\/a><\/p>\n<p>En este contexto, Emiliano Baum, delegado de ATE en la Comisi\u00f3n Nacional de Actividades Espaciales (CONAE), destac\u00f3 la importancia de las actividades que realiza esta instituci\u00f3n en la defensa y soberan\u00eda del pa\u00eds. Baum explic\u00f3 que <strong>&#8220;CONAE, a trav\u00e9s de im\u00e1genes satelitales, puede detectar focos de calor, obteniendo informaci\u00f3n crucial para prevenir incendios y combatir la pesca furtiva dentro de nuestra zona de exclusi\u00f3n&#8221;<\/strong>.<\/p>\n<p>Baum subray\u00f3 que el trabajo de CONAE es vital para la seguridad nacional, pero advirti\u00f3 que el plan de Milei pone en peligro toda la estructura de defensa del pa\u00eds, comprometiendo instituciones que son fundamentales para la protecci\u00f3n del territorio y los recursos nacionales.<\/p>\n<h3>Un futuro incierto para los trabajadores<\/h3>\n<p>El temor en ATE es que esta privatizaci\u00f3n no solo signifique la p\u00e9rdida de soberan\u00eda, sino tambi\u00e9n de miles de puestos de trabajo. <strong>&#8220;M\u00e1s de 60 mil contratos estatales podr\u00edan estar en peligro si se concretan estos planes&#8221;<\/strong>, advirti\u00f3 Giuliani, quien tambi\u00e9n record\u00f3 las protestas organizadas contra la visita del presidente Milei a C\u00f3rdoba y la violenta represi\u00f3n que sigui\u00f3.<\/p>\n<p>Giuliani expres\u00f3 su preocupaci\u00f3n por la falta de reacci\u00f3n de la oposici\u00f3n pol\u00edtica ante estas medidas, y pidi\u00f3 a la clase trabajadora, especialmente a las nuevas generaciones, que se movilicen para defender la soberan\u00eda y los derechos laborales en el pa\u00eds.<\/p>\n<h3>Conclusi\u00f3n<\/h3>\n<p>ATE C\u00f3rdoba continuar\u00e1 denunciando y resistiendo estos avances privatizadores y extranjerizantes que amenazan con desmantelar sectores estrat\u00e9gicos del pa\u00eds. La privatizaci\u00f3n de Fabricaciones Militares, junto con la presi\u00f3n internacional y el alineamiento del gobierno con Estados Unidos y la OTAN, podr\u00eda tener consecuencias devastadoras para la soberan\u00eda argentina y el empleo p\u00fablico.<\/p>\n","protected":false},"excerpt":{"rendered":"<p>&nbsp; &#8220;El 30 de septiembre las Fabricaciones Militares de nuestra provincia corren el riesgo de ser convertidas en Sociedades An\u00f3nimas, paso previo a su privatizaci\u00f3n&#8221;. As\u00ed lo advirti\u00f3 Federico Giuliani, secretario general de ATE C\u00f3rdoba, quien denunci\u00f3 que esta medida, facilitada por el DNU 70, permitir\u00e1 que capitales extranjeros, espec\u00edficamente de la Rep\u00fablica Checa y [&hellip;]<\/p>\n","protected":false},"author":3,"featured_media":45705,"comment_status":"open","ping_status":"open","sticky":false,"template":"","format":"standard","meta":{"_exactmetrics_skip_tracking":false,"_exactmetrics_sitenote_active":false,"_exactmetrics_sitenote_note":"","_exactmetrics_sitenote_category":0,"jnews-multi-image_gallery":[],"jnews_single_post":{"format":"standard","override":[{"template":"1","parallax":"1","fullscreen":"1","layout":"no-sidebar-narrow","sidebar":"default-sidebar","second_sidebar":"default-sidebar","sticky_sidebar":"1","share_position":"bottom","share_float_style":"share-monocrhome","show_share_counter":"1","show_view_counter":"1","show_post_meta":"1","show_post_author_image":"1","show_post_date":"1","post_date_format":"default","post_date_format_custom":"Y\/m\/d","show_post_category":"1","show_post_reading_time":"0","post_reading_time_wpm":"300","post_calculate_word_method":"str_word_count","show_zoom_button":"0","zoom_button_out_step":"2","zoom_button_in_step":"3","show_post_tag":"1","number_popup_post":"1","show_post_related":"1","show_inline_post_related":"0"}],"image_override":[{"single_post_thumbnail_size":"crop-500","single_post_gallery_size":"crop-500"}],"trending_post_position":"meta","trending_post_label":"Trending","sponsored_post_label":"Sponsored by","disable_ad":"0"},"jnews_primary_category":[],"jnews_social_meta":[],"jnews_review":[],"enable_review":"","type":"percentage","name":"","summary":"","brand":"","sku":"","good":[],"bad":[],"score_override":"","override_value":"","rating":[],"price":[],"jnews_override_counter":{"view_counter_number":"0","share_counter_number":"0","like_counter_number":"0","dislike_counter_number":"0"},"jnews_post_split":{"post_split":[{"template":"1","tag":"h2","numbering":"asc","mode":"normal","first":"0","enable_toc":"0","toc_type":"normal"}]},"footnotes":""},"categories":[10],"tags":[],"class_list":["post-45700","post","type-post","status-publish","format-standard","has-post-thumbnail","hentry","category-accion-politica"],"jetpack_featured_media_url":"https:\/\/atecordoba.org\/wp-content\/uploads\/2024\/09\/unnamed-4.jpg","_links":{"self":[{"href":"https:\/\/atecordoba.org\/index.php?rest_route=\/wp\/v2\/posts\/45700","targetHints":{"allow":["GET"]}}],"collection":[{"href":"https:\/\/atecordoba.org\/index.php?rest_route=\/wp\/v2\/posts"}],"about":[{"href":"https:\/\/atecordoba.org\/index.php?rest_route=\/wp\/v2\/types\/post"}],"author":[{"embeddable":true,"href":"https:\/\/atecordoba.org\/index.php?rest_route=\/wp\/v2\/users\/3"}],"replies":[{"embeddable":true,"href":"https:\/\/atecordoba.org\/index.php?rest_route=%2Fwp%2Fv2%2Fcomments&post=45700"}],"version-history":[{"count":1,"href":"https:\/\/atecordoba.org\/index.php?rest_route=\/wp\/v2\/posts\/45700\/revisions"}],"predecessor-version":[{"id":45707,"href":"https:\/\/atecordoba.org\/index.php?rest_route=\/wp\/v2\/posts\/45700\/revisions\/45707"}],"wp:featuredmedia":[{"embeddable":true,"href":"https:\/\/atecordoba.org\/index.php?rest_route=\/wp\/v2\/media\/45705"}],"wp:attachment":[{"href":"https:\/\/atecordoba.org\/index.php?rest_route=%2Fwp%2Fv2%2Fmedia&parent=45700"}],"wp:term":[{"taxonomy":"category","embeddable":true,"href":"https:\/\/atecordoba.org\/index.php?rest_route=%2Fwp%2Fv2%2Fcategories&post=45700"},{"taxonomy":"post_tag","embeddable":true,"href":"https:\/\/atecordoba.org\/index.php?rest_route=%2Fwp%2Fv2%2Ftags&post=45700"}],"curies":[{"name":"wp","href":"https:\/\/api.w.org\/{rel}","templated":true}]}}