{"id":45694,"date":"2024-09-18T11:16:51","date_gmt":"2024-09-18T14:16:51","guid":{"rendered":"https:\/\/atecordoba.org\/?p=45694"},"modified":"2024-09-18T12:19:18","modified_gmt":"2024-09-18T15:19:18","slug":"ate-va-al-paro-de-aeronauticos-este-jueves-y-afectara-a-27-aeropuertos-de-todo-el-pais","status":"publish","type":"post","link":"https:\/\/atecordoba.org\/?p=45694","title":{"rendered":"ATE va al paro de aeron\u00e1uticos este jueves y afectar\u00e1 a 27 aeropuertos de todo el pa\u00eds"},"content":{"rendered":"<p>\u201cDejen de echarle la culpa a los trabajadores por los vuelos que se cancelan. La paralizaci\u00f3n de las actividades es exclusiva responsabilidad del Gobierno nacional\u201d, indic\u00f3 Rodolfo Aguiar.<\/p>\n<p>La Asociaci\u00f3n Trabajadores del Estado (ATE) defini\u00f3 un paro de controladores a\u00e9reos de la Administraci\u00f3n Nacional de Aviaci\u00f3n Civil (ANAC) para el jueves 19 de septiembre en reclamo por la preocupante situaci\u00f3n salarial en el sector y en rechazo a los despidos.<\/p>\n<p>\u201cDejen de echarle la culpa a los trabajadores por los vuelos que se cancelan. La paralizaci\u00f3n de las actividades en los aeropuertos es exclusiva responsabilidad del Gobierno nacional. No son los paros los que ponen en riesgo a las empresas a\u00e9reas y favorecen su privatizaci\u00f3n, sino las pol\u00edticas del presidente Milei. Con despidos, congelamiento de salarios y desinversi\u00f3n presupuestaria, intentan rematar todo el patrimonio nacional\u201d, apunt\u00f3 Rodolfo Aguiar, Secretario General de ATE Nacional.<\/p>\n<p>\u201cEs mentira que el Presidente quiera destruir el Estado. Lo que realmente quiere es construir otro Estado. Un Estado que est\u00e9 al servicio de los poderes econ\u00f3micos concentrados y las multinacionales. El ajuste que pretenden sobre la ANAC es salvaje y absolutamente injustificado. Las auditor\u00edas internacionales dicen que falta personal, y este Gobierno pretende seguir reduciendo la planta laboral\u201d, se\u00f1al\u00f3 el dirigente.<\/p>\n<p>En esta l\u00ednea, Aguiar concluy\u00f3: \u201cEste jueves vamos a cesar en la prestaci\u00f3n de servicios en dos bloques horarios y durante ese per\u00edodo se garantizar\u00e1n solo los vuelos sanitarios, humanitarios y aeronaves de Estado. El mandato de las asambleas y plenarios es claro. Si no existen respuestas, las medidas se van a profundizar con el correr de los d\u00edas\u201d.<\/p>\n<p>El cese de la prestaci\u00f3n de servicios afectar\u00e1 a 27 aeropuertos en todo el pa\u00eds y se realizar\u00e1 en dos etapas: entre las 6 y las 12 en primera instancia; y luego entre las 17 y las 22.<\/p>\n<p>La ANAC es el organismo estatal que regula las actividades de aviaci\u00f3n civil en todo el territorio argentino. Su funci\u00f3n es regular y fiscalizar la aviaci\u00f3n civil del pa\u00eds para optimizar la seguridad operacional en el espacio a\u00e9reo argentino, como as\u00ed tambi\u00e9n en los aeropuertos y aer\u00f3dromos.<\/p>\n<p>Los motivos de la medida informada en la presente son:<\/p>\n<p>* Retrotraer los despidos de trabajadores del organismo<br \/>\n* Ser incluidos en \u00e1mbitos donde se discuta y se planteen modificaciones a procesos y normativas que afecten las funciones del organismo<br \/>\n* Reapertura de la Paritaria Sectorial para discutir una actualizaci\u00f3n salarial.<\/p>\n<p><a href=\"https:\/\/atecordoba.org\/wp-content\/uploads\/2024\/09\/8f2c4f39-979d-4b5f-833a-649dd8a56399.jpeg\"><img loading=\"lazy\" decoding=\"async\" class=\" wp-image-45695 alignleft\" src=\"https:\/\/atecordoba.org\/wp-content\/uploads\/2024\/09\/8f2c4f39-979d-4b5f-833a-649dd8a56399-175x300.jpeg\" alt=\"\" width=\"171\" height=\"294\" srcset=\"https:\/\/atecordoba.org\/wp-content\/uploads\/2024\/09\/8f2c4f39-979d-4b5f-833a-649dd8a56399-175x300.jpeg 175w, https:\/\/atecordoba.org\/wp-content\/uploads\/2024\/09\/8f2c4f39-979d-4b5f-833a-649dd8a56399-597x1024.jpeg 597w, https:\/\/atecordoba.org\/wp-content\/uploads\/2024\/09\/8f2c4f39-979d-4b5f-833a-649dd8a56399-768x1317.jpeg 768w, https:\/\/atecordoba.org\/wp-content\/uploads\/2024\/09\/8f2c4f39-979d-4b5f-833a-649dd8a56399-896x1536.jpeg 896w, https:\/\/atecordoba.org\/wp-content\/uploads\/2024\/09\/8f2c4f39-979d-4b5f-833a-649dd8a56399-750x1286.jpeg 750w, https:\/\/atecordoba.org\/wp-content\/uploads\/2024\/09\/8f2c4f39-979d-4b5f-833a-649dd8a56399.jpeg 933w\" sizes=\"auto, (max-width: 171px) 100vw, 171px\" \/><\/a><\/p>\n<p>Con respecto al primero de los puntos, ATE plante\u00f3 la contradicci\u00f3n que surge a partir de que el organismo se ve atravesado por una auditor\u00eda internacional que inform\u00f3 la falta personal id\u00f3neo en \u00e1reas espec\u00edficas de fiscalizaci\u00f3n. Por ende, es una incongruencia que mientras organismos internacionales enumeran la falta de personal, el Gobierno despida gente.<\/p>\n<p>Desde julio de este a\u00f1o, la ANAC se encuentra intervenida por el Ejecutivo nacional, lo que deriv\u00f3 en una serie de cambios normativos de los cuales los trabajadores del sector no son informados como corresponde, siendo que los mismos afectan a las labores diarias: tercerizaci\u00f3n de funciones, fusi\u00f3n de organismos, derogaci\u00f3n de licencias, entre otros.<\/p>\n<p>Por \u00faltimo, el sindicato inform\u00f3 que los trabajadores del sector perdieron 32 puntos de su poder adquisitivo en lo que va del a\u00f1o a ra\u00edz de la paritaria sectorial que no fue abierta en lo que va del a\u00f1o.<\/p>\n","protected":false},"excerpt":{"rendered":"<p>\u201cDejen de echarle la culpa a los trabajadores por los vuelos que se cancelan. La paralizaci\u00f3n de las actividades es exclusiva responsabilidad del Gobierno nacional\u201d, indic\u00f3 Rodolfo Aguiar. La Asociaci\u00f3n Trabajadores del Estado (ATE) defini\u00f3 un paro de controladores a\u00e9reos de la Administraci\u00f3n Nacional de Aviaci\u00f3n Civil (ANAC) para el jueves 19 de septiembre en [&hellip;]<\/p>\n","protected":false},"author":3,"featured_media":45697,"comment_status":"open","ping_status":"open","sticky":false,"template":"","format":"standard","meta":{"_exactmetrics_skip_tracking":false,"_exactmetrics_sitenote_active":false,"_exactmetrics_sitenote_note":"","_exactmetrics_sitenote_category":0,"jnews-multi-image_gallery":[],"jnews_single_post":{"format":"standard","override":[{"template":"1","parallax":"1","fullscreen":"1","layout":"no-sidebar-narrow","sidebar":"default-sidebar","second_sidebar":"default-sidebar","sticky_sidebar":"1","share_position":"bottom","share_float_style":"share-monocrhome","show_share_counter":"1","show_view_counter":"1","show_post_meta":"1","show_post_author_image":"1","show_post_date":"1","post_date_format":"default","post_date_format_custom":"Y\/m\/d","show_post_category":"1","show_post_reading_time":"0","post_reading_time_wpm":"300","post_calculate_word_method":"str_word_count","show_zoom_button":"0","zoom_button_out_step":"2","zoom_button_in_step":"3","show_post_tag":"1","number_popup_post":"1","show_post_related":"1","show_inline_post_related":"0"}],"image_override":[{"single_post_thumbnail_size":"crop-500","single_post_gallery_size":"crop-500"}],"trending_post_position":"meta","trending_post_label":"Trending","sponsored_post_label":"Sponsored by","disable_ad":"0"},"jnews_primary_category":[],"jnews_social_meta":[],"jnews_review":[],"enable_review":"","type":"percentage","name":"","summary":"","brand":"","sku":"","good":[],"bad":[],"score_override":"","override_value":"","rating":[],"price":[],"jnews_override_counter":{"view_counter_number":"0","share_counter_number":"0","like_counter_number":"0","dislike_counter_number":"0"},"jnews_post_split":{"post_split":[{"template":"1","tag":"h2","numbering":"asc","mode":"normal","first":"0","enable_toc":"0","toc_type":"normal"}]},"footnotes":""},"categories":[10,1385],"tags":[],"class_list":["post-45694","post","type-post","status-publish","format-standard","has-post-thumbnail","hentry","category-accion-politica","category-anac"],"jetpack_featured_media_url":"https:\/\/atecordoba.org\/wp-content\/uploads\/2024\/09\/QZ3UWTBOTFBRVLKUH6J64ORVPM.avif","_links":{"self":[{"href":"https:\/\/atecordoba.org\/index.php?rest_route=\/wp\/v2\/posts\/45694","targetHints":{"allow":["GET"]}}],"collection":[{"href":"https:\/\/atecordoba.org\/index.php?rest_route=\/wp\/v2\/posts"}],"about":[{"href":"https:\/\/atecordoba.org\/index.php?rest_route=\/wp\/v2\/types\/post"}],"author":[{"embeddable":true,"href":"https:\/\/atecordoba.org\/index.php?rest_route=\/wp\/v2\/users\/3"}],"replies":[{"embeddable":true,"href":"https:\/\/atecordoba.org\/index.php?rest_route=%2Fwp%2Fv2%2Fcomments&post=45694"}],"version-history":[{"count":1,"href":"https:\/\/atecordoba.org\/index.php?rest_route=\/wp\/v2\/posts\/45694\/revisions"}],"predecessor-version":[{"id":45698,"href":"https:\/\/atecordoba.org\/index.php?rest_route=\/wp\/v2\/posts\/45694\/revisions\/45698"}],"wp:featuredmedia":[{"embeddable":true,"href":"https:\/\/atecordoba.org\/index.php?rest_route=\/wp\/v2\/media\/45697"}],"wp:attachment":[{"href":"https:\/\/atecordoba.org\/index.php?rest_route=%2Fwp%2Fv2%2Fmedia&parent=45694"}],"wp:term":[{"taxonomy":"category","embeddable":true,"href":"https:\/\/atecordoba.org\/index.php?rest_route=%2Fwp%2Fv2%2Fcategories&post=45694"},{"taxonomy":"post_tag","embeddable":true,"href":"https:\/\/atecordoba.org\/index.php?rest_route=%2Fwp%2Fv2%2Ftags&post=45694"}],"curies":[{"name":"wp","href":"https:\/\/api.w.org\/{rel}","templated":true}]}}